{"id":8823,"date":"2021-03-19T09:19:08","date_gmt":"2021-03-19T08:19:08","guid":{"rendered":"https:\/\/projectes.xtec.cat\/empresafp\/?p=8823"},"modified":"2021-03-19T09:19:08","modified_gmt":"2021-03-19T08:19:08","slug":"des-del-programa-empresafp-organitzem-la-conferencia-el-proces-de-la-venda-de-serveis-professionals-a-les-empreses-per-part-dels-centres-de-formacio-professional","status":"publish","type":"post","link":"https:\/\/projectes.xtec.cat\/empresafp\/portada\/empresa-fp\/des-del-programa-empresafp-organitzem-la-conferencia-el-proces-de-la-venda-de-serveis-professionals-a-les-empreses-per-part-dels-centres-de-formacio-professional\/","title":{"rendered":"Des del Programa EmpresaFP organitzem la conferencia: El proc\u00e9s de la venda de serveis professionals a les empreses per part dels centres de formaci\u00f3 professional"},"content":{"rendered":"<p> El proper 12 d\u2019abril de 18:00 a 20:00 h, els professors Joan Farr\u00e9s Riera i Llu\u00eds Torrent Maynau ens explicaran com realitzar El proc\u00e9s de la venda de serveis professionals a les empreses per part dels centres de formaci\u00f3 professional.<\/p>\n<p>Amb aquesta formaci\u00f3 aportaran t\u00e8cniques per comunicar el cat\u00e0leg de serveis a les  empreses, amb la finalitat de millorar i augmentar les col\u00b7laboracions amb l\u2019empresa i la competitivitat del centre educatiu.<\/p>\n<p>Aquesta confer\u00e8ncia tindr\u00e0 una certificaci\u00f3 de dues hores.<\/p>\n<p><a href=\"https:\/\/aplicacions.gestioeducativa.gencat.cat\/pls\/soloas\/pk_for_mod_ins.p_for_detall_activitat?p_header=Llista%20d%27activitats%5Epk_for_mod_ins.p_for_cons_activitats?p_totes=N%26p_inici=1%26p_excloure_crp_rec=T&#038;p_codi=0005700600&#038;p_curs=2020-2021&#038;p_excloure_crp_rec=T\">Apunta&#8217;t aqui.<\/a> (Places limitades)<\/p>\n<p><a href=\"https:\/\/projectes.xtec.cat\/empresafp\/wp-content\/uploads\/usu779\/2021\/03\/cartell-1.png\"><img loading=\"lazy\" decoding=\"async\" src=\"https:\/\/projectes.xtec.cat\/empresafp\/wp-content\/uploads\/usu779\/2021\/03\/cartell-1.png\" alt=\"\" width=\"317\" height=\"796\" class=\"alignnone size-full wp-image-8825\" srcset=\"https:\/\/projectes.xtec.cat\/empresafp\/wp-content\/uploads\/usu779\/2021\/03\/cartell-1.png 317w, https:\/\/projectes.xtec.cat\/empresafp\/wp-content\/uploads\/usu779\/2021\/03\/cartell-1-119x300.png 119w\" sizes=\"auto, (max-width: 317px) 100vw, 317px\" \/><\/a><\/p>\n","protected":false},"excerpt":{"rendered":"<p> El proper 12 d\u2019abril de 18:00 a 20:00 h, els professors Joan Farr\u00e9s Riera i Llu\u00eds Torrent Maynau ens explicaran com realitzar El proc\u00e9s de la venda de serveis professionals a les empreses per part dels centres de formaci\u00f3 professional.<br \/>\nAmb aquesta formaci\u00f3 aportaran t\u00e8cniques&hellip;  <a href=\"https:\/\/projectes.xtec.cat\/empresafp\/portada\/empresa-fp\/des-del-programa-empresafp-organitzem-la-conferencia-el-proces-de-la-venda-de-serveis-professionals-a-les-empreses-per-part-dels-centres-de-formacio-professional\/\" title=\"Read Des del Programa EmpresaFP organitzem la conferencia: El proc\u00e9s de la venda de serveis professionals a les empreses per part dels centres de formaci\u00f3 professional\">Llegeix m\u00e9s\u00bb<\/a><\/p>\n","protected":false},"author":16,"featured_media":8824,"comment_status":"open","ping_status":"closed","sticky":false,"template":"","format":"standard","meta":{"_bbp_topic_count":0,"_bbp_reply_count":0,"_bbp_total_topic_count":0,"_bbp_total_reply_count":0,"_bbp_voice_count":0,"_bbp_anonymous_reply_count":0,"_bbp_topic_count_hidden":0,"_bbp_reply_count_hidden":0,"_bbp_forum_subforum_count":0,"footnotes":""},"categories":[285],"tags":[],"class_list":["post-8823","post","type-post","status-publish","format-standard","has-post-thumbnail","hentry","category-empresa-fp"],"post_mailing_queue_ids":[],"_links":{"self":[{"href":"https:\/\/projectes.xtec.cat\/empresafp\/wp-json\/wp\/v2\/posts\/8823","targetHints":{"allow":["GET"]}}],"collection":[{"href":"https:\/\/projectes.xtec.cat\/empresafp\/wp-json\/wp\/v2\/posts"}],"about":[{"href":"https:\/\/projectes.xtec.cat\/empresafp\/wp-json\/wp\/v2\/types\/post"}],"author":[{"embeddable":true,"href":"https:\/\/projectes.xtec.cat\/empresafp\/wp-json\/wp\/v2\/users\/16"}],"replies":[{"embeddable":true,"href":"https:\/\/projectes.xtec.cat\/empresafp\/wp-json\/wp\/v2\/comments?post=8823"}],"version-history":[{"count":1,"href":"https:\/\/projectes.xtec.cat\/empresafp\/wp-json\/wp\/v2\/posts\/8823\/revisions"}],"predecessor-version":[{"id":8826,"href":"https:\/\/projectes.xtec.cat\/empresafp\/wp-json\/wp\/v2\/posts\/8823\/revisions\/8826"}],"wp:featuredmedia":[{"embeddable":true,"href":"https:\/\/projectes.xtec.cat\/empresafp\/wp-json\/wp\/v2\/media\/8824"}],"wp:attachment":[{"href":"https:\/\/projectes.xtec.cat\/empresafp\/wp-json\/wp\/v2\/media?parent=8823"}],"wp:term":[{"taxonomy":"category","embeddable":true,"href":"https:\/\/projectes.xtec.cat\/empresafp\/wp-json\/wp\/v2\/categories?post=8823"},{"taxonomy":"post_tag","embeddable":true,"href":"https:\/\/projectes.xtec.cat\/empresafp\/wp-json\/wp\/v2\/tags?post=8823"}],"curies":[{"name":"wp","href":"https:\/\/api.w.org\/{rel}","templated":true}]}}