{"id":8827,"date":"2021-04-09T16:15:59","date_gmt":"2021-04-09T14:15:59","guid":{"rendered":"https:\/\/projectes.xtec.cat\/empresafp\/?p=8827"},"modified":"2021-04-09T16:17:44","modified_gmt":"2021-04-09T14:17:44","slug":"jornada-de-presentacio-dels-diferents-programes-i-projectes-dfp-per-als-nous-centres","status":"publish","type":"post","link":"https:\/\/projectes.xtec.cat\/empresafp\/portada\/empresa-fp\/jornada-de-presentacio-dels-diferents-programes-i-projectes-dfp-per-als-nous-centres\/","title":{"rendered":"Jornada de presentaci\u00f3 dels diferents Programes i Projectes d\u2019FP per als nous centres"},"content":{"rendered":"<p>La Subdirecci\u00f3 General de Programes i Projectes us convida a la Jornada de presentaci\u00f3 dels diferents Programes i Projectes d\u2019FP per als nous centres, que es celebrar\u00e0 els dies 14, 16 i 19 en format virtual.<\/p>\n<p>Podeu trobar tota la informaci\u00f3 en el seg\u00fcent enlla\u00e7: <a href=\"https:\/\/sites.google.com\/xtec.cat\/presentacioprogrames\/jornada-programes-fp\">https:\/\/sites.google.com\/xtec.cat\/presentacioprogrames\/jornada-programes-fp<\/a><\/p>\n<p><a href=\"https:\/\/projectes.xtec.cat\/empresafp\/wp-content\/uploads\/usu779\/2021\/04\/Captura-de-pantalla-2021-04-09-a-las-16.15.11.png\"><img loading=\"lazy\" decoding=\"async\" class=\"size-full wp-image-8828 aligncenter\" src=\"https:\/\/projectes.xtec.cat\/empresafp\/wp-content\/uploads\/usu779\/2021\/04\/Captura-de-pantalla-2021-04-09-a-las-16.15.11.png\" alt=\"\" width=\"647\" height=\"400\" srcset=\"https:\/\/projectes.xtec.cat\/empresafp\/wp-content\/uploads\/usu779\/2021\/04\/Captura-de-pantalla-2021-04-09-a-las-16.15.11.png 647w, https:\/\/projectes.xtec.cat\/empresafp\/wp-content\/uploads\/usu779\/2021\/04\/Captura-de-pantalla-2021-04-09-a-las-16.15.11-300x185.png 300w\" sizes=\"auto, (max-width: 647px) 100vw, 647px\" \/><\/a><\/p>\n<p>Adre\u00e7ada als centres de Formaci\u00f3 Professional i Ensenyaments de R\u00e8gim Especial de Catalunya que estan pensant en sol\u00b7licitar la seva participaci\u00f3 en algun dels Programes i Projectes d\u2019aquesta Subdirecci\u00f3 el proper curs 2021-2022, i que per tant, encara no hi participen.<\/p>\n<p>Els Programes d\u2019Innovaci\u00f3 consisteixen en plans d\u2019acci\u00f3 que el Departament d\u2019Educaci\u00f3 prioritza i impulsa, i que tenen com a finalitat millorar els resultats del sistema educatiu adequant-lo al canvi i a l\u2019evoluci\u00f3 social. Amb la mateixa finalitat tamb\u00e9 s\u2019inclouen les iniciatives d\u2019altres institucions amb les quals el Departament col\u00b7labora mitjan\u00e7ant acords o convenis. (Article 2 Ordre Ens\/303\/2015).<\/p>\n<p>Aquests programes volen ajudar a impulsar diferents accions d\u2019innovaci\u00f3 a trav\u00e9s de la informaci\u00f3, formaci\u00f3 i treball en xarxa dels diferents centres educatius que treballen cooperativament als diferents programes. La participaci\u00f3 als programes est\u00e0 oberta a tot el professorat, per\u00f2 \u00e9s convenient que vinguin acompanyats del director\/a o d\u2019algun altre c\u00e0rrec directiu.<\/p>\n<p>Esperem que aquesta informaci\u00f3 sigui del vostre inter\u00e8s.<\/p>\n","protected":false},"excerpt":{"rendered":"<p>La Subdirecci\u00f3 General de Programes i Projectes us convida a la Jornada de presentaci\u00f3 dels diferents Programes i Projectes d\u2019FP per als nous centres, que es celebrar\u00e0 els dies 14, 16 i 19 en format virtual.<br \/>\nPodeu trobar tota la informaci\u00f3 en el seg\u00fcent enlla\u00e7: <a&hellip;  <a href=\"https:\/\/projectes.xtec.cat\/empresafp\/portada\/empresa-fp\/jornada-de-presentacio-dels-diferents-programes-i-projectes-dfp-per-als-nous-centres\/\" title=\"Read Jornada de presentaci\u00f3 dels diferents Programes i Projectes d\u2019FP per als nous centres\">Llegeix m\u00e9s\u00bb<\/a><\/p>\n","protected":false},"author":16,"featured_media":8828,"comment_status":"open","ping_status":"closed","sticky":false,"template":"","format":"standard","meta":{"_bbp_topic_count":0,"_bbp_reply_count":0,"_bbp_total_topic_count":0,"_bbp_total_reply_count":0,"_bbp_voice_count":0,"_bbp_anonymous_reply_count":0,"_bbp_topic_count_hidden":0,"_bbp_reply_count_hidden":0,"_bbp_forum_subforum_count":0,"footnotes":""},"categories":[285],"tags":[],"class_list":["post-8827","post","type-post","status-publish","format-standard","has-post-thumbnail","hentry","category-empresa-fp"],"post_mailing_queue_ids":[],"_links":{"self":[{"href":"https:\/\/projectes.xtec.cat\/empresafp\/wp-json\/wp\/v2\/posts\/8827","targetHints":{"allow":["GET"]}}],"collection":[{"href":"https:\/\/projectes.xtec.cat\/empresafp\/wp-json\/wp\/v2\/posts"}],"about":[{"href":"https:\/\/projectes.xtec.cat\/empresafp\/wp-json\/wp\/v2\/types\/post"}],"author":[{"embeddable":true,"href":"https:\/\/projectes.xtec.cat\/empresafp\/wp-json\/wp\/v2\/users\/16"}],"replies":[{"embeddable":true,"href":"https:\/\/projectes.xtec.cat\/empresafp\/wp-json\/wp\/v2\/comments?post=8827"}],"version-history":[{"count":3,"href":"https:\/\/projectes.xtec.cat\/empresafp\/wp-json\/wp\/v2\/posts\/8827\/revisions"}],"predecessor-version":[{"id":8831,"href":"https:\/\/projectes.xtec.cat\/empresafp\/wp-json\/wp\/v2\/posts\/8827\/revisions\/8831"}],"wp:featuredmedia":[{"embeddable":true,"href":"https:\/\/projectes.xtec.cat\/empresafp\/wp-json\/wp\/v2\/media\/8828"}],"wp:attachment":[{"href":"https:\/\/projectes.xtec.cat\/empresafp\/wp-json\/wp\/v2\/media?parent=8827"}],"wp:term":[{"taxonomy":"category","embeddable":true,"href":"https:\/\/projectes.xtec.cat\/empresafp\/wp-json\/wp\/v2\/categories?post=8827"},{"taxonomy":"post_tag","embeddable":true,"href":"https:\/\/projectes.xtec.cat\/empresafp\/wp-json\/wp\/v2\/tags?post=8827"}],"curies":[{"name":"wp","href":"https:\/\/api.w.org\/{rel}","templated":true}]}}