{"id":8836,"date":"2021-04-12T11:05:03","date_gmt":"2021-04-12T09:05:03","guid":{"rendered":"https:\/\/projectes.xtec.cat\/empresafp\/?p=8836"},"modified":"2021-04-12T11:05:06","modified_gmt":"2021-04-12T09:05:06","slug":"segona-edicio-de-les-24h-dinnovacio-barcelona-per-dualiza-bankia","status":"publish","type":"post","link":"https:\/\/projectes.xtec.cat\/empresafp\/portada\/empresa-fp\/segona-edicio-de-les-24h-dinnovacio-barcelona-per-dualiza-bankia\/","title":{"rendered":"Segona edici\u00f3 de les 24H d\u2019Innovaci\u00f3 Barcelona per Dualiza Bankia"},"content":{"rendered":"<p>&nbsp;<\/p>\n<p><a href=\"https:\/\/projectes.xtec.cat\/empresafp\/wp-content\/uploads\/usu779\/2021\/04\/Captura-de-pantalla-2021-04-12-a-las-11.04.06.png\"><img loading=\"lazy\" decoding=\"async\" class=\"size-full wp-image-8837 aligncenter\" src=\"https:\/\/projectes.xtec.cat\/empresafp\/wp-content\/uploads\/usu779\/2021\/04\/Captura-de-pantalla-2021-04-12-a-las-11.04.06.png\" alt=\"\" width=\"1005\" height=\"372\" srcset=\"https:\/\/projectes.xtec.cat\/empresafp\/wp-content\/uploads\/usu779\/2021\/04\/Captura-de-pantalla-2021-04-12-a-las-11.04.06.png 1005w, https:\/\/projectes.xtec.cat\/empresafp\/wp-content\/uploads\/usu779\/2021\/04\/Captura-de-pantalla-2021-04-12-a-las-11.04.06-300x111.png 300w, https:\/\/projectes.xtec.cat\/empresafp\/wp-content\/uploads\/usu779\/2021\/04\/Captura-de-pantalla-2021-04-12-a-las-11.04.06-768x284.png 768w\" sizes=\"auto, (max-width: 1005px) 100vw, 1005px\" \/><\/a><\/p>\n<p>La segona edici\u00f3 de les 24H d\u2019Innovaci\u00f3 Barcelona per Dualiza Bankia que se celebrar\u00e0 el 15 d\u2019abril \u00e9s un esdeveniment organitzat i finan\u00e7at pel Departament d\u2019Educaci\u00f3 de la Generalitat de Catalunya i per la Fundaci\u00f3n Bankia para la Formaci\u00f3n Dual.<\/p>\n<p>Aquesta iniciativa neix de la unitat d\u2019innovaci\u00f3 de la Direcci\u00f3 General d\u2019FP i Ensenyaments de R\u00e8gim Especial, ImpulsFP, i concretament del programa InnovaFP que, amb aquesta hackat\u00f3, pret\u00e9n apropar el talent i el potencial creatiu de l\u2019FP a l\u2019empresa mitjan\u00e7ant reptes empresarials que els participants han de solucionar en 24 hores.<\/p>\n<p>Aquest 2021, a difer\u00e8ncia de la primera edici\u00f3 del 2019 on l\u2019esdeveniment va ser presencial, les 24H seran totalment virtuals a causa de les restriccions provocades per la pand\u00e8mia de la COVID-19.<\/p>\n<p>Els 200 participants es distribuiran en 24 equips i tindran com a objectiu trobar solucions en 24 hores a reptes proposats per empreses de diferents \u00e0mbits i especialitats: m\u00e0rqueting, inform\u00e0tica, salut, fabricaci\u00f3, electr\u00f2nica, automoci\u00f3 o qu\u00edmica, entre d\u2019altres. Les seves propostes de solucions podran ser, de la mateixa manera, diverses: productes, software, serveis o creacions art\u00edstiques sense limitacions creatives o d\u2019originalitat.<\/p>\n<p>Els equips, formats per estudiants d\u2019FP provinents de tot Catalunya que es connectaran virtualment a trav\u00e9s de plataformes col\u00b7laboratives per treballar en la soluci\u00f3 al repte plantejat, seran multidisciplinars perqu\u00e8 la suma de les seves capacitats, enginy i talents diversos els permeti desenvolupar idees i conceptes innovadors. Els equips es formaran a l\u2019atzar i comptaran amb un docent que mentoritzar\u00e0 el grup durant tot el proc\u00e9s d\u2019elaboraci\u00f3 de la proposta i un assessor per a la presentaci\u00f3 final.<\/p>\n<p>Els alumnes hauran, doncs, d\u2019idear, prototipar i presentar una soluci\u00f3 al repte que se\u2019ls ha proposat i tindran a disposici\u00f3 diferents eines per a fer possible tot all\u00f2 que vulguin com a soluci\u00f3. Els projectes seran despr\u00e9s avaluats per un jurat i s\u2019atorgar\u00e0 un primer premi i un segon premi sota els seg\u00fcents criteris d\u2019avaluaci\u00f3:<\/p>\n<ul>\n<li aria-level=\"1\">Originalitat, creativitat i innovaci\u00f3 de les solucions i conceptes<\/li>\n<li aria-level=\"1\">Respecte del medi ambient, desenvolupament sostenible<\/li>\n<li aria-level=\"1\">Viabilitat t\u00e8cnica i econ\u00f2mica<\/li>\n<li aria-level=\"1\">Rellev\u00e0ncia per a les necessitats dels usuaris.<\/li>\n<\/ul>\n<p>&nbsp;<\/p>\n<p>Aix\u00ed doncs, esperem que aquesta segona edici\u00f3 virtual de les 24H d\u2019Innovaci\u00f3 Barcelona per Dualiza Bankia tingui tant d\u2019\u00e8xit com la<a href=\"https:\/\/www.youtube.com\/watch?v=Td5DsqsnhYQ\"> primera<\/a> i que la participaci\u00f3 tant d\u2019empreses com de centres i d\u2019alumnat evidenci\u00ef altra vegada que l\u2019FP Dual \u00e9s una formaci\u00f3 de futur.<\/p>\n<p>&nbsp;<\/p>\n<p>Junts per innovar i inventar el m\u00f3n del dem\u00e0.<\/p>\n<p><a href=\"https:\/\/www.24hbcn.com\/ca\/\">M\u00e9s informaci\u00f2 aqu\u00ed.<\/a><\/p>\n","protected":false},"excerpt":{"rendered":"<p>&nbsp;<br \/>\n<a href=\"https:\/\/projectes.xtec.cat\/empresafp\/wp-content\/uploads\/usu779\/2021\/04\/Captura-de-pantalla-2021-04-12-a-las-11.04.06.png\"><\/a><br \/>\nLa segona edici\u00f3 de les 24H d\u2019Innovaci\u00f3 Barcelona per Dualiza Bankia que se celebrar\u00e0 el 15 d\u2019abril \u00e9s un esdeveniment organitzat i finan\u00e7at pel Departament d\u2019Educaci\u00f3 de la Generalitat de Catalunya i per la Fundaci\u00f3n Bankia para la Formaci\u00f3n Dual.<br \/>\nAquesta iniciativa neix de la&hellip;  <a href=\"https:\/\/projectes.xtec.cat\/empresafp\/portada\/empresa-fp\/segona-edicio-de-les-24h-dinnovacio-barcelona-per-dualiza-bankia\/\" title=\"Read Segona edici\u00f3 de les 24H d\u2019Innovaci\u00f3 Barcelona per Dualiza Bankia\">Llegeix m\u00e9s\u00bb<\/a><\/p>\n","protected":false},"author":16,"featured_media":8837,"comment_status":"open","ping_status":"closed","sticky":false,"template":"","format":"standard","meta":{"_bbp_topic_count":0,"_bbp_reply_count":0,"_bbp_total_topic_count":0,"_bbp_total_reply_count":0,"_bbp_voice_count":0,"_bbp_anonymous_reply_count":0,"_bbp_topic_count_hidden":0,"_bbp_reply_count_hidden":0,"_bbp_forum_subforum_count":0,"footnotes":""},"categories":[285],"tags":[],"class_list":["post-8836","post","type-post","status-publish","format-standard","has-post-thumbnail","hentry","category-empresa-fp"],"post_mailing_queue_ids":[],"_links":{"self":[{"href":"https:\/\/projectes.xtec.cat\/empresafp\/wp-json\/wp\/v2\/posts\/8836","targetHints":{"allow":["GET"]}}],"collection":[{"href":"https:\/\/projectes.xtec.cat\/empresafp\/wp-json\/wp\/v2\/posts"}],"about":[{"href":"https:\/\/projectes.xtec.cat\/empresafp\/wp-json\/wp\/v2\/types\/post"}],"author":[{"embeddable":true,"href":"https:\/\/projectes.xtec.cat\/empresafp\/wp-json\/wp\/v2\/users\/16"}],"replies":[{"embeddable":true,"href":"https:\/\/projectes.xtec.cat\/empresafp\/wp-json\/wp\/v2\/comments?post=8836"}],"version-history":[{"count":2,"href":"https:\/\/projectes.xtec.cat\/empresafp\/wp-json\/wp\/v2\/posts\/8836\/revisions"}],"predecessor-version":[{"id":8839,"href":"https:\/\/projectes.xtec.cat\/empresafp\/wp-json\/wp\/v2\/posts\/8836\/revisions\/8839"}],"wp:featuredmedia":[{"embeddable":true,"href":"https:\/\/projectes.xtec.cat\/empresafp\/wp-json\/wp\/v2\/media\/8837"}],"wp:attachment":[{"href":"https:\/\/projectes.xtec.cat\/empresafp\/wp-json\/wp\/v2\/media?parent=8836"}],"wp:term":[{"taxonomy":"category","embeddable":true,"href":"https:\/\/projectes.xtec.cat\/empresafp\/wp-json\/wp\/v2\/categories?post=8836"},{"taxonomy":"post_tag","embeddable":true,"href":"https:\/\/projectes.xtec.cat\/empresafp\/wp-json\/wp\/v2\/tags?post=8836"}],"curies":[{"name":"wp","href":"https:\/\/api.w.org\/{rel}","templated":true}]}}