{"id":8869,"date":"2021-05-04T08:05:37","date_gmt":"2021-05-04T06:05:37","guid":{"rendered":"https:\/\/projectes.xtec.cat\/empresafp\/?p=8869"},"modified":"2021-05-04T08:05:37","modified_gmt":"2021-05-04T06:05:37","slug":"2-mostra-dimpulsfp-online","status":"publish","type":"post","link":"https:\/\/projectes.xtec.cat\/empresafp\/portada\/empresa-fp\/2-mostra-dimpulsfp-online\/","title":{"rendered":"2 Mostra d&#8217;ImpulsFP online"},"content":{"rendered":"<div>El pr\u00f2xim 11 i 12 de maig, se celebrar\u00e0 la <b>2\u00ba Mostra d&#8217;ImpulsFP online<\/b> dirigida a alumnes i docents, per mostrar el talent i compartir experi\u00e8ncies, reunir i evidenciar el valor social, econ\u00f2mic i laboral de la Formaci\u00f3 Professional.<\/div>\n<div><\/div>\n<div><a href=\"https:\/\/projectes.xtec.cat\/empresafp\/wp-content\/uploads\/usu779\/2021\/05\/Impuls-.png\"><img loading=\"lazy\" decoding=\"async\" class=\"alignnone size-large wp-image-8870\" src=\"https:\/\/projectes.xtec.cat\/empresafp\/wp-content\/uploads\/usu779\/2021\/05\/Impuls--512x1024.png\" alt=\"\" width=\"512\" height=\"1024\" srcset=\"https:\/\/projectes.xtec.cat\/empresafp\/wp-content\/uploads\/usu779\/2021\/05\/Impuls--512x1024.png 512w, https:\/\/projectes.xtec.cat\/empresafp\/wp-content\/uploads\/usu779\/2021\/05\/Impuls--150x300.png 150w, https:\/\/projectes.xtec.cat\/empresafp\/wp-content\/uploads\/usu779\/2021\/05\/Impuls-.png 640w\" sizes=\"auto, (max-width: 512px) 100vw, 512px\" \/><\/a><\/div>\n<div>\n<div><\/div>\n<div>Per tal de poder portar a terme la segona mostra d\u00b4ImpulsFP de manera online, se celebrar\u00e0 una jornada per streaming l&#8217;11 de maig de 9:00 h a 12:00 h i el 12 de maig de 9:00 h a 11:30 h, amb diferents xerrades,\u00a0 taules rodones i presentacions dels diferents projectes dels programes: OrientaFP, ActivaFP, FuturaFP, Catskills, InnovaFP i Empr\u00e8nFP.<\/div>\n<div><\/div>\n<div>A m\u00e9s a m\u00e9s, professorat de tot Catalunya, compartir\u00e0 bones pr\u00e0ctiques per tem\u00e0tiques (eines, metodologies i projectes), coneixerem casos d&#8217;\u00e8xit de projectes emprenedors i gaudirem de la\u00a0 pon\u00e8ncia de Celeste Carrasco, cap de producci\u00f3 del Teatre Real de Madrid i exalumna d&#8217;FP dual.<\/div>\n<div><\/div>\n<div>La 2\u00ba Mostra d&#8217;ImpulsFP online<b>, <\/b>cerca apropar la innovaci\u00f3 en diferents \u00e0mbits, per ajudar a donar valor afegit a l&#8217;estudiant com a professional amb la col\u00b7laboraci\u00f3 de Fundaci\u00f3n Bankia por la Formaci\u00f3 Dual. Us podeu inscriure\u00a0 a trav\u00e9s del web:<\/div>\n<div><\/div>\n<\/div>\n<div><\/div>\n<div><a href=\"https:\/\/www.mostraimpulsfp.cat\/\" target=\"_blank\" rel=\"noopener noreferrer\" data-saferedirecturl=\"https:\/\/www.google.com\/url?q=https:\/\/www.mostraimpulsfp.cat\/&amp;source=gmail&amp;ust=1620193964045000&amp;usg=AFQjCNFq3OoEZOE83wUUE0e8pnsiECepFw\">https:\/\/www.mostraimpulsfp.<wbr \/>cat\/<\/a><\/div>\n","protected":false},"excerpt":{"rendered":"<p>El pr\u00f2xim 11 i 12 de maig, se celebrar\u00e0 la 2\u00ba Mostra d&#8217;ImpulsFP online dirigida a alumnes i docents, per mostrar el talent i compartir experi\u00e8ncies, reunir i evidenciar el valor social, econ\u00f2mic i laboral de la Formaci\u00f3 Professional.<\/p>\n<p><a href=\"https:\/\/projectes.xtec.cat\/empresafp\/wp-content\/uploads\/usu779\/2021\/05\/Impuls-.png\"><\/a><\/p>\n<p>Per tal de poder portar a&hellip;  <a href=\"https:\/\/projectes.xtec.cat\/empresafp\/portada\/empresa-fp\/2-mostra-dimpulsfp-online\/\" title=\"Read 2 Mostra d&#8217;ImpulsFP online\">Llegeix m\u00e9s\u00bb<\/a><\/p>\n","protected":false},"author":16,"featured_media":8870,"comment_status":"open","ping_status":"closed","sticky":false,"template":"","format":"standard","meta":{"_bbp_topic_count":0,"_bbp_reply_count":0,"_bbp_total_topic_count":0,"_bbp_total_reply_count":0,"_bbp_voice_count":0,"_bbp_anonymous_reply_count":0,"_bbp_topic_count_hidden":0,"_bbp_reply_count_hidden":0,"_bbp_forum_subforum_count":0,"footnotes":""},"categories":[285],"tags":[],"class_list":["post-8869","post","type-post","status-publish","format-standard","has-post-thumbnail","hentry","category-empresa-fp"],"post_mailing_queue_ids":[],"_links":{"self":[{"href":"https:\/\/projectes.xtec.cat\/empresafp\/wp-json\/wp\/v2\/posts\/8869","targetHints":{"allow":["GET"]}}],"collection":[{"href":"https:\/\/projectes.xtec.cat\/empresafp\/wp-json\/wp\/v2\/posts"}],"about":[{"href":"https:\/\/projectes.xtec.cat\/empresafp\/wp-json\/wp\/v2\/types\/post"}],"author":[{"embeddable":true,"href":"https:\/\/projectes.xtec.cat\/empresafp\/wp-json\/wp\/v2\/users\/16"}],"replies":[{"embeddable":true,"href":"https:\/\/projectes.xtec.cat\/empresafp\/wp-json\/wp\/v2\/comments?post=8869"}],"version-history":[{"count":1,"href":"https:\/\/projectes.xtec.cat\/empresafp\/wp-json\/wp\/v2\/posts\/8869\/revisions"}],"predecessor-version":[{"id":8871,"href":"https:\/\/projectes.xtec.cat\/empresafp\/wp-json\/wp\/v2\/posts\/8869\/revisions\/8871"}],"wp:featuredmedia":[{"embeddable":true,"href":"https:\/\/projectes.xtec.cat\/empresafp\/wp-json\/wp\/v2\/media\/8870"}],"wp:attachment":[{"href":"https:\/\/projectes.xtec.cat\/empresafp\/wp-json\/wp\/v2\/media?parent=8869"}],"wp:term":[{"taxonomy":"category","embeddable":true,"href":"https:\/\/projectes.xtec.cat\/empresafp\/wp-json\/wp\/v2\/categories?post=8869"},{"taxonomy":"post_tag","embeddable":true,"href":"https:\/\/projectes.xtec.cat\/empresafp\/wp-json\/wp\/v2\/tags?post=8869"}],"curies":[{"name":"wp","href":"https:\/\/api.w.org\/{rel}","templated":true}]}}