{"id":8973,"date":"2021-06-07T09:30:00","date_gmt":"2021-06-07T07:30:00","guid":{"rendered":"https:\/\/projectes.xtec.cat\/empresafp\/?p=8973"},"modified":"2021-06-07T09:30:00","modified_gmt":"2021-06-07T07:30:00","slug":"jornada-de-cloenda","status":"publish","type":"post","link":"https:\/\/projectes.xtec.cat\/empresafp\/portada\/empresa-fp\/jornada-de-cloenda\/","title":{"rendered":"Jornada de Cloenda"},"content":{"rendered":"<blockquote>\n<div dir=\"ltr\">\n<div dir=\"ltr\">\n<div class=\"gmail_quote\">\n<div dir=\"ltr\">\n<div class=\"gmail_quote\">\n<div dir=\"ltr\">\n<p><a href=\"https:\/\/projectes.xtec.cat\/empresafp\/wp-content\/uploads\/usu779\/2021\/06\/pasted-image-0.png\"><img loading=\"lazy\" decoding=\"async\" class=\"alignnone size-large wp-image-8974\" src=\"https:\/\/projectes.xtec.cat\/empresafp\/wp-content\/uploads\/usu779\/2021\/06\/pasted-image-0-1024x178.png\" alt=\"\" width=\"1024\" height=\"178\" srcset=\"https:\/\/projectes.xtec.cat\/empresafp\/wp-content\/uploads\/usu779\/2021\/06\/pasted-image-0-1024x178.png 1024w, https:\/\/projectes.xtec.cat\/empresafp\/wp-content\/uploads\/usu779\/2021\/06\/pasted-image-0-300x52.png 300w, https:\/\/projectes.xtec.cat\/empresafp\/wp-content\/uploads\/usu779\/2021\/06\/pasted-image-0-768x133.png 768w, https:\/\/projectes.xtec.cat\/empresafp\/wp-content\/uploads\/usu779\/2021\/06\/pasted-image-0.png 1511w\" sizes=\"auto, (max-width: 1024px) 100vw, 1024px\" \/><\/a><\/p>\n<p dir=\"ltr\">El dia <b>28 de juny<\/b> celebrarem la <b>Jornada de Cloenda dels diferents Programes i projectes de la Formaci\u00f3 Professional<\/b>.<\/p>\n<p dir=\"ltr\">\nUna vegada m\u00e9s realitzem aquesta activitat, en l\u00ednia, amb l\u2019objectiu d\u2019oferir l\u2019oportunitat de compartir la tasca realitzada durant aquest curs, valorar els objectius assolits i plantejar-ne de nous.\u00a0 I per altra banda, aprofitarem per compartir coneixement, bones pr\u00e0ctiques i projectes entre els membres de les diferents xarxes.<\/p>\n<p dir=\"ltr\">\nEn aquest esdeveniment participaran el Director General d\u2019FPiERE, \u00a0Sr. Joan Llu\u00eds Espin\u00f3s i Espin\u00f3s, el Sub-director general de programes i projectes Sr. Andr\u00e9s Villena i les Caps de Servei, la Sra. M\u00edriam Mil\u00e1n G\u00f3mez dels Programes i Projectes dels Ensenyaments Professionals i la Sra. Anabel Rodr\u00edguez Membrilla dels Programes de Qualificaci\u00f3 i Iniciaci\u00f3 Professional.<\/p>\n<p dir=\"ltr\">\nTamb\u00e9 comptarem amb la pon\u00e8ncia a c\u00e0rrec de la Sra. Bego\u00f1a Ibarrola, \u201c<b>Sin emociones no hay aprendizaje<\/b>\u201d.<\/p>\n<p dir=\"ltr\">\nA continuaci\u00f3 tots els programes i projectes de la DG es trobaran per sales virtuals en les que compartiran les seves bones pr\u00e0ctiques i reptes de futur.<\/p>\n<p dir=\"ltr\">\nUs convidem i us animem a participar acompanyant-nos aquest dia, per seguir treballant en una FP cada vegada millor.<\/p>\n<p dir=\"ltr\">\nUs podeu inscriure al seg\u00fcent enlla\u00e7: <a href=\"https:\/\/aplicacions.gestioeducativa.gencat.cat\/pls\/soloas\/pk_for_mod_ins.p_for_detall_activitat?p_header=Llista%20d%27activitats%5Epk_for_mod_ins.p_for_cons_activitats?p_totes=N%26p_inici=111%26p_excloure_crp_rec=T&amp;p_codi=0007400600&amp;p_curs=2020-2021&amp;p_excloure_crp_rec=T\" target=\"_blank\" rel=\"noopener noreferrer\" data-saferedirecturl=\"https:\/\/www.google.com\/url?q=https:\/\/aplicacions.gestioeducativa.gencat.cat\/pls\/soloas\/pk_for_mod_ins.p_for_detall_activitat?p_header%3DLlista%2520d%2527activitats%255Epk_for_mod_ins.p_for_cons_activitats?p_totes%3DN%2526p_inici%3D111%2526p_excloure_crp_rec%3DT%26p_codi%3D0007400600%26p_curs%3D2020-2021%26p_excloure_crp_rec%3DT&amp;source=gmail&amp;ust=1623134330863000&amp;usg=AFQjCNEXh2JggL78F9GfruCtqS9fPmVcbA\">https:\/\/aplicacions.<wbr \/>ensenyament.gencat.cat\/pls\/<wbr \/>soloas\/pk_for_mod_ins.p_for_<wbr \/>detall_activitat?p_header=<wbr \/>Llista%20d%27activitats%5Epk_<wbr \/>for_mod_ins.p_for_cons_<wbr \/>activitats?p_totes=N%26p_<wbr \/>inici=111%26p_excloure_crp_<wbr \/>rec=T&amp;p_codi=0007400600&amp;p_<wbr \/>curs=2020-2021&amp;p_excloure_crp_<wbr \/>rec=T<\/a><\/p>\n<\/div>\n<\/div>\n<\/div>\n<\/div>\n<\/div>\n<\/div>\n<\/blockquote>\n","protected":false},"excerpt":{"rendered":"<p><a href=\"https:\/\/projectes.xtec.cat\/empresafp\/wp-content\/uploads\/usu779\/2021\/06\/pasted-image-0.png\"><\/a><br \/>\nEl dia 28 de juny celebrarem la Jornada de Cloenda dels diferents Programes i projectes de la Formaci\u00f3 Professional.<\/p>\n<p>Una vegada m\u00e9s realitzem aquesta activitat, en l\u00ednia, amb l\u2019objectiu d\u2019oferir l\u2019oportunitat de compartir la tasca realitzada durant aquest curs, valorar els objectius assolits i plantejar-ne&hellip;  <a href=\"https:\/\/projectes.xtec.cat\/empresafp\/portada\/empresa-fp\/jornada-de-cloenda\/\" title=\"Read Jornada de Cloenda\">Llegeix m\u00e9s\u00bb<\/a><\/p>\n","protected":false},"author":16,"featured_media":8974,"comment_status":"open","ping_status":"closed","sticky":false,"template":"","format":"standard","meta":{"_bbp_topic_count":0,"_bbp_reply_count":0,"_bbp_total_topic_count":0,"_bbp_total_reply_count":0,"_bbp_voice_count":0,"_bbp_anonymous_reply_count":0,"_bbp_topic_count_hidden":0,"_bbp_reply_count_hidden":0,"_bbp_forum_subforum_count":0,"footnotes":""},"categories":[285],"tags":[],"class_list":["post-8973","post","type-post","status-publish","format-standard","has-post-thumbnail","hentry","category-empresa-fp"],"post_mailing_queue_ids":[],"_links":{"self":[{"href":"https:\/\/projectes.xtec.cat\/empresafp\/wp-json\/wp\/v2\/posts\/8973","targetHints":{"allow":["GET"]}}],"collection":[{"href":"https:\/\/projectes.xtec.cat\/empresafp\/wp-json\/wp\/v2\/posts"}],"about":[{"href":"https:\/\/projectes.xtec.cat\/empresafp\/wp-json\/wp\/v2\/types\/post"}],"author":[{"embeddable":true,"href":"https:\/\/projectes.xtec.cat\/empresafp\/wp-json\/wp\/v2\/users\/16"}],"replies":[{"embeddable":true,"href":"https:\/\/projectes.xtec.cat\/empresafp\/wp-json\/wp\/v2\/comments?post=8973"}],"version-history":[{"count":1,"href":"https:\/\/projectes.xtec.cat\/empresafp\/wp-json\/wp\/v2\/posts\/8973\/revisions"}],"predecessor-version":[{"id":8975,"href":"https:\/\/projectes.xtec.cat\/empresafp\/wp-json\/wp\/v2\/posts\/8973\/revisions\/8975"}],"wp:featuredmedia":[{"embeddable":true,"href":"https:\/\/projectes.xtec.cat\/empresafp\/wp-json\/wp\/v2\/media\/8974"}],"wp:attachment":[{"href":"https:\/\/projectes.xtec.cat\/empresafp\/wp-json\/wp\/v2\/media?parent=8973"}],"wp:term":[{"taxonomy":"category","embeddable":true,"href":"https:\/\/projectes.xtec.cat\/empresafp\/wp-json\/wp\/v2\/categories?post=8973"},{"taxonomy":"post_tag","embeddable":true,"href":"https:\/\/projectes.xtec.cat\/empresafp\/wp-json\/wp\/v2\/tags?post=8973"}],"curies":[{"name":"wp","href":"https:\/\/api.w.org\/{rel}","templated":true}]}}