{"id":8994,"date":"2021-06-15T10:19:49","date_gmt":"2021-06-15T08:19:49","guid":{"rendered":"https:\/\/projectes.xtec.cat\/empresafp\/?p=8994"},"modified":"2021-06-15T10:19:49","modified_gmt":"2021-06-15T08:19:49","slug":"el-departament-deducacio-se-suma-a-lalianca-entre-netmentora-catalunya-i-fundacio-bcn-formacio-professional-per-recolzar-els-projectes-emprenedors-que-surten-de-la-fp-a-traves-del-pr","status":"publish","type":"post","link":"https:\/\/projectes.xtec.cat\/empresafp\/portada\/empresa-fp\/el-departament-deducacio-se-suma-a-lalianca-entre-netmentora-catalunya-i-fundacio-bcn-formacio-professional-per-recolzar-els-projectes-emprenedors-que-surten-de-la-fp-a-traves-del-pr\/","title":{"rendered":"El Departament d\u2019Educaci\u00f3 se suma a l\u2019alian\u00e7a entre Netmentora Catalunya i Fundaci\u00f3 BCN Formaci\u00f3 Professional per recolzar els projectes emprenedors que surten de la FP a trav\u00e9s del premi FPconsolida."},"content":{"rendered":"<p><b>El Departament d\u2019Educaci\u00f3 se suma a l\u2019alian\u00e7a entre Netmentora Catalunya i <\/b><a href=\"http:\/\/fundaciobcnfp.cat\/index.php\/ca\/\"><b>Fundaci\u00f3 BCN Formaci\u00f3 Professional<\/b><\/a><b> per recolzar els projectes emprenedors que surten de la FP a trav\u00e9s del premi FPconsolida.<\/b><\/p>\n<p><a href=\"https:\/\/projectes.xtec.cat\/empresafp\/wp-content\/uploads\/usu779\/2021\/06\/Captura-de-pantalla-2021-06-15-a-las-10.19.07.png\"><img loading=\"lazy\" decoding=\"async\" class=\"size-full wp-image-8995 aligncenter\" src=\"https:\/\/projectes.xtec.cat\/empresafp\/wp-content\/uploads\/usu779\/2021\/06\/Captura-de-pantalla-2021-06-15-a-las-10.19.07.png\" alt=\"\" width=\"840\" height=\"490\" srcset=\"https:\/\/projectes.xtec.cat\/empresafp\/wp-content\/uploads\/usu779\/2021\/06\/Captura-de-pantalla-2021-06-15-a-las-10.19.07.png 840w, https:\/\/projectes.xtec.cat\/empresafp\/wp-content\/uploads\/usu779\/2021\/06\/Captura-de-pantalla-2021-06-15-a-las-10.19.07-300x175.png 300w, https:\/\/projectes.xtec.cat\/empresafp\/wp-content\/uploads\/usu779\/2021\/06\/Captura-de-pantalla-2021-06-15-a-las-10.19.07-768x448.png 768w\" sizes=\"auto, (max-width: 840px) 100vw, 840px\" \/><\/a><\/p>\n<p>L\u2019alian\u00e7a es realitza a trav\u00e9s dels projectes d\u2019innovaci\u00f3 que integra ImpulsFP, la unitat d\u2019innovaci\u00f3 de la\u00a0 Direcci\u00f3 General de formaci\u00f3 Professional Inicial i Ensenyaments de R\u00e8gim Especial<\/p>\n<p>&nbsp;<\/p>\n<p>Els premis FPconsolida seran l\u2019inici d\u2019un acompanyament empresarial per projectes emprenedors de FP. Els premis ofereixen als emprenedors de la FP un acompanyament empresarial per ajudar-los a consolidar els seus projectes. Amb la incorporaci\u00f3 del Departament d\u2019Educaci\u00f3 ( ImpulsFP ) a l\u2019alian\u00e7a entre Netmentora Catalunya i la Fundaci\u00f3 BCN Formaci\u00f3 Professional, es pret\u00e9n ampliar l\u2019abast i l\u2019acc\u00e9s a docents i emprenedors de tot Catalunya.<\/p>\n<p>&nbsp;<\/p>\n<p>Com a novetat, els premis romandran oberts durant tot l\u2019any i durant la Nit de l\u2019Emprenedoria de la Fundaci\u00f3 BCN Formaci\u00f3 Professional, els projectes seleccionats tindran un espai de difusi\u00f3 per donar a con\u00e8ixer les seves empreses i per arribar als alumnes de l\u2019FP que tinguin la inquietud d\u2019emprendre.<\/p>\n<p>&nbsp;<\/p>\n<p>L\u2019acompanyament empresarial de projectes FP est\u00e0 liderat per <a href=\"https:\/\/netmentoracatalunya.org\/\">Netmentora Catalunya<\/a>, la major xarxa europea de l\u00edders empresarials. L\u2019objectiu \u00e9s donar un suport sense cost per a projectes emprenedors de la FP i eines per a consolidar-se a trav\u00e9s de l\u2019experi\u00e8ncia dels principals referents empresarials del territori catal\u00e0, que aporten el seu coneixement per donar resposta als reptes que presenten les iniciatives emprenedores.<\/p>\n<p>&nbsp;<\/p>\n<p>Durant 4 mesos es realitza un primer seguiment i estudi on s\u2019analitza la viabilitat, potencialitat del model de negoci i les necessitats de la persona emprenedora tot connectant-la amb referents i experts d\u2019empresa que l\u2019ajudaran. Si la iniciativa es prou s\u00f2lida, aquest proc\u00e9s d\u2019acompanyament pot ampliar-se fins als 2 anys. L\u2019objectiu \u00e9s ajudar a consolidar projectes mitjan\u00e7ant l\u2019intercanvi de coneixement i la intel\u00b7lig\u00e8ncia col\u00b7lectiva, alhora que s\u2019introdueix als emprenedors en una din\u00e0mica basada en la reciprocitat i el creixement en xarxa.<\/p>\n<p>&nbsp;<\/p>\n<p>Gr\u00e0cies a aquesta iniciativa es pret\u00e9n contribuir al desenvolupament del teixit econ\u00f2mic catal\u00e0 i a la creaci\u00f3 d\u2019ocupaci\u00f3 des de la FP. \u00c9s per aix\u00f2 que el professorat t\u00e9 tamb\u00e9 un paper clau<\/p>\n<p>a l\u2019hora de detectar projectes amb potencial i animar els alumnes emprenedors a dur-los a terme.<\/p>\n<p>&nbsp;<\/p>\n<p>Per aplicar podeu fer-ho a trav\u00e9s d\u2019aquest <a href=\"https:\/\/netmentoracatalunya.org\/contacte\/\">enlla\u00e7.<\/a><\/p>\n","protected":false},"excerpt":{"rendered":"<p>El Departament d\u2019Educaci\u00f3 se suma a l\u2019alian\u00e7a entre Netmentora Catalunya i <a href=\"http:\/\/fundaciobcnfp.cat\/index.php\/ca\/\">Fundaci\u00f3 BCN Formaci\u00f3 Professional<\/a> per recolzar els projectes emprenedors que surten de la FP a trav\u00e9s del premi FPconsolida.<br \/>\n<a href=\"https:\/\/projectes.xtec.cat\/empresafp\/wp-content\/uploads\/usu779\/2021\/06\/Captura-de-pantalla-2021-06-15-a-las-10.19.07.png\"><\/a><br \/>\nL\u2019alian\u00e7a es realitza a trav\u00e9s dels projectes d\u2019innovaci\u00f3 que integra ImpulsFP, la unitat d\u2019innovaci\u00f3&hellip;  <a href=\"https:\/\/projectes.xtec.cat\/empresafp\/portada\/empresa-fp\/el-departament-deducacio-se-suma-a-lalianca-entre-netmentora-catalunya-i-fundacio-bcn-formacio-professional-per-recolzar-els-projectes-emprenedors-que-surten-de-la-fp-a-traves-del-pr\/\" title=\"Read El Departament d\u2019Educaci\u00f3 se suma a l\u2019alian\u00e7a entre Netmentora Catalunya i Fundaci\u00f3 BCN Formaci\u00f3 Professional per recolzar els projectes emprenedors que surten de la FP a trav\u00e9s del premi FPconsolida.\">Llegeix m\u00e9s\u00bb<\/a><\/p>\n","protected":false},"author":16,"featured_media":8995,"comment_status":"open","ping_status":"closed","sticky":false,"template":"","format":"standard","meta":{"_bbp_topic_count":0,"_bbp_reply_count":0,"_bbp_total_topic_count":0,"_bbp_total_reply_count":0,"_bbp_voice_count":0,"_bbp_anonymous_reply_count":0,"_bbp_topic_count_hidden":0,"_bbp_reply_count_hidden":0,"_bbp_forum_subforum_count":0,"footnotes":""},"categories":[285],"tags":[],"class_list":["post-8994","post","type-post","status-publish","format-standard","has-post-thumbnail","hentry","category-empresa-fp"],"post_mailing_queue_ids":[],"_links":{"self":[{"href":"https:\/\/projectes.xtec.cat\/empresafp\/wp-json\/wp\/v2\/posts\/8994","targetHints":{"allow":["GET"]}}],"collection":[{"href":"https:\/\/projectes.xtec.cat\/empresafp\/wp-json\/wp\/v2\/posts"}],"about":[{"href":"https:\/\/projectes.xtec.cat\/empresafp\/wp-json\/wp\/v2\/types\/post"}],"author":[{"embeddable":true,"href":"https:\/\/projectes.xtec.cat\/empresafp\/wp-json\/wp\/v2\/users\/16"}],"replies":[{"embeddable":true,"href":"https:\/\/projectes.xtec.cat\/empresafp\/wp-json\/wp\/v2\/comments?post=8994"}],"version-history":[{"count":1,"href":"https:\/\/projectes.xtec.cat\/empresafp\/wp-json\/wp\/v2\/posts\/8994\/revisions"}],"predecessor-version":[{"id":8996,"href":"https:\/\/projectes.xtec.cat\/empresafp\/wp-json\/wp\/v2\/posts\/8994\/revisions\/8996"}],"wp:featuredmedia":[{"embeddable":true,"href":"https:\/\/projectes.xtec.cat\/empresafp\/wp-json\/wp\/v2\/media\/8995"}],"wp:attachment":[{"href":"https:\/\/projectes.xtec.cat\/empresafp\/wp-json\/wp\/v2\/media?parent=8994"}],"wp:term":[{"taxonomy":"category","embeddable":true,"href":"https:\/\/projectes.xtec.cat\/empresafp\/wp-json\/wp\/v2\/categories?post=8994"},{"taxonomy":"post_tag","embeddable":true,"href":"https:\/\/projectes.xtec.cat\/empresafp\/wp-json\/wp\/v2\/tags?post=8994"}],"curies":[{"name":"wp","href":"https:\/\/api.w.org\/{rel}","templated":true}]}}