{"id":9007,"date":"2021-09-01T11:06:13","date_gmt":"2021-09-01T09:06:13","guid":{"rendered":"https:\/\/projectes.xtec.cat\/empresafp\/?p=9007"},"modified":"2021-09-01T11:06:13","modified_gmt":"2021-09-01T09:06:13","slug":"el-futur-de-lfp","status":"publish","type":"post","link":"https:\/\/projectes.xtec.cat\/empresafp\/portada\/empresa-fp\/el-futur-de-lfp\/","title":{"rendered":"El futur de l&#8217;FP"},"content":{"rendered":"<p>Diversos directors de centre i professionals dels diferents sectors del m\u00f3n professional, com Joan Roca, M\u00f2nica Usart o la futbolista Andrea Pereira, ens expliquen qu\u00e8 hi ha al darrera de les sigles FP: un futur professional, prometedor i per a tothom.<\/p>\n<p><iframe loading=\"lazy\" title=\"El futur de l&#039;FP\" width=\"500\" height=\"281\" src=\"https:\/\/www.youtube.com\/embed\/IYc68okLhHU?feature=oembed\" frameborder=\"0\" allow=\"accelerometer; autoplay; clipboard-write; encrypted-media; gyroscope; picture-in-picture; web-share\" referrerpolicy=\"strict-origin-when-cross-origin\" allowfullscreen><\/iframe><\/p>\n","protected":false},"excerpt":{"rendered":"<p>Diversos directors de centre i professionals dels diferents sectors del m\u00f3n professional, com Joan Roca, M\u00f2nica Usart o la futbolista Andrea Pereira, ens expliquen qu\u00e8 hi ha al darrera de les sigles FP: un futur professional, prometedor i per a tothom.<\/p>\n","protected":false},"author":16,"featured_media":9008,"comment_status":"open","ping_status":"closed","sticky":false,"template":"","format":"standard","meta":{"_bbp_topic_count":0,"_bbp_reply_count":0,"_bbp_total_topic_count":0,"_bbp_total_reply_count":0,"_bbp_voice_count":0,"_bbp_anonymous_reply_count":0,"_bbp_topic_count_hidden":0,"_bbp_reply_count_hidden":0,"_bbp_forum_subforum_count":0,"footnotes":""},"categories":[285],"tags":[],"class_list":["post-9007","post","type-post","status-publish","format-standard","has-post-thumbnail","hentry","category-empresa-fp"],"post_mailing_queue_ids":[],"_links":{"self":[{"href":"https:\/\/projectes.xtec.cat\/empresafp\/wp-json\/wp\/v2\/posts\/9007","targetHints":{"allow":["GET"]}}],"collection":[{"href":"https:\/\/projectes.xtec.cat\/empresafp\/wp-json\/wp\/v2\/posts"}],"about":[{"href":"https:\/\/projectes.xtec.cat\/empresafp\/wp-json\/wp\/v2\/types\/post"}],"author":[{"embeddable":true,"href":"https:\/\/projectes.xtec.cat\/empresafp\/wp-json\/wp\/v2\/users\/16"}],"replies":[{"embeddable":true,"href":"https:\/\/projectes.xtec.cat\/empresafp\/wp-json\/wp\/v2\/comments?post=9007"}],"version-history":[{"count":1,"href":"https:\/\/projectes.xtec.cat\/empresafp\/wp-json\/wp\/v2\/posts\/9007\/revisions"}],"predecessor-version":[{"id":9009,"href":"https:\/\/projectes.xtec.cat\/empresafp\/wp-json\/wp\/v2\/posts\/9007\/revisions\/9009"}],"wp:featuredmedia":[{"embeddable":true,"href":"https:\/\/projectes.xtec.cat\/empresafp\/wp-json\/wp\/v2\/media\/9008"}],"wp:attachment":[{"href":"https:\/\/projectes.xtec.cat\/empresafp\/wp-json\/wp\/v2\/media?parent=9007"}],"wp:term":[{"taxonomy":"category","embeddable":true,"href":"https:\/\/projectes.xtec.cat\/empresafp\/wp-json\/wp\/v2\/categories?post=9007"},{"taxonomy":"post_tag","embeddable":true,"href":"https:\/\/projectes.xtec.cat\/empresafp\/wp-json\/wp\/v2\/tags?post=9007"}],"curies":[{"name":"wp","href":"https:\/\/api.w.org\/{rel}","templated":true}]}}