{"id":9042,"date":"2021-11-16T09:00:26","date_gmt":"2021-11-16T08:00:26","guid":{"rendered":"https:\/\/projectes.xtec.cat\/empresafp\/?p=9042"},"modified":"2021-11-16T09:00:39","modified_gmt":"2021-11-16T08:00:39","slug":"linstitut-sant-feliu-de-guixols-premia-lemprenedoria-dels-alumnes-dels-cicles-formatius","status":"publish","type":"post","link":"https:\/\/projectes.xtec.cat\/empresafp\/portada\/empresa-fp\/linstitut-sant-feliu-de-guixols-premia-lemprenedoria-dels-alumnes-dels-cicles-formatius\/","title":{"rendered":"L&#8217;Institut Sant Feliu de Gu\u00edxols premia l&#8217;emprenedoria dels alumnes dels cicles formatius"},"content":{"rendered":"<p>El passat dijous\u00a0 es va\u00a0 fer entrega dels\u00a0 premis a l\u2019emprenedoria a trav\u00e9s de diferents projectes presentats per l&#8217;alumnat .<\/p>\n<p>L&#8217;entrega de premis va anar a c\u00e0rrec\u00a0 dels responsables de diferents associacions de comerciants, d&#8217;empresaris, ajuntaments i cambres de comer\u00e7, de Sant Feliu de Gu\u00edxosl, Platja d&#8217;Aro, Santa Cristina i Llagostera.<\/p>\n<p><strong>Una bona oportunitat per donar a con\u00e8ixer el centre i \u00a0fer teixit entre els empresaris i comerciants.<\/strong><\/p>\n<p>El certamen ha premiat els millors projectes empresarials dels alumnes i exalumnes dels vuit cicles formatius impartits al centre.<\/p>\n<p>Les iniciatives guanyadores es van\u00a0 donar a con\u00e8ixer el dijous passat, durant un acte que ha comptat amb la participaci\u00f3 de docents, representants municipals, aix\u00ed com diversos organismes i institucions. En total\u00a0s&#8217;han repartit 8 vals de 600 euros, provinents del programa\u00a0Next Generation de la Uni\u00f3 Europea, per a bescanviar en els comer\u00e7os locals.<\/p>\n<p>S&#8217;han al\u00e7at amb el premi\u00a0Luman Beauty to go\u00a0del cicle de comercial,\u00a0Clean away\u00a0de gesti\u00f3 administrativa,\u00a0S\u00ed quiero\u00a0d&#8217;est\u00e8tica i bellesa,\u00a0Random Meal\u00a0d&#8217;instal\u00b7lacions el\u00e8ctriques,\u00a0Pepe&#8217;s Garage\u00a0de manteniment de vaixells,\u00a0Perruqueria Caet\u00a0de perruqueria i cosm\u00e8tica capil\u00b7lar,\u00a0Ireshe &amp; Go\u00a0i\u00a0Baby &amp; Go\u00a0d&#8217;educaci\u00f3 infantil, i finalment,\u00a0Ca la Betina\u00a0d&#8217;administraci\u00f3 i finances. Uns projectes que, segons l&#8217;Institut, &#8220;no solament cerquen el benefici, sin\u00f3 que tamb\u00e9 presenten criteris socials, humans i mediambientals en la gesti\u00f3 empresarial.&#8221;<\/p>\n<p><a href=\"https:\/\/projectes.xtec.cat\/empresafp\/wp-content\/uploads\/usu779\/2021\/11\/48b707a0-8486-424b-a43b-6e1457f7deed.jpg\"><img loading=\"lazy\" decoding=\"async\" class=\"alignnone size-large wp-image-9043\" src=\"https:\/\/projectes.xtec.cat\/empresafp\/wp-content\/uploads\/usu779\/2021\/11\/48b707a0-8486-424b-a43b-6e1457f7deed-1024x768.jpg\" alt=\"\" width=\"1024\" height=\"768\" srcset=\"https:\/\/projectes.xtec.cat\/empresafp\/wp-content\/uploads\/usu779\/2021\/11\/48b707a0-8486-424b-a43b-6e1457f7deed-1024x768.jpg 1024w, https:\/\/projectes.xtec.cat\/empresafp\/wp-content\/uploads\/usu779\/2021\/11\/48b707a0-8486-424b-a43b-6e1457f7deed-300x225.jpg 300w, https:\/\/projectes.xtec.cat\/empresafp\/wp-content\/uploads\/usu779\/2021\/11\/48b707a0-8486-424b-a43b-6e1457f7deed-768x576.jpg 768w, https:\/\/projectes.xtec.cat\/empresafp\/wp-content\/uploads\/usu779\/2021\/11\/48b707a0-8486-424b-a43b-6e1457f7deed-1536x1152.jpg 1536w, https:\/\/projectes.xtec.cat\/empresafp\/wp-content\/uploads\/usu779\/2021\/11\/48b707a0-8486-424b-a43b-6e1457f7deed-200x150.jpg 200w, https:\/\/projectes.xtec.cat\/empresafp\/wp-content\/uploads\/usu779\/2021\/11\/48b707a0-8486-424b-a43b-6e1457f7deed.jpg 2048w\" sizes=\"auto, (max-width: 1024px) 100vw, 1024px\" \/><\/a><\/p>\n","protected":false},"excerpt":{"rendered":"<p>El passat dijous\u00a0 es va\u00a0 fer entrega dels\u00a0 premis a l\u2019emprenedoria a trav\u00e9s de diferents projectes presentats per l&#8217;alumnat .<br \/>\nL&#8217;entrega de premis va anar a c\u00e0rrec\u00a0 dels responsables de diferents associacions de comerciants, d&#8217;empresaris, ajuntaments i cambres de comer\u00e7, de Sant Feliu de Gu\u00edxosl, Platja&hellip;  <a href=\"https:\/\/projectes.xtec.cat\/empresafp\/portada\/empresa-fp\/linstitut-sant-feliu-de-guixols-premia-lemprenedoria-dels-alumnes-dels-cicles-formatius\/\" title=\"Read L&#8217;Institut Sant Feliu de Gu\u00edxols premia l&#8217;emprenedoria dels alumnes dels cicles formatius\">Llegeix m\u00e9s\u00bb<\/a><\/p>\n","protected":false},"author":16,"featured_media":9043,"comment_status":"open","ping_status":"closed","sticky":false,"template":"","format":"standard","meta":{"_bbp_topic_count":0,"_bbp_reply_count":0,"_bbp_total_topic_count":0,"_bbp_total_reply_count":0,"_bbp_voice_count":0,"_bbp_anonymous_reply_count":0,"_bbp_topic_count_hidden":0,"_bbp_reply_count_hidden":0,"_bbp_forum_subforum_count":0,"footnotes":""},"categories":[309,285],"tags":[],"class_list":["post-9042","post","type-post","status-publish","format-standard","has-post-thumbnail","hentry","category-bones-practiques-centres","category-empresa-fp"],"post_mailing_queue_ids":[],"_links":{"self":[{"href":"https:\/\/projectes.xtec.cat\/empresafp\/wp-json\/wp\/v2\/posts\/9042","targetHints":{"allow":["GET"]}}],"collection":[{"href":"https:\/\/projectes.xtec.cat\/empresafp\/wp-json\/wp\/v2\/posts"}],"about":[{"href":"https:\/\/projectes.xtec.cat\/empresafp\/wp-json\/wp\/v2\/types\/post"}],"author":[{"embeddable":true,"href":"https:\/\/projectes.xtec.cat\/empresafp\/wp-json\/wp\/v2\/users\/16"}],"replies":[{"embeddable":true,"href":"https:\/\/projectes.xtec.cat\/empresafp\/wp-json\/wp\/v2\/comments?post=9042"}],"version-history":[{"count":1,"href":"https:\/\/projectes.xtec.cat\/empresafp\/wp-json\/wp\/v2\/posts\/9042\/revisions"}],"predecessor-version":[{"id":9044,"href":"https:\/\/projectes.xtec.cat\/empresafp\/wp-json\/wp\/v2\/posts\/9042\/revisions\/9044"}],"wp:featuredmedia":[{"embeddable":true,"href":"https:\/\/projectes.xtec.cat\/empresafp\/wp-json\/wp\/v2\/media\/9043"}],"wp:attachment":[{"href":"https:\/\/projectes.xtec.cat\/empresafp\/wp-json\/wp\/v2\/media?parent=9042"}],"wp:term":[{"taxonomy":"category","embeddable":true,"href":"https:\/\/projectes.xtec.cat\/empresafp\/wp-json\/wp\/v2\/categories?post=9042"},{"taxonomy":"post_tag","embeddable":true,"href":"https:\/\/projectes.xtec.cat\/empresafp\/wp-json\/wp\/v2\/tags?post=9042"}],"curies":[{"name":"wp","href":"https:\/\/api.w.org\/{rel}","templated":true}]}}