{"id":9069,"date":"2022-02-21T09:37:34","date_gmt":"2022-02-21T08:37:34","guid":{"rendered":"https:\/\/projectes.xtec.cat\/empresafp\/?p=9069"},"modified":"2022-02-21T09:37:34","modified_gmt":"2022-02-21T08:37:34","slug":"primera-reunio-del-consell-assessor-dempreses-de-la-familia-dimatge-personal-a-linstitut-torrevicens","status":"publish","type":"post","link":"https:\/\/projectes.xtec.cat\/empresafp\/portada\/empresa-fp\/primera-reunio-del-consell-assessor-dempreses-de-la-familia-dimatge-personal-a-linstitut-torrevicens\/","title":{"rendered":"Primera reuni\u00f3 del Consell Assessor d&#8217;Empreses de la Fam\u00edlia d&#8217;Imatge Personal a l&#8217;Institut Torrevicens"},"content":{"rendered":"<div><span style=\"color: #073763;\">El \u00a0passat 31 de gener i \u00a07 de febrer es va celebrar la primera reuni\u00f3 del Consell Assessor d&#8217;Empreses de la Fam\u00edlia d&#8217;Imatge Personal. En aquesta ocasi\u00f3, la trobada va ser entre els i les representants del sector d&#8217;Est\u00e8tica i Bellesa, el sector de Perruqueria i el Departament d&#8217;Escola Empresa del centre.<\/span><\/div>\n<div><\/div>\n<div><span style=\"color: #073763;\">Aquest consell t\u00e9 l&#8217;objectiu d&#8217;apropar el centre a l&#8217;empresa, establint vincles i sin\u00e8rgies\u00a0entre ambdues\u00a0parts. El que es\u00a0pret\u00e9n \u00e9s posar a disposici\u00f3 de les empreses tant la formaci\u00f3 professional com tots els serveis que els podem oferir. <\/span><\/div>\n<div><\/div>\n<div><span style=\"color: #073763;\">Treballant plegats aconseguirem que el sector es guareixi de grans professionals qualificats.<\/span><\/div>\n<div><\/div>\n<div><span style=\"color: #073763;\">Les representants del sector van ser:<\/span><\/div>\n<div><\/div>\n<div><span style=\"color: #073763;\">ASELLE (Associaci\u00f3 d&#8217;Esteticistes de Lleida), Cl\u00ednica Nexus, Garet, Gremi\u00a0Artes\u00e0 d&#8217;Est\u00e8tica i\u00a0Bellesa de Catalunya. Sara Buira, Associaci\u00f3 de Perruquers i Barbers de Tarragona\u00a0i Lleida,\u00a0Tania Mir, Mor\u00e8nico, Mata Campa\u00f1a, Mon Petit Salon Lleida i Laia Rubio.<\/span><\/div>\n<div><\/div>\n<div><a href=\"https:\/\/projectes.xtec.cat\/empresafp\/wp-content\/uploads\/usu779\/2022\/02\/Consell-Imatge-personal.png\"><img loading=\"lazy\" decoding=\"async\" class=\"wp-image-9070 aligncenter\" src=\"https:\/\/projectes.xtec.cat\/empresafp\/wp-content\/uploads\/usu779\/2022\/02\/Consell-Imatge-personal-1024x582.png\" alt=\"\" width=\"605\" height=\"344\" srcset=\"https:\/\/projectes.xtec.cat\/empresafp\/wp-content\/uploads\/usu779\/2022\/02\/Consell-Imatge-personal-1024x582.png 1024w, https:\/\/projectes.xtec.cat\/empresafp\/wp-content\/uploads\/usu779\/2022\/02\/Consell-Imatge-personal-300x170.png 300w, https:\/\/projectes.xtec.cat\/empresafp\/wp-content\/uploads\/usu779\/2022\/02\/Consell-Imatge-personal-768x436.png 768w, https:\/\/projectes.xtec.cat\/empresafp\/wp-content\/uploads\/usu779\/2022\/02\/Consell-Imatge-personal.png 1197w\" sizes=\"auto, (max-width: 605px) 100vw, 605px\" \/><\/a><\/div>\n","protected":false},"excerpt":{"rendered":"<p>El \u00a0passat 31 de gener i \u00a07 de febrer es va celebrar la primera reuni\u00f3 del Consell Assessor d&#8217;Empreses de la Fam\u00edlia d&#8217;Imatge Personal. En aquesta ocasi\u00f3, la trobada va ser entre els i les representants del sector d&#8217;Est\u00e8tica i Bellesa, el sector de Perruqueria&hellip;  <a href=\"https:\/\/projectes.xtec.cat\/empresafp\/portada\/empresa-fp\/primera-reunio-del-consell-assessor-dempreses-de-la-familia-dimatge-personal-a-linstitut-torrevicens\/\" title=\"Read Primera reuni\u00f3 del Consell Assessor d&#8217;Empreses de la Fam\u00edlia d&#8217;Imatge Personal a l&#8217;Institut Torrevicens\">Llegeix m\u00e9s\u00bb<\/a><\/p>\n","protected":false},"author":7,"featured_media":9070,"comment_status":"open","ping_status":"closed","sticky":false,"template":"","format":"standard","meta":{"_bbp_topic_count":0,"_bbp_reply_count":0,"_bbp_total_topic_count":0,"_bbp_total_reply_count":0,"_bbp_voice_count":0,"_bbp_anonymous_reply_count":0,"_bbp_topic_count_hidden":0,"_bbp_reply_count_hidden":0,"_bbp_forum_subforum_count":0,"footnotes":""},"categories":[309,285],"tags":[],"class_list":["post-9069","post","type-post","status-publish","format-standard","has-post-thumbnail","hentry","category-bones-practiques-centres","category-empresa-fp"],"post_mailing_queue_ids":[],"_links":{"self":[{"href":"https:\/\/projectes.xtec.cat\/empresafp\/wp-json\/wp\/v2\/posts\/9069","targetHints":{"allow":["GET"]}}],"collection":[{"href":"https:\/\/projectes.xtec.cat\/empresafp\/wp-json\/wp\/v2\/posts"}],"about":[{"href":"https:\/\/projectes.xtec.cat\/empresafp\/wp-json\/wp\/v2\/types\/post"}],"author":[{"embeddable":true,"href":"https:\/\/projectes.xtec.cat\/empresafp\/wp-json\/wp\/v2\/users\/7"}],"replies":[{"embeddable":true,"href":"https:\/\/projectes.xtec.cat\/empresafp\/wp-json\/wp\/v2\/comments?post=9069"}],"version-history":[{"count":3,"href":"https:\/\/projectes.xtec.cat\/empresafp\/wp-json\/wp\/v2\/posts\/9069\/revisions"}],"predecessor-version":[{"id":9073,"href":"https:\/\/projectes.xtec.cat\/empresafp\/wp-json\/wp\/v2\/posts\/9069\/revisions\/9073"}],"wp:featuredmedia":[{"embeddable":true,"href":"https:\/\/projectes.xtec.cat\/empresafp\/wp-json\/wp\/v2\/media\/9070"}],"wp:attachment":[{"href":"https:\/\/projectes.xtec.cat\/empresafp\/wp-json\/wp\/v2\/media?parent=9069"}],"wp:term":[{"taxonomy":"category","embeddable":true,"href":"https:\/\/projectes.xtec.cat\/empresafp\/wp-json\/wp\/v2\/categories?post=9069"},{"taxonomy":"post_tag","embeddable":true,"href":"https:\/\/projectes.xtec.cat\/empresafp\/wp-json\/wp\/v2\/tags?post=9069"}],"curies":[{"name":"wp","href":"https:\/\/api.w.org\/{rel}","templated":true}]}}