{"id":9121,"date":"2022-06-14T07:10:47","date_gmt":"2022-06-14T05:10:47","guid":{"rendered":"https:\/\/projectes.xtec.cat\/empresafp\/?p=9121"},"modified":"2022-06-14T14:12:04","modified_gmt":"2022-06-14T12:12:04","slug":"linstitut-jaume-huguet-constitueix-el-seu-primer-consell-assessor-dempreses-de-la-branca-fabricacio-mecanica","status":"publish","type":"post","link":"https:\/\/projectes.xtec.cat\/empresafp\/general\/linstitut-jaume-huguet-constitueix-el-seu-primer-consell-assessor-dempreses-de-la-branca-fabricacio-mecanica\/","title":{"rendered":"L\u2019institut Jaume Huguet Constitueix el seu primer Consell Assessor d&#8217;empreses de la branca Fabricaci\u00f3 Mec\u00e0nica"},"content":{"rendered":"<p><strong>L&#8217;institu Jaume Huguet de Valls <\/strong>\u00a0fruit del treball en xarxa de la FASE3 crea i estableix el seu primer Consell Assessor d\u2019Empreses\u00a0amb la Fam\u00edlia de Fabricaci\u00f3 Mec\u00e0nica<\/p>\n<p>El\u00a0<strong>Consell Assessor d&#8217;Empreses<\/strong>\u00a0\u00e9s\u00a0un \u00f2rgan de trobada i reuni\u00f3 dels diferents sectors productius, socials i professionals del territori que convergeixen en els interessos comuns de la formaci\u00f3 professional de car\u00e0cter industrial. La seva finalitat \u00e9s establir les sinergies necess\u00e0ries entre els diferents sectors amb la finalitat d\u2019enriquir tant la formaci\u00f3 que s&#8217;ofereix des del centre a les persones com de donar resposta a les necessitats que des de les diferents entitats es plantegin.<\/p>\n<p>L\u2019Institut Jaume Huguet, de Valls (Tarragona)\u00a0 va constituir el Consell Assessor d&#8217;Empreses del CFGS de Fabricaci\u00f3 Mec\u00e0nica , organitzat per la Responsable d&#8217;Empresa FP del centre Neus Budesca, juntament amb l\u2019equip directiu, encap\u00e7alat pel director Josep Maria Soler, Cap de Departament de Mec\u00e0nica,\u00a0 Irene Teruel, Cp de departament de Manteniment, H\u00e9ctor Zazo, \u00a0i el tutor de dual de la Familia de Mec\u00e0nica del centre, Francesc Guivernau. Les empreses participants han estat AMES (Montblanc), Essity (Puigpelat) , Eupastry (Sarral) i Kellogs (Valls) i Reiter (Valls).<\/p>\n<p>Josep Maria Soler, el director del centre,\u00a0i la Neus Budesca, Coodinadora\u00a0 d\u2019Empresa FP, ha donat donar a con\u00e8ixer el nou cat\u00e0leg de serveis del centre, amb les certificacions ISO que recentment han aconseguit el nostre centre, a m\u00e9s a m\u00e9s\u00a0 s&#8217;ha explicat i concretat el funcionament del Consell Assessor\u00a0d&#8217;empreses; els objectius del qual seran: millorar i incrementar la col\u00b7laboraci\u00f3 i les aliances amb les empreses, en el transcurs de la reuni\u00f3 han sorgit temes molt interessants per poder tractar com per exemple, molt d&#8217;inter\u00e8s en la implantaci\u00f3 d&#8217;un cicle de grau mitj\u00e0,\u00a0 fomentar la vocaci\u00f3 industrial des de l&#8217;ESO,\u00a0 fomentar i captar el\u00a0talent femen\u00ed\u00a0en la ind\u00fastria , participar\u00a0en accions conjuntes del centre i les empreses, entre molts d&#8217;altres, etc..<\/p>\n<p>Un cop finalitzada la reuni\u00f3 hem visitat les instal\u00b7lacions del centre.<\/p>\n<p>Agrair a les empreses la aportaci\u00f3 d&#8217;idees i posada en com\u00fa de les necessitats del seu sector i de ben segur que aquest Consell ser\u00e0 una bona eina per poder treballar aquest important perfil professional.<\/p>\n<p>&nbsp;<\/p>\n<p><a href=\"https:\/\/projectes.xtec.cat\/empresafp\/wp-content\/uploads\/usu779\/2022\/06\/JH_Consell_assessor_empreses_2_1-1.jpg\"><img loading=\"lazy\" decoding=\"async\" class=\"alignnone size-large wp-image-9132\" src=\"https:\/\/projectes.xtec.cat\/empresafp\/wp-content\/uploads\/usu779\/2022\/06\/JH_Consell_assessor_empreses_2_1-1-1024x768.jpg\" alt=\"\" width=\"1024\" height=\"768\" srcset=\"https:\/\/projectes.xtec.cat\/empresafp\/wp-content\/uploads\/usu779\/2022\/06\/JH_Consell_assessor_empreses_2_1-1-1024x768.jpg 1024w, https:\/\/projectes.xtec.cat\/empresafp\/wp-content\/uploads\/usu779\/2022\/06\/JH_Consell_assessor_empreses_2_1-1-300x225.jpg 300w, https:\/\/projectes.xtec.cat\/empresafp\/wp-content\/uploads\/usu779\/2022\/06\/JH_Consell_assessor_empreses_2_1-1-768x576.jpg 768w, https:\/\/projectes.xtec.cat\/empresafp\/wp-content\/uploads\/usu779\/2022\/06\/JH_Consell_assessor_empreses_2_1-1-200x150.jpg 200w, https:\/\/projectes.xtec.cat\/empresafp\/wp-content\/uploads\/usu779\/2022\/06\/JH_Consell_assessor_empreses_2_1-1.jpg 1280w\" sizes=\"auto, (max-width: 1024px) 100vw, 1024px\" \/><\/a><\/p>\n<p><a href=\"https:\/\/projectes.xtec.cat\/empresafp\/wp-content\/uploads\/usu779\/2022\/06\/JH_Consell_assessor_empreses_1_1-1.jpg\"><img loading=\"lazy\" decoding=\"async\" class=\"alignnone size-large wp-image-9134\" src=\"https:\/\/projectes.xtec.cat\/empresafp\/wp-content\/uploads\/usu779\/2022\/06\/JH_Consell_assessor_empreses_1_1-1-768x1024.jpg\" alt=\"\" width=\"768\" height=\"1024\" srcset=\"https:\/\/projectes.xtec.cat\/empresafp\/wp-content\/uploads\/usu779\/2022\/06\/JH_Consell_assessor_empreses_1_1-1-768x1024.jpg 768w, https:\/\/projectes.xtec.cat\/empresafp\/wp-content\/uploads\/usu779\/2022\/06\/JH_Consell_assessor_empreses_1_1-1-225x300.jpg 225w, https:\/\/projectes.xtec.cat\/empresafp\/wp-content\/uploads\/usu779\/2022\/06\/JH_Consell_assessor_empreses_1_1-1.jpg 960w\" sizes=\"auto, (max-width: 768px) 100vw, 768px\" \/><\/a><\/p>\n","protected":false},"excerpt":{"rendered":"<p>L&#8217;institu Jaume Huguet de Valls \u00a0fruit del treball en xarxa de la FASE3 crea i estableix el seu primer Consell Assessor d\u2019Empreses\u00a0amb la Fam\u00edlia de Fabricaci\u00f3 Mec\u00e0nica<br \/>\nEl\u00a0Consell Assessor d&#8217;Empreses\u00a0\u00e9s\u00a0un \u00f2rgan de trobada i reuni\u00f3 dels diferents sectors productius, socials i professionals del territori que convergeixen&hellip;  <a href=\"https:\/\/projectes.xtec.cat\/empresafp\/general\/linstitut-jaume-huguet-constitueix-el-seu-primer-consell-assessor-dempreses-de-la-branca-fabricacio-mecanica\/\" title=\"Read L\u2019institut Jaume Huguet Constitueix el seu primer Consell Assessor d&#8217;empreses de la branca Fabricaci\u00f3 Mec\u00e0nica\">Llegeix m\u00e9s\u00bb<\/a><\/p>\n","protected":false},"author":27,"featured_media":9122,"comment_status":"open","ping_status":"closed","sticky":false,"template":"","format":"standard","meta":{"_bbp_topic_count":0,"_bbp_reply_count":0,"_bbp_total_topic_count":0,"_bbp_total_reply_count":0,"_bbp_voice_count":0,"_bbp_anonymous_reply_count":0,"_bbp_topic_count_hidden":0,"_bbp_reply_count_hidden":0,"_bbp_forum_subforum_count":0,"footnotes":""},"categories":[309,285,1,306],"tags":[],"class_list":["post-9121","post","type-post","status-publish","format-standard","has-post-thumbnail","hentry","category-bones-practiques-centres","category-empresa-fp","category-general","category-portada"],"post_mailing_queue_ids":[],"_links":{"self":[{"href":"https:\/\/projectes.xtec.cat\/empresafp\/wp-json\/wp\/v2\/posts\/9121","targetHints":{"allow":["GET"]}}],"collection":[{"href":"https:\/\/projectes.xtec.cat\/empresafp\/wp-json\/wp\/v2\/posts"}],"about":[{"href":"https:\/\/projectes.xtec.cat\/empresafp\/wp-json\/wp\/v2\/types\/post"}],"author":[{"embeddable":true,"href":"https:\/\/projectes.xtec.cat\/empresafp\/wp-json\/wp\/v2\/users\/27"}],"replies":[{"embeddable":true,"href":"https:\/\/projectes.xtec.cat\/empresafp\/wp-json\/wp\/v2\/comments?post=9121"}],"version-history":[{"count":4,"href":"https:\/\/projectes.xtec.cat\/empresafp\/wp-json\/wp\/v2\/posts\/9121\/revisions"}],"predecessor-version":[{"id":9135,"href":"https:\/\/projectes.xtec.cat\/empresafp\/wp-json\/wp\/v2\/posts\/9121\/revisions\/9135"}],"wp:featuredmedia":[{"embeddable":true,"href":"https:\/\/projectes.xtec.cat\/empresafp\/wp-json\/wp\/v2\/media\/9122"}],"wp:attachment":[{"href":"https:\/\/projectes.xtec.cat\/empresafp\/wp-json\/wp\/v2\/media?parent=9121"}],"wp:term":[{"taxonomy":"category","embeddable":true,"href":"https:\/\/projectes.xtec.cat\/empresafp\/wp-json\/wp\/v2\/categories?post=9121"},{"taxonomy":"post_tag","embeddable":true,"href":"https:\/\/projectes.xtec.cat\/empresafp\/wp-json\/wp\/v2\/tags?post=9121"}],"curies":[{"name":"wp","href":"https:\/\/api.w.org\/{rel}","templated":true}]}}