{"id":9139,"date":"2022-10-03T16:45:40","date_gmt":"2022-10-03T14:45:40","guid":{"rendered":"https:\/\/projectes.xtec.cat\/empresafp\/?p=9139"},"modified":"2022-11-18T12:16:47","modified_gmt":"2022-11-18T11:16:47","slug":"empresafp-participa-a-la-setmana-de-la-internacionalitzacio-2022","status":"publish","type":"post","link":"https:\/\/projectes.xtec.cat\/empresafp\/general\/empresafp-participa-a-la-setmana-de-la-internacionalitzacio-2022\/","title":{"rendered":"EmpresaFP participa a la Setmana  de la Internacionalitzaci\u00f3 2022"},"content":{"rendered":"<p>EmpresaFP, MobilitatFP, FP Dual, i el Servei d\u2019Ordenaci\u00f3 de la Formaci\u00f3 Professional Inicial participem a la Setmana de la Internacionalitzaci\u00f3 2022 que organitza ACCI\u00d3. Ens hi trobareu el dia 19 d\u2019octubre com a ponents en el <em>Speaker\u2019s Corner<\/em>.<\/p>\n<p style=\"text-align: left;\">Durant la jornada es parlar\u00e0 dels nous escenaris i estrat\u00e8gies per a les empreses en un m\u00f3n post-globalitzat. Tamb\u00e9 es donar\u00e0 a con\u00e8ixer el panorama actual de la log\u00edstica i del comer\u00e7 internacional, tot incidint en les oportunitats de formaci\u00f3 en altres pa\u00efsos.<a href=\"https:\/\/projectes.xtec.cat\/empresafp\/wp-content\/uploads\/usu779\/2022\/10\/banner_setmana_839x463px.jpg\"><img loading=\"lazy\" decoding=\"async\" class=\"size-full wp-image-9140 alignleft\" src=\"https:\/\/projectes.xtec.cat\/empresafp\/wp-content\/uploads\/usu779\/2022\/10\/banner_setmana_839x463px.jpg\" alt=\"\" width=\"839\" height=\"463\" \/><\/a><\/p>\n<p>Informaci\u00f3 sobre les nostres pon\u00e8ncies:<\/p>\n<p><strong style=\"font-family: inherit; font-size: 1em;\">La mobilitat dels aprenents d&#8217;FP dual des de l&#8217;empresa, qu\u00e8 hi guanyem?<\/strong><\/p>\n<p>12.00 h \u2013 12.20 h<\/p>\n<ul>\n<li><strong>Els serveis dels centres de formaci\u00f3 professional adre\u00e7ats a les empreses<\/strong><\/li>\n<\/ul>\n<p>14.00 h \u2013 14.20 h<\/p>\n<p>Enlla\u00e7os d\u2019inter\u00e8s:<\/p>\n<p><a href=\"https:\/\/agora.xtec.cat\/fpdual\/empresa\/\" target=\"_blank\" rel=\"noopener\">Programa Dual<\/a><\/p>\n<p><a href=\"https:\/\/projectes.xtec.cat\/mobilitatfp\/accions\/\" target=\"_blank\" rel=\"noopener\">Programa de mobilitat<\/a><\/p>\n<p><a href=\"https:\/\/projectes.xtec.cat\/empresafp\/wp-content\/uploads\/usu779\/2022\/10\/Cataleg-de-serveis-de-la-FP.pdf\" target=\"_blank\" rel=\"noopener\">Cat\u00e0leg de serveis de l&#8217;FP<\/a><\/p>\n<p><a href=\"https:\/\/projectes.xtec.cat\/empresafp\/wp-content\/uploads\/usu779\/2022\/10\/Competencies-setmana-internacionalitzacio.pdf\" target=\"_blank\" rel=\"noopener\">Compet\u00e8ncies Setmana Internacionalitzaci\u00f3<\/a><\/p>\n<p style=\"text-align: left;\"><a href=\"https:\/\/projectes.xtec.cat\/empresafp\/wp-content\/uploads\/usu779\/2022\/10\/Triptic-Dual-Internacional-catala.pdf\" target=\"_blank\" rel=\"noopener\">Tr\u00edptic Dual Internacional<\/a><\/p>\n","protected":false},"excerpt":{"rendered":"<p>EmpresaFP, MobilitatFP, FP Dual, i el Servei d\u2019Ordenaci\u00f3 de la Formaci\u00f3 Professional Inicial participem a la Setmana de la Internacionalitzaci\u00f3 2022 que organitza ACCI\u00d3. Ens hi trobareu el dia 19 d\u2019octubre com a ponents en el Speaker\u2019s Corner.<br \/>\nDurant la jornada es parlar\u00e0 dels nous escenaris&hellip;  <a href=\"https:\/\/projectes.xtec.cat\/empresafp\/general\/empresafp-participa-a-la-setmana-de-la-internacionalitzacio-2022\/\" title=\"Read EmpresaFP participa a la Setmana  de la Internacionalitzaci\u00f3 2022\">Llegeix m\u00e9s\u00bb<\/a><\/p>\n","protected":false},"author":29,"featured_media":0,"comment_status":"open","ping_status":"closed","sticky":false,"template":"","format":"standard","meta":{"_bbp_topic_count":0,"_bbp_reply_count":0,"_bbp_total_topic_count":0,"_bbp_total_reply_count":0,"_bbp_voice_count":0,"_bbp_anonymous_reply_count":0,"_bbp_topic_count_hidden":0,"_bbp_reply_count_hidden":0,"_bbp_forum_subforum_count":0,"footnotes":""},"categories":[285,1,306],"tags":[],"class_list":["post-9139","post","type-post","status-publish","format-standard","hentry","category-empresa-fp","category-general","category-portada"],"post_mailing_queue_ids":[],"_links":{"self":[{"href":"https:\/\/projectes.xtec.cat\/empresafp\/wp-json\/wp\/v2\/posts\/9139","targetHints":{"allow":["GET"]}}],"collection":[{"href":"https:\/\/projectes.xtec.cat\/empresafp\/wp-json\/wp\/v2\/posts"}],"about":[{"href":"https:\/\/projectes.xtec.cat\/empresafp\/wp-json\/wp\/v2\/types\/post"}],"author":[{"embeddable":true,"href":"https:\/\/projectes.xtec.cat\/empresafp\/wp-json\/wp\/v2\/users\/29"}],"replies":[{"embeddable":true,"href":"https:\/\/projectes.xtec.cat\/empresafp\/wp-json\/wp\/v2\/comments?post=9139"}],"version-history":[{"count":2,"href":"https:\/\/projectes.xtec.cat\/empresafp\/wp-json\/wp\/v2\/posts\/9139\/revisions"}],"predecessor-version":[{"id":9176,"href":"https:\/\/projectes.xtec.cat\/empresafp\/wp-json\/wp\/v2\/posts\/9139\/revisions\/9176"}],"wp:attachment":[{"href":"https:\/\/projectes.xtec.cat\/empresafp\/wp-json\/wp\/v2\/media?parent=9139"}],"wp:term":[{"taxonomy":"category","embeddable":true,"href":"https:\/\/projectes.xtec.cat\/empresafp\/wp-json\/wp\/v2\/categories?post=9139"},{"taxonomy":"post_tag","embeddable":true,"href":"https:\/\/projectes.xtec.cat\/empresafp\/wp-json\/wp\/v2\/tags?post=9139"}],"curies":[{"name":"wp","href":"https:\/\/api.w.org\/{rel}","templated":true}]}}