{"id":9179,"date":"2022-10-20T19:36:23","date_gmt":"2022-10-20T17:36:23","guid":{"rendered":"https:\/\/projectes.xtec.cat\/empresafp\/?p=9179"},"modified":"2022-11-18T13:35:15","modified_gmt":"2022-11-18T12:35:15","slug":"empresa-centre-i-cafe-com-a-nexe-dunio-institut-montsia","status":"publish","type":"post","link":"https:\/\/projectes.xtec.cat\/empresafp\/general\/empresa-centre-i-cafe-com-a-nexe-dunio-institut-montsia\/","title":{"rendered":"Empresa, centre i caf\u00e8 com a nexe d&#8217;uni\u00f3. (Institut Montsi\u00e0)"},"content":{"rendered":"<p>Rere una tassa de caf\u00e8, di\u00e0riament es teixeixen hist\u00f2ries, aliances i bones estones. Un caf\u00e8 \u00e9s tamb\u00e9 un espai de trobada, benvinguda, relaxaci\u00f3 i creixement i en el nostre particular\u00a0<span class=\"hiddenSpellError\">Work<\/span>-caf\u00e8, tots i totes els que formem part d\u2019aquesta meravellosa fam\u00edlia qu\u00e8 \u00e9s l\u2019FP, som benvinguts, benvingudes i convidats.<\/p>\n<p>Avui ens prenem el primer del curs 2022-2023, amb Albert Lleix\u00e0, Plant\u00a0<span class=\"hiddenSpellError\">manager<\/span>\u00a0de\u00a0<span class=\"hiddenSpellError\">Barinsa una empresa ubicada a Santa B\u00e0rbara i que ha aconseguit el seu objectiu\u00a0<strong>\u201cimpressionar-nos\u201d<\/strong>\u00a0i molt gratament.<\/span><\/p>\n<p><span class=\"hiddenSpellError\">Ens encantar\u00e0 explorar junts les m\u00faltiples oportunitats i sinergies que ofereix\u00a0<strong>l\u2019FP Dual,<\/strong>\u00a0perqu\u00e8 talent i caf\u00e8 conreat amb mim \u00e9s apreciat i agrada en tot el M\u00f3n.<\/span><a href=\"https:\/\/projectes.xtec.cat\/empresafp\/wp-content\/uploads\/usu779\/2022\/10\/WhatsApp-Image-2022-10-07-at-01.01.40.jpeg\"><img loading=\"lazy\" decoding=\"async\" class=\"alignnone size-full wp-image-9180\" src=\"https:\/\/projectes.xtec.cat\/empresafp\/wp-content\/uploads\/usu779\/2022\/10\/WhatsApp-Image-2022-10-07-at-01.01.40.jpeg\" alt=\"\" width=\"1024\" height=\"641\" srcset=\"https:\/\/projectes.xtec.cat\/empresafp\/wp-content\/uploads\/usu779\/2022\/10\/WhatsApp-Image-2022-10-07-at-01.01.40.jpeg 1024w, https:\/\/projectes.xtec.cat\/empresafp\/wp-content\/uploads\/usu779\/2022\/10\/WhatsApp-Image-2022-10-07-at-01.01.40-300x188.jpeg 300w, https:\/\/projectes.xtec.cat\/empresafp\/wp-content\/uploads\/usu779\/2022\/10\/WhatsApp-Image-2022-10-07-at-01.01.40-768x481.jpeg 768w\" sizes=\"auto, (max-width: 1024px) 100vw, 1024px\" \/><\/a> <a href=\"https:\/\/projectes.xtec.cat\/empresafp\/wp-content\/uploads\/usu779\/2022\/10\/WhatsApp-Image-2022-10-07-at-01.01.40-1.jpeg\"><img loading=\"lazy\" decoding=\"async\" class=\"alignnone size-full wp-image-9181\" src=\"https:\/\/projectes.xtec.cat\/empresafp\/wp-content\/uploads\/usu779\/2022\/10\/WhatsApp-Image-2022-10-07-at-01.01.40-1.jpeg\" alt=\"\" width=\"913\" height=\"570\" srcset=\"https:\/\/projectes.xtec.cat\/empresafp\/wp-content\/uploads\/usu779\/2022\/10\/WhatsApp-Image-2022-10-07-at-01.01.40-1.jpeg 913w, https:\/\/projectes.xtec.cat\/empresafp\/wp-content\/uploads\/usu779\/2022\/10\/WhatsApp-Image-2022-10-07-at-01.01.40-1-300x187.jpeg 300w, https:\/\/projectes.xtec.cat\/empresafp\/wp-content\/uploads\/usu779\/2022\/10\/WhatsApp-Image-2022-10-07-at-01.01.40-1-768x479.jpeg 768w\" sizes=\"auto, (max-width: 913px) 100vw, 913px\" \/><\/a><\/p>\n","protected":false},"excerpt":{"rendered":"<p>Rere una tassa de caf\u00e8, di\u00e0riament es teixeixen hist\u00f2ries, aliances i bones estones. Un caf\u00e8 \u00e9s tamb\u00e9 un espai de trobada, benvinguda, relaxaci\u00f3 i creixement i en el nostre particular\u00a0Work-caf\u00e8, tots i totes els que formem part d\u2019aquesta meravellosa fam\u00edlia qu\u00e8 \u00e9s l\u2019FP, som benvinguts,&hellip;  <a href=\"https:\/\/projectes.xtec.cat\/empresafp\/general\/empresa-centre-i-cafe-com-a-nexe-dunio-institut-montsia\/\" title=\"Read Empresa, centre i caf\u00e8 com a nexe d&#8217;uni\u00f3. (Institut Montsi\u00e0)\">Llegeix m\u00e9s\u00bb<\/a><\/p>\n","protected":false},"author":14,"featured_media":0,"comment_status":"open","ping_status":"closed","sticky":false,"template":"","format":"standard","meta":{"_bbp_topic_count":0,"_bbp_reply_count":0,"_bbp_total_topic_count":0,"_bbp_total_reply_count":0,"_bbp_voice_count":0,"_bbp_anonymous_reply_count":0,"_bbp_topic_count_hidden":0,"_bbp_reply_count_hidden":0,"_bbp_forum_subforum_count":0,"footnotes":""},"categories":[285,1,306],"tags":[],"class_list":["post-9179","post","type-post","status-publish","format-standard","hentry","category-empresa-fp","category-general","category-portada"],"post_mailing_queue_ids":[],"_links":{"self":[{"href":"https:\/\/projectes.xtec.cat\/empresafp\/wp-json\/wp\/v2\/posts\/9179","targetHints":{"allow":["GET"]}}],"collection":[{"href":"https:\/\/projectes.xtec.cat\/empresafp\/wp-json\/wp\/v2\/posts"}],"about":[{"href":"https:\/\/projectes.xtec.cat\/empresafp\/wp-json\/wp\/v2\/types\/post"}],"author":[{"embeddable":true,"href":"https:\/\/projectes.xtec.cat\/empresafp\/wp-json\/wp\/v2\/users\/14"}],"replies":[{"embeddable":true,"href":"https:\/\/projectes.xtec.cat\/empresafp\/wp-json\/wp\/v2\/comments?post=9179"}],"version-history":[{"count":3,"href":"https:\/\/projectes.xtec.cat\/empresafp\/wp-json\/wp\/v2\/posts\/9179\/revisions"}],"predecessor-version":[{"id":9185,"href":"https:\/\/projectes.xtec.cat\/empresafp\/wp-json\/wp\/v2\/posts\/9179\/revisions\/9185"}],"wp:attachment":[{"href":"https:\/\/projectes.xtec.cat\/empresafp\/wp-json\/wp\/v2\/media?parent=9179"}],"wp:term":[{"taxonomy":"category","embeddable":true,"href":"https:\/\/projectes.xtec.cat\/empresafp\/wp-json\/wp\/v2\/categories?post=9179"},{"taxonomy":"post_tag","embeddable":true,"href":"https:\/\/projectes.xtec.cat\/empresafp\/wp-json\/wp\/v2\/tags?post=9179"}],"curies":[{"name":"wp","href":"https:\/\/api.w.org\/{rel}","templated":true}]}}