{"id":9188,"date":"2022-11-09T08:47:20","date_gmt":"2022-11-09T07:47:20","guid":{"rendered":"https:\/\/projectes.xtec.cat\/empresafp\/?p=9188"},"modified":"2022-11-09T08:47:20","modified_gmt":"2022-11-09T07:47:20","slug":"creacio-consell-assessor-familia-transport-i-manteniment-de-vehicles-de-linstitut-montilivi","status":"publish","type":"post","link":"https:\/\/projectes.xtec.cat\/empresafp\/general\/creacio-consell-assessor-familia-transport-i-manteniment-de-vehicles-de-linstitut-montilivi\/","title":{"rendered":"Creaci\u00f3 Consell Assessor fam\u00edlia Transport i manteniment de Vehicles de l&#8217;institut Montilivi"},"content":{"rendered":"<p>El passat 23 de setembre es va constituir a l\u2019institut Montilivi el Consell Assessor de la fam\u00edlia de Transport i manteniment de vehicles. Amb el recolzament de les empreses Blanmoto i Garatge Plana, de les associacions CORVE i ASETRANS, i amb la pres\u00e8ncia del sindicat CCOO, el Consell Assessor va iniciar la seva tasca fomentant les sin\u00e8rgies necess\u00e0ries per millorar i adequar la formaci\u00f3 dels professionals a les necessitats, cada cop m\u00e9s canviats, del sector del autom\u00f2bil.<\/p>\n<p>Els membres del nou Consell Assessor s\u00f3n: Sra. Neus Aragon\u00e9s de Blanmoto, Sr.Jordi Puig de Garatge Plana, Sr. Jordi Sol\u00e0, president de CORVE, Sr. Eduard Ayach, vice -president d\u2019ASETRANS Girona, Sr. Xavier P\u00e9rez de CCOO, Sr. Rub\u00e9n Pino, director Institut Montilivi, Sr. Jordi Xifra, cap departament Transport i manteniment de vehicles Institut Montilivi, i Sra. Montserrat Carbonell, coordinadora FP de l\u2019institut Montilivi.<\/p>\n<p>Amb l\u2019ajut i recolzament de totes les entitats esmentades iniciem una nova etapa en l\u2019adequaci\u00f3 dels ensenyaments professionals a les necessitats i demandes de les empreses del sector. Esperem que aviat pugui donar els fruits esperats!<a href=\"https:\/\/projectes.xtec.cat\/empresafp\/wp-content\/uploads\/usu779\/2022\/11\/220923-Foto-1a-trobada-Consell-B.jpg\"><img loading=\"lazy\" decoding=\"async\" class=\"alignnone size-large wp-image-9189\" src=\"https:\/\/projectes.xtec.cat\/empresafp\/wp-content\/uploads\/usu779\/2022\/11\/220923-Foto-1a-trobada-Consell-B-1024x768.jpg\" alt=\"\" width=\"1024\" height=\"768\" srcset=\"https:\/\/projectes.xtec.cat\/empresafp\/wp-content\/uploads\/usu779\/2022\/11\/220923-Foto-1a-trobada-Consell-B-1024x768.jpg 1024w, https:\/\/projectes.xtec.cat\/empresafp\/wp-content\/uploads\/usu779\/2022\/11\/220923-Foto-1a-trobada-Consell-B-300x225.jpg 300w, https:\/\/projectes.xtec.cat\/empresafp\/wp-content\/uploads\/usu779\/2022\/11\/220923-Foto-1a-trobada-Consell-B-768x576.jpg 768w, https:\/\/projectes.xtec.cat\/empresafp\/wp-content\/uploads\/usu779\/2022\/11\/220923-Foto-1a-trobada-Consell-B-1536x1152.jpg 1536w, https:\/\/projectes.xtec.cat\/empresafp\/wp-content\/uploads\/usu779\/2022\/11\/220923-Foto-1a-trobada-Consell-B-200x150.jpg 200w, https:\/\/projectes.xtec.cat\/empresafp\/wp-content\/uploads\/usu779\/2022\/11\/220923-Foto-1a-trobada-Consell-B.jpg 1600w\" sizes=\"auto, (max-width: 1024px) 100vw, 1024px\" \/><\/a><\/p>\n","protected":false},"excerpt":{"rendered":"<p>El passat 23 de setembre es va constituir a l\u2019institut Montilivi el Consell Assessor de la fam\u00edlia de Transport i manteniment de vehicles. Amb el recolzament de les empreses Blanmoto i Garatge Plana, de les associacions CORVE i ASETRANS, i amb la pres\u00e8ncia del sindicat&hellip;  <a href=\"https:\/\/projectes.xtec.cat\/empresafp\/general\/creacio-consell-assessor-familia-transport-i-manteniment-de-vehicles-de-linstitut-montilivi\/\" title=\"Read Creaci\u00f3 Consell Assessor fam\u00edlia Transport i manteniment de Vehicles de l&#8217;institut Montilivi\">Llegeix m\u00e9s\u00bb<\/a><\/p>\n","protected":false},"author":32,"featured_media":0,"comment_status":"open","ping_status":"closed","sticky":false,"template":"","format":"standard","meta":{"_bbp_topic_count":0,"_bbp_reply_count":0,"_bbp_total_topic_count":0,"_bbp_total_reply_count":0,"_bbp_voice_count":0,"_bbp_anonymous_reply_count":0,"_bbp_topic_count_hidden":0,"_bbp_reply_count_hidden":0,"_bbp_forum_subforum_count":0,"footnotes":""},"categories":[1],"tags":[],"class_list":["post-9188","post","type-post","status-publish","format-standard","hentry","category-general"],"post_mailing_queue_ids":[],"_links":{"self":[{"href":"https:\/\/projectes.xtec.cat\/empresafp\/wp-json\/wp\/v2\/posts\/9188","targetHints":{"allow":["GET"]}}],"collection":[{"href":"https:\/\/projectes.xtec.cat\/empresafp\/wp-json\/wp\/v2\/posts"}],"about":[{"href":"https:\/\/projectes.xtec.cat\/empresafp\/wp-json\/wp\/v2\/types\/post"}],"author":[{"embeddable":true,"href":"https:\/\/projectes.xtec.cat\/empresafp\/wp-json\/wp\/v2\/users\/32"}],"replies":[{"embeddable":true,"href":"https:\/\/projectes.xtec.cat\/empresafp\/wp-json\/wp\/v2\/comments?post=9188"}],"version-history":[{"count":3,"href":"https:\/\/projectes.xtec.cat\/empresafp\/wp-json\/wp\/v2\/posts\/9188\/revisions"}],"predecessor-version":[{"id":9193,"href":"https:\/\/projectes.xtec.cat\/empresafp\/wp-json\/wp\/v2\/posts\/9188\/revisions\/9193"}],"wp:attachment":[{"href":"https:\/\/projectes.xtec.cat\/empresafp\/wp-json\/wp\/v2\/media?parent=9188"}],"wp:term":[{"taxonomy":"category","embeddable":true,"href":"https:\/\/projectes.xtec.cat\/empresafp\/wp-json\/wp\/v2\/categories?post=9188"},{"taxonomy":"post_tag","embeddable":true,"href":"https:\/\/projectes.xtec.cat\/empresafp\/wp-json\/wp\/v2\/tags?post=9188"}],"curies":[{"name":"wp","href":"https:\/\/api.w.org\/{rel}","templated":true}]}}