{"id":10219,"date":"2024-06-18T11:29:49","date_gmt":"2024-06-18T09:29:49","guid":{"rendered":"https:\/\/projectes.xtec.cat\/ere\/?p=10219"},"modified":"2024-10-01T12:43:31","modified_gmt":"2024-10-01T10:43:31","slug":"el-corarts-omple-el-kursaal-de-manresa","status":"publish","type":"post","link":"https:\/\/projectes.xtec.cat\/ere\/musica\/el-corarts-omple-el-kursaal-de-manresa\/","title":{"rendered":"El CorArts omple el Kursaal de Manresa"},"content":{"rendered":"<p>El teatre Kursaal de Manresa ha acollit el <a href=\"https:\/\/youtu.be\/AZgbhKCy8NI?si=trg0K144zQkTnpEQ\" target=\"_blank\" rel=\"noopener\">CorArts<\/a>. M\u00e9s de 700 alumnes de vuit centres de secund\u00e0ria de la Catalunya Central i Osona han protagonitzat un espectacle \u00fanic que, alhora ha volgut servir per conscienciar sobre una de les amenaces m\u00e9s urgent del nostre present: l&#8217;amena\u00e7a del canvi clim\u00e0tic.<\/p>\n","protected":false},"excerpt":{"rendered":"<p>El teatre Kursaal de Manresa ha acollit el <a href=\"https:\/\/youtu.be\/AZgbhKCy8NI?si=trg0K144zQkTnpEQ\" target=\"_blank\" rel=\"noopener\">CorArts<\/a>. M\u00e9s de 700 alumnes de vuit centres de secund\u00e0ria de la Catalunya Central i Osona han protagonitzat un espectacle \u00fanic que, alhora ha volgut servir per conscienciar sobre una de les amenaces m\u00e9s&hellip;  <a href=\"https:\/\/projectes.xtec.cat\/ere\/musica\/el-corarts-omple-el-kursaal-de-manresa\/\" title=\"Read El CorArts omple el Kursaal de Manresa\">Llegeix m\u00e9s\u00bb<\/a><\/p>\n","protected":false},"author":1,"featured_media":10220,"comment_status":"closed","ping_status":"closed","sticky":false,"template":"","format":"standard","meta":{"_bbp_topic_count":0,"_bbp_reply_count":0,"_bbp_total_topic_count":0,"_bbp_total_reply_count":0,"_bbp_voice_count":0,"_bbp_anonymous_reply_count":0,"_bbp_topic_count_hidden":0,"_bbp_reply_count_hidden":0,"_bbp_forum_subforum_count":0,"footnotes":""},"categories":[290],"tags":[],"class_list":["post-10219","post","type-post","status-publish","format-standard","has-post-thumbnail","hentry","category-musica"],"post_mailing_queue_ids":[],"_links":{"self":[{"href":"https:\/\/projectes.xtec.cat\/ere\/wp-json\/wp\/v2\/posts\/10219","targetHints":{"allow":["GET"]}}],"collection":[{"href":"https:\/\/projectes.xtec.cat\/ere\/wp-json\/wp\/v2\/posts"}],"about":[{"href":"https:\/\/projectes.xtec.cat\/ere\/wp-json\/wp\/v2\/types\/post"}],"author":[{"embeddable":true,"href":"https:\/\/projectes.xtec.cat\/ere\/wp-json\/wp\/v2\/users\/1"}],"replies":[{"embeddable":true,"href":"https:\/\/projectes.xtec.cat\/ere\/wp-json\/wp\/v2\/comments?post=10219"}],"version-history":[{"count":1,"href":"https:\/\/projectes.xtec.cat\/ere\/wp-json\/wp\/v2\/posts\/10219\/revisions"}],"predecessor-version":[{"id":10221,"href":"https:\/\/projectes.xtec.cat\/ere\/wp-json\/wp\/v2\/posts\/10219\/revisions\/10221"}],"wp:featuredmedia":[{"embeddable":true,"href":"https:\/\/projectes.xtec.cat\/ere\/wp-json\/wp\/v2\/media\/10220"}],"wp:attachment":[{"href":"https:\/\/projectes.xtec.cat\/ere\/wp-json\/wp\/v2\/media?parent=10219"}],"wp:term":[{"taxonomy":"category","embeddable":true,"href":"https:\/\/projectes.xtec.cat\/ere\/wp-json\/wp\/v2\/categories?post=10219"},{"taxonomy":"post_tag","embeddable":true,"href":"https:\/\/projectes.xtec.cat\/ere\/wp-json\/wp\/v2\/tags?post=10219"}],"curies":[{"name":"wp","href":"https:\/\/api.w.org\/{rel}","templated":true}]}}