{"id":10375,"date":"2025-01-27T13:42:18","date_gmt":"2025-01-27T12:42:18","guid":{"rendered":"https:\/\/projectes.xtec.cat\/ere\/?p=10375"},"modified":"2025-01-27T13:42:18","modified_gmt":"2025-01-27T12:42:18","slug":"cinque-aniversari-del-projecte-comunitari-lespill-encantat","status":"publish","type":"post","link":"https:\/\/projectes.xtec.cat\/ere\/actualitat\/cinque-aniversari-del-projecte-comunitari-lespill-encantat\/","title":{"rendered":"Cinqu\u00e8 aniversari del projecte comunitari l&#8217;Espill Encantat"},"content":{"rendered":"<p>El proper mes de mar\u00e7 de 2025, el projecte comunitari <strong><em>L\u2019Espill Encantat<\/em><\/strong> celebrar\u00e0 el seu cinqu\u00e8 aniversari amb una nova producci\u00f3 que involucrar\u00e0 m\u00e9s de 400 alumnes de 5 escoles i 3 instituts de la comarca de la Segarra.<\/p>\n<p>Enguany, el projecte torna al<strong> Teatre Municipal Ateneu de Guissona<\/strong> els dies <strong>19 i 20 de mar\u00e7<\/strong>, amb cinc funcions obertes al p\u00fablic escolar i familiar. A m\u00e9s, aquest esdeveniment refor\u00e7a el seu car\u00e0cter transformador gr\u00e0cies a l&#8217;adhesi\u00f3 a l&#8217;<em>Apropa Cultura<\/em> i al <em>Passaport Edunauta<\/em>, reafirmant el comprom\u00eds del Conservatori de Cervera per acostar la cultura a col\u00b7lectius en situaci\u00f3 de vulnerabilitat.<\/p>\n<p>L&#8217;edici\u00f3\u00a0 torna a comptar amb la pres\u00e8ncia d&#8217;Ainet Jounou, actriu de la pel\u00b7l\u00edcula Alcarr\u00e0s, i Josep Ferrer, cantant i actor amb una llarga traject\u00f2ria als principals escenaris del pa\u00eds, com el Gran<br \/>\nTeatre del Liceu. S&#8217;uneixen a aquests protagonistes d&#8217;excepci\u00f3 la Ruth Rius, Laura Cots i Elena Ribera,<\/p>\n<p>Adjuntem el\u00a0<a href=\"https:\/\/projectes.xtec.cat\/ere\/wp-content\/uploads\/usu2534\/2025\/01\/2025_CALENDARI_EspillEncantat.pdf\">Calendari.<\/a><\/p>\n","protected":false},"excerpt":{"rendered":"<p>El proper mes de mar\u00e7 de 2025, el projecte comunitari L\u2019Espill Encantat celebrar\u00e0 el seu cinqu\u00e8 aniversari amb una nova producci\u00f3 que involucrar\u00e0 m\u00e9s de 400 alumnes de 5 escoles i 3 instituts de la comarca de la Segarra.<br \/>\nEnguany, el projecte torna al Teatre Municipal&hellip;  <a href=\"https:\/\/projectes.xtec.cat\/ere\/actualitat\/cinque-aniversari-del-projecte-comunitari-lespill-encantat\/\" title=\"Read Cinqu\u00e8 aniversari del projecte comunitari l&#8217;Espill Encantat\">Llegeix m\u00e9s\u00bb<\/a><\/p>\n","protected":false},"author":1,"featured_media":10376,"comment_status":"closed","ping_status":"closed","sticky":false,"template":"","format":"standard","meta":{"_bbp_topic_count":0,"_bbp_reply_count":0,"_bbp_total_topic_count":0,"_bbp_total_reply_count":0,"_bbp_voice_count":0,"_bbp_anonymous_reply_count":0,"_bbp_topic_count_hidden":0,"_bbp_reply_count_hidden":0,"_bbp_forum_subforum_count":0,"footnotes":""},"categories":[1,285,294,290],"tags":[],"class_list":["post-10375","post","type-post","status-publish","format-standard","has-post-thumbnail","hentry","category-actualitat","category-arts_esceniques","category-dansa","category-musica"],"post_mailing_queue_ids":[],"_links":{"self":[{"href":"https:\/\/projectes.xtec.cat\/ere\/wp-json\/wp\/v2\/posts\/10375","targetHints":{"allow":["GET"]}}],"collection":[{"href":"https:\/\/projectes.xtec.cat\/ere\/wp-json\/wp\/v2\/posts"}],"about":[{"href":"https:\/\/projectes.xtec.cat\/ere\/wp-json\/wp\/v2\/types\/post"}],"author":[{"embeddable":true,"href":"https:\/\/projectes.xtec.cat\/ere\/wp-json\/wp\/v2\/users\/1"}],"replies":[{"embeddable":true,"href":"https:\/\/projectes.xtec.cat\/ere\/wp-json\/wp\/v2\/comments?post=10375"}],"version-history":[{"count":4,"href":"https:\/\/projectes.xtec.cat\/ere\/wp-json\/wp\/v2\/posts\/10375\/revisions"}],"predecessor-version":[{"id":10381,"href":"https:\/\/projectes.xtec.cat\/ere\/wp-json\/wp\/v2\/posts\/10375\/revisions\/10381"}],"wp:featuredmedia":[{"embeddable":true,"href":"https:\/\/projectes.xtec.cat\/ere\/wp-json\/wp\/v2\/media\/10376"}],"wp:attachment":[{"href":"https:\/\/projectes.xtec.cat\/ere\/wp-json\/wp\/v2\/media?parent=10375"}],"wp:term":[{"taxonomy":"category","embeddable":true,"href":"https:\/\/projectes.xtec.cat\/ere\/wp-json\/wp\/v2\/categories?post=10375"},{"taxonomy":"post_tag","embeddable":true,"href":"https:\/\/projectes.xtec.cat\/ere\/wp-json\/wp\/v2\/tags?post=10375"}],"curies":[{"name":"wp","href":"https:\/\/api.w.org\/{rel}","templated":true}]}}