{"id":10406,"date":"2025-02-03T08:16:51","date_gmt":"2025-02-03T07:16:51","guid":{"rendered":"https:\/\/projectes.xtec.cat\/ere\/?p=10406"},"modified":"2025-02-03T08:30:04","modified_gmt":"2025-02-03T07:30:04","slug":"arrenquem-el-nou-quadrimestre-del-talent-creatiu-i-empresa","status":"publish","type":"post","link":"https:\/\/projectes.xtec.cat\/ere\/actualitat\/arrenquem-el-nou-quadrimestre-del-talent-creatiu-i-empresa\/","title":{"rendered":"Arrenquem el nou quadrimestre del Talent Creatiu i Empresa"},"content":{"rendered":"<p><a href=\"https:\/\/projectes.xtec.cat\/ere\/wp-content\/uploads\/usu2534\/2025\/02\/baixa.png\"><img loading=\"lazy\" decoding=\"async\" class=\" wp-image-10407 alignleft\" src=\"https:\/\/projectes.xtec.cat\/ere\/wp-content\/uploads\/usu2534\/2025\/02\/baixa.png\" alt=\"\" width=\"235\" height=\"235\" srcset=\"https:\/\/projectes.xtec.cat\/ere\/wp-content\/uploads\/usu2534\/2025\/02\/baixa.png 225w, https:\/\/projectes.xtec.cat\/ere\/wp-content\/uploads\/usu2534\/2025\/02\/baixa-150x150.png 150w\" sizes=\"auto, (max-width: 235px) 100vw, 235px\" \/><\/a><\/p>\n<p><strong>Iniciem <\/strong>\u00a0els projectes TALENT CREATIU I EMPRESA del <strong>nou quadrimestre.<\/strong><\/p>\n<p><strong>INFORMACIONS PR\u00c8VIES<\/strong><\/p>\n<ul>\n<li>Totes aquestes trobades de presentaci\u00f3 seran <strong>virtuals. <\/strong>Enviarem <strong>l&#8217;enlla\u00e7 <\/strong>\u00a0abans de la trobada de presentaci\u00f3 al professorat responsable i direcci\u00f3 de centre.<\/li>\n<li>Com ja sabeu, la trobada de presentaci\u00f3 \u00e9s important perqu\u00e8 ajuda a entendre millor l&#8217;enc\u00e0rrec del projecte de la m\u00e0 de l&#8217;Empresa que l&#8217;ha creat. Cal que hi <strong>participi el professorat i l&#8217;alumnat implicat<\/strong>, per tal de poder-se impregnar de la \u200bfilosofia de l&#8217;enc\u00e0rrec que t\u00e9 l&#8217;empresa\/instituci\u00f3, el seu enfocament i tamb\u00e9 serveix per resoldre dubtes sobre aspectes generals o especificacions t\u00e8cniques del mateix. Per aix\u00f2 \u00e9s <strong><u>important que assisteixi alumnat i professorat del grup implicat <\/u><\/strong>en el projecte.<\/li>\n<li>La trobada tindr\u00e0 una<strong>\u00a0primera part de presentaci\u00f3 <\/strong>de l&#8217;empresa\/instituci\u00f3, amb les caracter\u00edstiques que la defineixen, la seva missi\u00f3, valors i altres particularitats. Despr\u00e9s passarem<strong>\u00a0a l&#8217;explicaci\u00f3 de l&#8217;enc\u00e0rrec professional<\/strong>\u00a0i les seves especificitats&#8230; Per \u00faltim, donarem un espai a tots els<strong>\u00a0dubtes, aclariments i\/o suggeriments <\/strong>que professorat i alumnat de les Escoles d&#8217;Art plantegeu.<\/li>\n<li>La <strong>durada<\/strong>\u00a0de la trobada de presentaci\u00f3 ser\u00e0\u00a0 al voltant d&#8217;<strong>una\u00a0 hora aproximadament<\/strong>, depenent de les preguntes o dubtes que vagin sorgint i que els centres aneu plantejant.<\/li>\n<\/ul>\n<p>Teniu una <strong>carpeta compartida<\/strong>\u00a0on hi ha la informaci\u00f3 que tenim fins ara de tots els enc\u00e0rrecs i que anirem emplenant amb informaci\u00f3 complement\u00e0ria que ens doni l&#8217;empresa o instituci\u00f3.<\/p>\n<p><strong><u>A TENIR PRESENT:<\/u><\/strong><\/p>\n<ul>\n<li><a href=\"https:\/\/drive.google.com\/drive\/u\/0\/folders\/1DicjzcsvFl0vPLyIe6-9v9Ak-pN7WKk5\" target=\"_blank\" rel=\"noopener\" data-linkindex=\"6\" data-auth=\"NotApplicable\">Carpeta\u00a0 compartida amb documentaci\u00f3 dels projectes TCE<\/a><\/li>\n<li><a href=\"https:\/\/docs.google.com\/spreadsheets\/d\/1nqR5nZLunVqyU77W0Mom7RCnCN8j0f5i\/edit?gid=1242070358#gid=1242070358\" target=\"_blank\" rel=\"noopener\" data-linkindex=\"7\" data-auth=\"NotApplicable\">Calendari TCE<\/a><\/li>\n<li><a href=\"https:\/\/docs.google.com\/spreadsheets\/d\/1d2NnKbFAI_y0PfYwwFCfrfi3V-A4iey5\/edit?gid=1242070358#gid=1242070358\" target=\"_blank\" rel=\"noopener\" data-linkindex=\"8\" data-auth=\"NotApplicable\">Escoles i enc\u00e0rrecs 24-25<\/a><\/li>\n<\/ul>\n<p><strong>TROBADES DE PRESENTACI\u00d3 NOUS PROJECTES: (mireu br\u00edfings i penseu qu\u00e8 voleu preguntar al CLIENT)<\/strong><\/p>\n<ul>\n<li><strong>SOS COSTA BRAVA.<\/strong>4 de febrer. 9.30 h.<\/li>\n<li><strong>AJ. CANET DE MAR. <\/strong>5 de febrer. 9.30 h.<\/li>\n<li><strong>DBAMB\u00da. <\/strong>6 de febrer. 9.30 h.<\/li>\n<li><strong>ICSSL. L\u00ednia gr\u00e0fica. <\/strong>6 de febrer. 9.30 h.<\/li>\n<li><strong>ICSSL. Spot. <\/strong>6 de febrer. 12 h.<\/li>\n<li><strong>IBEC. <\/strong>7 de febrer. 9.30 h.<\/li>\n<\/ul>\n<p><strong>SEG\u00dcENTS TROBADES:<\/strong><\/p>\n<ul data-editing-info=\"{&quot;applyListStyleFromLevel&quot;:true}\">\n<li><strong>DEiFP. Riscos laborals. Material gr\u00e0fic. <\/strong>11\u00a0de febrer. 9.30 h.<\/li>\n<li><strong>ESCOLA CATALANA DE L&#8217;ESPORT. <\/strong>11\u00a0de febrer. 9.30 h.<\/li>\n<li><strong>CREC COWORKING. <\/strong>12\u00a0de febrer. 9.30 h.<\/li>\n<li><strong>R\u00c0DIO CANET DE MAR. <\/strong>14\u00a0de febrer. 9.30 h.<\/li>\n<\/ul>\n<p>&nbsp;<\/p>\n<p>Cordialment.<\/p>\n","protected":false},"excerpt":{"rendered":"<p>Iniciem \u00a0els projectes TALENT CREATIU I EMPRESA del nou quadrimestre.&hellip;  <a href=\"https:\/\/projectes.xtec.cat\/ere\/actualitat\/arrenquem-el-nou-quadrimestre-del-talent-creatiu-i-empresa\/\" title=\"Read Arrenquem el nou quadrimestre del Talent Creatiu i Empresa\">Llegeix m\u00e9s\u00bb<\/a><\/p>\n","protected":false},"author":1,"featured_media":10407,"comment_status":"closed","ping_status":"closed","sticky":false,"template":"","format":"standard","meta":{"_bbp_topic_count":0,"_bbp_reply_count":0,"_bbp_total_topic_count":0,"_bbp_total_reply_count":0,"_bbp_voice_count":0,"_bbp_anonymous_reply_count":0,"_bbp_topic_count_hidden":0,"_bbp_reply_count_hidden":0,"_bbp_forum_subforum_count":0,"footnotes":""},"categories":[1,286],"tags":[322,324],"class_list":["post-10406","post","type-post","status-publish","format-standard","has-post-thumbnail","hentry","category-actualitat","category-apd","tag-arts-plastiques-i-disseny","tag-talent-creatiu-i-empresa"],"post_mailing_queue_ids":[],"_links":{"self":[{"href":"https:\/\/projectes.xtec.cat\/ere\/wp-json\/wp\/v2\/posts\/10406","targetHints":{"allow":["GET"]}}],"collection":[{"href":"https:\/\/projectes.xtec.cat\/ere\/wp-json\/wp\/v2\/posts"}],"about":[{"href":"https:\/\/projectes.xtec.cat\/ere\/wp-json\/wp\/v2\/types\/post"}],"author":[{"embeddable":true,"href":"https:\/\/projectes.xtec.cat\/ere\/wp-json\/wp\/v2\/users\/1"}],"replies":[{"embeddable":true,"href":"https:\/\/projectes.xtec.cat\/ere\/wp-json\/wp\/v2\/comments?post=10406"}],"version-history":[{"count":3,"href":"https:\/\/projectes.xtec.cat\/ere\/wp-json\/wp\/v2\/posts\/10406\/revisions"}],"predecessor-version":[{"id":10410,"href":"https:\/\/projectes.xtec.cat\/ere\/wp-json\/wp\/v2\/posts\/10406\/revisions\/10410"}],"wp:featuredmedia":[{"embeddable":true,"href":"https:\/\/projectes.xtec.cat\/ere\/wp-json\/wp\/v2\/media\/10407"}],"wp:attachment":[{"href":"https:\/\/projectes.xtec.cat\/ere\/wp-json\/wp\/v2\/media?parent=10406"}],"wp:term":[{"taxonomy":"category","embeddable":true,"href":"https:\/\/projectes.xtec.cat\/ere\/wp-json\/wp\/v2\/categories?post=10406"},{"taxonomy":"post_tag","embeddable":true,"href":"https:\/\/projectes.xtec.cat\/ere\/wp-json\/wp\/v2\/tags?post=10406"}],"curies":[{"name":"wp","href":"https:\/\/api.w.org\/{rel}","templated":true}]}}