{"id":10703,"date":"2025-03-24T08:28:11","date_gmt":"2025-03-24T07:28:11","guid":{"rendered":"https:\/\/projectes.xtec.cat\/ere\/?p=10703"},"modified":"2025-03-31T14:19:50","modified_gmt":"2025-03-31T12:19:50","slug":"cinque-aniversari-del-projecte-comunitari-lespill-encantat-2","status":"publish","type":"post","link":"https:\/\/projectes.xtec.cat\/ere\/actualitat\/cinque-aniversari-del-projecte-comunitari-lespill-encantat-2\/","title":{"rendered":"Cinqu\u00e8 aniversari del projecte comunitari L&#8217;Espill Encantat"},"content":{"rendered":"<p>Aquest 2025 el projecte comunitari L\u2019Espill Encantat celebra el seu cinqu\u00e8 aniversari amb una nova producci\u00f3 que involucra m\u00e9s de 400 alumnes de 5 escoles i 3 instituts de la comarca de la Segarra.<\/p>\n<p>El Teatre Municipal Ateneu de\u00a0<a class=\"x1i10hfl xjbqb8w x1ejq31n xd10rxx x1sy0etr x17r0tee x972fbf xcfux6l x1qhh985 xm0m39n x9f619 x1ypdohk xt0psk2 xe8uvvx xdj266r x11i5rnm xat24cr x1mh8g0r xexx8yu x4uap5 x18d9i69 xkhd6sd x16tdsg8 x1hl2dhg xggy1nq x1a2a7pz _aa9_ _a6hd\" tabindex=\"0\" role=\"link\" href=\"https:\/\/www.instagram.com\/explore\/tags\/guissona\/\">#Guissona<\/a>\u00a0s&#8217; ha omplert de magia amb cinc funcions obertes al p\u00fablic escolar i familiar.<\/p>\n<p>A m\u00e9s, aquest esdeveniment refor\u00e7a el seu car\u00e0cter transformador gr\u00e0cies a l\u2019adhesi\u00f3 a l\u2019Apropa Cultura i al Passaport Edunauta, reafirmant el comprom\u00eds del Conservatori de Cervera per acostar la cultura a col\u00b7lectius en situaci\u00f3 de vulnerabilitat.<\/p>\n<p>L\u2019edici\u00f3 torna a comptar amb la pres\u00e8ncia d\u2019Ainet Jounou, actriu de la pel\u00b7l\u00edcula Alcarr\u00e0s, i Josep Ferrer, cantant i actor amb una llarga traject\u00f2ria als principals escenaris del pa\u00eds, com el GranTeatre del Liceu.<\/p>\n<p>S\u2019uneixen a aquests protagonistes d\u2019excepci\u00f3 la Ruth Rius, Laura Cots i Elena Ribera.<\/p>\n<p>Moltes felicitats per la gran feina realitzada!!<\/p>\n<p><a href=\"https:\/\/projectes.xtec.cat\/ere\/wp-content\/uploads\/usu2534\/2025\/03\/2025-Recull-de-premsa-ESPILL-ENCANTAT_compressed.pdf\" target=\"_blank\" rel=\"noopener\">https:\/\/projectes.xtec.cat\/ere\/wp-content\/uploads\/usu2534\/2025\/03\/2025-Recull-de-premsa-ESPILL-ENCANTAT_compressed.pdf<\/a><\/p>\n<p><a href=\"https:\/\/projectes.xtec.cat\/ere\/wp-content\/uploads\/usu2534\/2025\/03\/1742550938379.jpg\"><img loading=\"lazy\" decoding=\"async\" class=\"alignnone size-large wp-image-10704\" src=\"https:\/\/projectes.xtec.cat\/ere\/wp-content\/uploads\/usu2534\/2025\/03\/1742550938379-1024x768.jpg\" alt=\"\" width=\"1024\" height=\"768\" srcset=\"https:\/\/projectes.xtec.cat\/ere\/wp-content\/uploads\/usu2534\/2025\/03\/1742550938379-1024x768.jpg 1024w, https:\/\/projectes.xtec.cat\/ere\/wp-content\/uploads\/usu2534\/2025\/03\/1742550938379-300x225.jpg 300w, https:\/\/projectes.xtec.cat\/ere\/wp-content\/uploads\/usu2534\/2025\/03\/1742550938379-768x576.jpg 768w, https:\/\/projectes.xtec.cat\/ere\/wp-content\/uploads\/usu2534\/2025\/03\/1742550938379-1536x1152.jpg 1536w, https:\/\/projectes.xtec.cat\/ere\/wp-content\/uploads\/usu2534\/2025\/03\/1742550938379-200x150.jpg 200w, https:\/\/projectes.xtec.cat\/ere\/wp-content\/uploads\/usu2534\/2025\/03\/1742550938379.jpg 2048w\" sizes=\"auto, (max-width: 1024px) 100vw, 1024px\" \/><\/a> <a href=\"https:\/\/projectes.xtec.cat\/ere\/wp-content\/uploads\/usu2534\/2025\/03\/1742550938197.jpg\"><img loading=\"lazy\" decoding=\"async\" class=\"alignnone size-large wp-image-10705\" src=\"https:\/\/projectes.xtec.cat\/ere\/wp-content\/uploads\/usu2534\/2025\/03\/1742550938197-1024x576.jpg\" alt=\"\" width=\"1024\" height=\"576\" srcset=\"https:\/\/projectes.xtec.cat\/ere\/wp-content\/uploads\/usu2534\/2025\/03\/1742550938197-1024x576.jpg 1024w, https:\/\/projectes.xtec.cat\/ere\/wp-content\/uploads\/usu2534\/2025\/03\/1742550938197-300x169.jpg 300w, https:\/\/projectes.xtec.cat\/ere\/wp-content\/uploads\/usu2534\/2025\/03\/1742550938197-768x432.jpg 768w, https:\/\/projectes.xtec.cat\/ere\/wp-content\/uploads\/usu2534\/2025\/03\/1742550938197-1536x864.jpg 1536w, https:\/\/projectes.xtec.cat\/ere\/wp-content\/uploads\/usu2534\/2025\/03\/1742550938197.jpg 2048w\" sizes=\"auto, (max-width: 1024px) 100vw, 1024px\" \/><\/a> <a href=\"https:\/\/projectes.xtec.cat\/ere\/wp-content\/uploads\/usu2534\/2025\/03\/1742550938165.jpg\"><img loading=\"lazy\" decoding=\"async\" class=\"alignnone size-large wp-image-10706\" src=\"https:\/\/projectes.xtec.cat\/ere\/wp-content\/uploads\/usu2534\/2025\/03\/1742550938165-1024x576.jpg\" alt=\"\" width=\"1024\" height=\"576\" srcset=\"https:\/\/projectes.xtec.cat\/ere\/wp-content\/uploads\/usu2534\/2025\/03\/1742550938165-1024x576.jpg 1024w, https:\/\/projectes.xtec.cat\/ere\/wp-content\/uploads\/usu2534\/2025\/03\/1742550938165-300x169.jpg 300w, https:\/\/projectes.xtec.cat\/ere\/wp-content\/uploads\/usu2534\/2025\/03\/1742550938165-768x432.jpg 768w, https:\/\/projectes.xtec.cat\/ere\/wp-content\/uploads\/usu2534\/2025\/03\/1742550938165-1536x864.jpg 1536w, https:\/\/projectes.xtec.cat\/ere\/wp-content\/uploads\/usu2534\/2025\/03\/1742550938165.jpg 1600w\" sizes=\"auto, (max-width: 1024px) 100vw, 1024px\" \/><\/a><a href=\"https:\/\/projectes.xtec.cat\/ere\/wp-content\/uploads\/usu2534\/2025\/03\/1742550938251.jpg\"><img loading=\"lazy\" decoding=\"async\" class=\"alignnone size-large wp-image-10707\" src=\"https:\/\/projectes.xtec.cat\/ere\/wp-content\/uploads\/usu2534\/2025\/03\/1742550938251-1024x768.jpg\" alt=\"\" width=\"1024\" height=\"768\" srcset=\"https:\/\/projectes.xtec.cat\/ere\/wp-content\/uploads\/usu2534\/2025\/03\/1742550938251-1024x768.jpg 1024w, https:\/\/projectes.xtec.cat\/ere\/wp-content\/uploads\/usu2534\/2025\/03\/1742550938251-300x225.jpg 300w, https:\/\/projectes.xtec.cat\/ere\/wp-content\/uploads\/usu2534\/2025\/03\/1742550938251-768x576.jpg 768w, https:\/\/projectes.xtec.cat\/ere\/wp-content\/uploads\/usu2534\/2025\/03\/1742550938251-1536x1152.jpg 1536w, https:\/\/projectes.xtec.cat\/ere\/wp-content\/uploads\/usu2534\/2025\/03\/1742550938251-200x150.jpg 200w, https:\/\/projectes.xtec.cat\/ere\/wp-content\/uploads\/usu2534\/2025\/03\/1742550938251.jpg 1600w\" sizes=\"auto, (max-width: 1024px) 100vw, 1024px\" \/><\/a><\/p>\n<p><iframe loading=\"lazy\" title=\"L&#039; Espill Encantat 2025 (1)\" width=\"500\" height=\"281\" src=\"https:\/\/www.youtube.com\/embed\/zJBmk-r0ygA?feature=oembed\" frameborder=\"0\" allow=\"accelerometer; autoplay; clipboard-write; encrypted-media; gyroscope; picture-in-picture; web-share\" referrerpolicy=\"strict-origin-when-cross-origin\" allowfullscreen><\/iframe><\/p>\n<p><iframe loading=\"lazy\" title=\"L&#039;Espill Encantat 2025 (2)\" width=\"500\" height=\"281\" src=\"https:\/\/www.youtube.com\/embed\/HKHkImFiGjk?feature=oembed\" frameborder=\"0\" allow=\"accelerometer; autoplay; clipboard-write; encrypted-media; gyroscope; picture-in-picture; web-share\" referrerpolicy=\"strict-origin-when-cross-origin\" allowfullscreen><\/iframe><\/p>\n<p><iframe loading=\"lazy\" title=\"L&#039;Espill Encantat 2025 (3)\" width=\"500\" height=\"281\" src=\"https:\/\/www.youtube.com\/embed\/5MxJd9vs1so?feature=oembed\" frameborder=\"0\" allow=\"accelerometer; autoplay; clipboard-write; encrypted-media; gyroscope; picture-in-picture; web-share\" referrerpolicy=\"strict-origin-when-cross-origin\" allowfullscreen><\/iframe><\/p>\n","protected":false},"excerpt":{"rendered":"<p>Aquest 2025 el projecte comunitari L\u2019Espill Encantat celebra el seu cinqu\u00e8 aniversari amb una nova producci\u00f3 que involucra m\u00e9s de 400 alumnes de 5 escoles i 3 instituts de la comarca de la Segarra.<br \/>\nEl Teatre Municipal Ateneu de\u00a0<a class=\"x1i10hfl xjbqb8w x1ejq31n xd10rxx x1sy0etr x17r0tee x972fbf&hellip;  <a href=\"https:\/\/projectes.xtec.cat\/ere\/actualitat\/cinque-aniversari-del-projecte-comunitari-lespill-encantat-2\/\" title=\"Read Cinqu\u00e8 aniversari del projecte comunitari L&#8217;Espill Encantat\">Llegeix m\u00e9s\u00bb<\/a><\/p>\n","protected":false},"author":1,"featured_media":10706,"comment_status":"closed","ping_status":"closed","sticky":false,"template":"","format":"standard","meta":{"_bbp_topic_count":0,"_bbp_reply_count":0,"_bbp_total_topic_count":0,"_bbp_total_reply_count":0,"_bbp_voice_count":0,"_bbp_anonymous_reply_count":0,"_bbp_topic_count_hidden":0,"_bbp_reply_count_hidden":0,"_bbp_forum_subforum_count":0,"footnotes":""},"categories":[1,290],"tags":[],"class_list":["post-10703","post","type-post","status-publish","format-standard","has-post-thumbnail","hentry","category-actualitat","category-musica"],"post_mailing_queue_ids":[],"_links":{"self":[{"href":"https:\/\/projectes.xtec.cat\/ere\/wp-json\/wp\/v2\/posts\/10703","targetHints":{"allow":["GET"]}}],"collection":[{"href":"https:\/\/projectes.xtec.cat\/ere\/wp-json\/wp\/v2\/posts"}],"about":[{"href":"https:\/\/projectes.xtec.cat\/ere\/wp-json\/wp\/v2\/types\/post"}],"author":[{"embeddable":true,"href":"https:\/\/projectes.xtec.cat\/ere\/wp-json\/wp\/v2\/users\/1"}],"replies":[{"embeddable":true,"href":"https:\/\/projectes.xtec.cat\/ere\/wp-json\/wp\/v2\/comments?post=10703"}],"version-history":[{"count":2,"href":"https:\/\/projectes.xtec.cat\/ere\/wp-json\/wp\/v2\/posts\/10703\/revisions"}],"predecessor-version":[{"id":10724,"href":"https:\/\/projectes.xtec.cat\/ere\/wp-json\/wp\/v2\/posts\/10703\/revisions\/10724"}],"wp:featuredmedia":[{"embeddable":true,"href":"https:\/\/projectes.xtec.cat\/ere\/wp-json\/wp\/v2\/media\/10706"}],"wp:attachment":[{"href":"https:\/\/projectes.xtec.cat\/ere\/wp-json\/wp\/v2\/media?parent=10703"}],"wp:term":[{"taxonomy":"category","embeddable":true,"href":"https:\/\/projectes.xtec.cat\/ere\/wp-json\/wp\/v2\/categories?post=10703"},{"taxonomy":"post_tag","embeddable":true,"href":"https:\/\/projectes.xtec.cat\/ere\/wp-json\/wp\/v2\/tags?post=10703"}],"curies":[{"name":"wp","href":"https:\/\/api.w.org\/{rel}","templated":true}]}}