{"id":10917,"date":"2025-06-06T07:36:45","date_gmt":"2025-06-06T05:36:45","guid":{"rendered":"https:\/\/projectes.xtec.cat\/ere\/?p=10917"},"modified":"2025-06-10T13:37:22","modified_gmt":"2025-06-10T11:37:22","slug":"anunci-a-empreses-institucions-i-entitats","status":"publish","type":"post","link":"https:\/\/projectes.xtec.cat\/ere\/actualitat\/anunci-a-empreses-institucions-i-entitats\/","title":{"rendered":"Tens una idea? Anunci adre\u00e7at a empreses, institucions i entitats"},"content":{"rendered":"<p>Ets una empresa, instituci\u00f3, entitat, associaci\u00f3&#8230; i voldries fer realitat una idea? L&#8217;alumnat dels cicles formatius d&#8217;Arts Pl\u00e0stiques i Disseny del Departament d&#8217;Educaci\u00f3 i Formaci\u00f3 Professional poden ajudar-te tot oferint-te la possibilitat de crear un cartell, producte, redisseny d&#8217;un espai, guard\u00f3, marxandatge, logo, p\u00e0gina web&#8230; i mil i una opcions m\u00e9s.<\/p>\n<p>&nbsp;<\/p>\n<p>Posa&#8217;t en contacte amb nosaltres i t&#8217;ho explicarem: adre\u00e7a un correu a <a href=\"mailto:artsidisseny.educacio@gencat.cat\">artsidisseny.educacio@gencat.cat<\/a> explicant la teva idea!!<\/p>\n<p>&nbsp;<\/p>\n<p><a href=\"https:\/\/projectes.xtec.cat\/ere\/wp-content\/uploads\/usu2534\/2025\/06\/photo1718269247.jpeg\"><img loading=\"lazy\" decoding=\"async\" class=\"aligncenter wp-image-10918 \" src=\"https:\/\/projectes.xtec.cat\/ere\/wp-content\/uploads\/usu2534\/2025\/06\/photo1718269247-1024x1024.jpeg\" alt=\"\" width=\"355\" height=\"355\" srcset=\"https:\/\/projectes.xtec.cat\/ere\/wp-content\/uploads\/usu2534\/2025\/06\/photo1718269247-1024x1024.jpeg 1024w, https:\/\/projectes.xtec.cat\/ere\/wp-content\/uploads\/usu2534\/2025\/06\/photo1718269247-300x300.jpeg 300w, https:\/\/projectes.xtec.cat\/ere\/wp-content\/uploads\/usu2534\/2025\/06\/photo1718269247-150x150.jpeg 150w, https:\/\/projectes.xtec.cat\/ere\/wp-content\/uploads\/usu2534\/2025\/06\/photo1718269247-768x768.jpeg 768w, https:\/\/projectes.xtec.cat\/ere\/wp-content\/uploads\/usu2534\/2025\/06\/photo1718269247.jpeg 1080w\" sizes=\"auto, (max-width: 355px) 100vw, 355px\" \/><\/a><\/p>\n","protected":false},"excerpt":{"rendered":"<p>L&#8217;alumnat dels cicles formatius d&#8217;Arts Pl\u00e0stiques i Disseny del Departament d&#8217;Educaci\u00f3 i Formaci\u00f3 Professional poden ajudar-te tot oferint-te la possibilitat de crear un cartell, producte, redisseny d&#8217;un espai, guard\u00f3, marxandatge, logo, p\u00e0gina web&#8230; i mil i una opcions m\u00e9s.&hellip;  <a href=\"https:\/\/projectes.xtec.cat\/ere\/actualitat\/anunci-a-empreses-institucions-i-entitats\/\" title=\"Read Tens una idea? Anunci adre\u00e7at a empreses, institucions i entitats\">Llegeix m\u00e9s\u00bb<\/a><\/p>\n","protected":false},"author":1,"featured_media":10919,"comment_status":"closed","ping_status":"open","sticky":false,"template":"","format":"standard","meta":{"_bbp_topic_count":0,"_bbp_reply_count":0,"_bbp_total_topic_count":0,"_bbp_total_reply_count":0,"_bbp_voice_count":0,"_bbp_anonymous_reply_count":0,"_bbp_topic_count_hidden":0,"_bbp_reply_count_hidden":0,"_bbp_forum_subforum_count":0,"footnotes":""},"categories":[1,286],"tags":[328,338,324],"class_list":["post-10917","post","type-post","status-publish","format-standard","has-post-thumbnail","hentry","category-actualitat","category-apd","tag-art-plastiques-i-disseny","tag-talent-creatiu","tag-talent-creatiu-i-empresa"],"post_mailing_queue_ids":[],"_links":{"self":[{"href":"https:\/\/projectes.xtec.cat\/ere\/wp-json\/wp\/v2\/posts\/10917","targetHints":{"allow":["GET"]}}],"collection":[{"href":"https:\/\/projectes.xtec.cat\/ere\/wp-json\/wp\/v2\/posts"}],"about":[{"href":"https:\/\/projectes.xtec.cat\/ere\/wp-json\/wp\/v2\/types\/post"}],"author":[{"embeddable":true,"href":"https:\/\/projectes.xtec.cat\/ere\/wp-json\/wp\/v2\/users\/1"}],"replies":[{"embeddable":true,"href":"https:\/\/projectes.xtec.cat\/ere\/wp-json\/wp\/v2\/comments?post=10917"}],"version-history":[{"count":4,"href":"https:\/\/projectes.xtec.cat\/ere\/wp-json\/wp\/v2\/posts\/10917\/revisions"}],"predecessor-version":[{"id":10951,"href":"https:\/\/projectes.xtec.cat\/ere\/wp-json\/wp\/v2\/posts\/10917\/revisions\/10951"}],"wp:featuredmedia":[{"embeddable":true,"href":"https:\/\/projectes.xtec.cat\/ere\/wp-json\/wp\/v2\/media\/10919"}],"wp:attachment":[{"href":"https:\/\/projectes.xtec.cat\/ere\/wp-json\/wp\/v2\/media?parent=10917"}],"wp:term":[{"taxonomy":"category","embeddable":true,"href":"https:\/\/projectes.xtec.cat\/ere\/wp-json\/wp\/v2\/categories?post=10917"},{"taxonomy":"post_tag","embeddable":true,"href":"https:\/\/projectes.xtec.cat\/ere\/wp-json\/wp\/v2\/tags?post=10917"}],"curies":[{"name":"wp","href":"https:\/\/api.w.org\/{rel}","templated":true}]}}