{"id":10981,"date":"2025-06-30T12:11:47","date_gmt":"2025-06-30T10:11:47","guid":{"rendered":"https:\/\/projectes.xtec.cat\/ere\/?p=10981"},"modified":"2025-06-30T12:11:47","modified_gmt":"2025-06-30T10:11:47","slug":"iv-jornada-apd-en-accio","status":"publish","type":"post","link":"https:\/\/projectes.xtec.cat\/ere\/actualitat\/iv-jornada-apd-en-accio\/","title":{"rendered":"IV JORNADA APD EN ACCI\u00d3"},"content":{"rendered":"<p>Divendres, 27 de juny, va tenir lloc la IV JORNADA APD EN ACCI\u00d3.<\/p>\n<div>\n<p><span data-olk-copy-source=\"MessageBody\">La Jornada consisteix <span class=\"markf1bw6uzyp\" data-markjs=\"true\" data-ogac=\"\" data-ogab=\"\" data-ogsc=\"\" data-ogsb=\"\">en<\/span><b>\u00a0<\/b>un espai de trobada per identificar talent jove. L\u2019alumnat de l\u2019\u00faltim curs dels cicles formatius de grau Superior dels\u00a0<span class=\"markf1bw6uzyp\" data-markjs=\"true\" data-ogac=\"\" data-ogab=\"\" data-ogsc=\"\" data-ogsb=\"\">en<\/span>senyaments d\u2019Arts Pl\u00e0stiques i Disseny va mostrar el seu talent, a trav\u00e9s del seu portafoli, a empreses i institucions mitjan\u00e7ant taules de treball que agrupaven estudiants i professionals dels \u00e0mbits de:<\/span><\/p>\n<\/div>\n<div>\n<ul type=\"disc\">\n<li>Moda i complements<\/li>\n<\/ul>\n<\/div>\n<div>\n<ul type=\"disc\">\n<li>Artesanies (escultura, pintura, cer\u00e0mica&#8230;)<\/li>\n<\/ul>\n<\/div>\n<div>\n<ul type=\"disc\">\n<li>Imatge i comunicaci\u00f3 (animaci\u00f3, fotografia, il\u00b7lustraci\u00f3, web&#8230;)<\/li>\n<\/ul>\n<\/div>\n<div>\n<ul type=\"disc\">\n<li>Disseny d&#8217;espais i producte (instal\u00b7lacions, elements per a l&#8217;espectacle&#8230;)<\/li>\n<\/ul>\n<\/div>\n<div>\n<p>Aqu\u00ed teniu un\u00a0<b><a title=\"https:\/\/www.youtube.com\/watch?v=XG9xWrp2-Sg&amp;t\" href=\"https:\/\/www.youtube.com\/watch?v=XG9xWrp2-Sg&amp;t\" target=\"_blank\" rel=\"noopener noreferrer\" data-auth=\"NotApplicable\">v\u00eddeo resum de la Jornada<\/a><\/b>, que us mostra el funcionament i objectius.<\/p>\n<\/div>\n<p>En aquesta ocasi\u00f3, la jornada va aplegar uns 27 representants de 20 empreses i <span class=\"mark9wctfzqio\" data-markjs=\"true\" data-ogac=\"\" data-ogab=\"\" data-ogsc=\"\" data-ogsb=\"\">en<\/span>titats i 74 alumnes de CFGM d&#8217;APD i 17 Escoles d\u2019Art\/Centres Educatius d\u2019Arts Pl\u00e0stiques i Disseny de tot Catalunya.<\/p>\n<p>Aqu\u00ed podeu veure les <a id=\"OWA463a77e7-4031-c495-dca8-410dacd0bd55\" class=\"x_OWAAutoLink\" title=\"https:\/\/drive.google.com\/drive\/folders\/1A7JS-2SJZRPjfkajjzHaZw7VqLRLX-ou?usp=sharing\" href=\"https:\/\/drive.google.com\/drive\/folders\/1A7JS-2SJZRPjfkajjzHaZw7VqLRLX-ou?usp=sharing\" target=\"_blank\" rel=\"noopener noreferrer\" data-auth=\"NotApplicable\">imatges de la Jornada<\/a><\/p>\n<p>Gr\u00e0cies a les empreses, alumnat i professorat per la seva implicaci\u00f3 i participaci\u00f3.<\/p>\n<p>&nbsp;<\/p>\n<p><a href=\"https:\/\/projectes.xtec.cat\/ere\/wp-content\/uploads\/usu2534\/2025\/06\/IMG-20250627-WA0052.jpg\"><img loading=\"lazy\" decoding=\"async\" class=\"alignnone size-large wp-image-10985\" src=\"https:\/\/projectes.xtec.cat\/ere\/wp-content\/uploads\/usu2534\/2025\/06\/IMG-20250627-WA0052-1024x768.jpg\" alt=\"\" width=\"1024\" height=\"768\" srcset=\"https:\/\/projectes.xtec.cat\/ere\/wp-content\/uploads\/usu2534\/2025\/06\/IMG-20250627-WA0052-1024x768.jpg 1024w, https:\/\/projectes.xtec.cat\/ere\/wp-content\/uploads\/usu2534\/2025\/06\/IMG-20250627-WA0052-300x225.jpg 300w, https:\/\/projectes.xtec.cat\/ere\/wp-content\/uploads\/usu2534\/2025\/06\/IMG-20250627-WA0052-768x576.jpg 768w, https:\/\/projectes.xtec.cat\/ere\/wp-content\/uploads\/usu2534\/2025\/06\/IMG-20250627-WA0052-1536x1152.jpg 1536w, https:\/\/projectes.xtec.cat\/ere\/wp-content\/uploads\/usu2534\/2025\/06\/IMG-20250627-WA0052-200x150.jpg 200w, https:\/\/projectes.xtec.cat\/ere\/wp-content\/uploads\/usu2534\/2025\/06\/IMG-20250627-WA0052.jpg 1600w\" sizes=\"auto, (max-width: 1024px) 100vw, 1024px\" \/><\/a><\/p>\n","protected":false},"excerpt":{"rendered":"<p>Divendres, 27 de juny, va tenir lloc la IV JORNADA APD EN ACCI\u00d3.<\/p>\n<p>La Jornada consisteix en\u00a0un espai de trobada per identificar talent jove. L\u2019alumnat de l\u2019\u00faltim curs dels cicles formatius de grau Superior dels\u00a0ensenyaments d\u2019Arts Pl\u00e0stiques i Disseny va mostrar el seu talent, a trav\u00e9s&hellip;  <a href=\"https:\/\/projectes.xtec.cat\/ere\/actualitat\/iv-jornada-apd-en-accio\/\" title=\"Read IV JORNADA APD EN ACCI\u00d3\">Llegeix m\u00e9s\u00bb<\/a><\/p>\n","protected":false},"author":1,"featured_media":10984,"comment_status":"closed","ping_status":"open","sticky":false,"template":"","format":"standard","meta":{"_bbp_topic_count":0,"_bbp_reply_count":0,"_bbp_total_topic_count":0,"_bbp_total_reply_count":0,"_bbp_voice_count":0,"_bbp_anonymous_reply_count":0,"_bbp_topic_count_hidden":0,"_bbp_reply_count_hidden":0,"_bbp_forum_subforum_count":0,"footnotes":""},"categories":[1],"tags":[],"class_list":["post-10981","post","type-post","status-publish","format-standard","has-post-thumbnail","hentry","category-actualitat"],"post_mailing_queue_ids":[],"_links":{"self":[{"href":"https:\/\/projectes.xtec.cat\/ere\/wp-json\/wp\/v2\/posts\/10981","targetHints":{"allow":["GET"]}}],"collection":[{"href":"https:\/\/projectes.xtec.cat\/ere\/wp-json\/wp\/v2\/posts"}],"about":[{"href":"https:\/\/projectes.xtec.cat\/ere\/wp-json\/wp\/v2\/types\/post"}],"author":[{"embeddable":true,"href":"https:\/\/projectes.xtec.cat\/ere\/wp-json\/wp\/v2\/users\/1"}],"replies":[{"embeddable":true,"href":"https:\/\/projectes.xtec.cat\/ere\/wp-json\/wp\/v2\/comments?post=10981"}],"version-history":[{"count":1,"href":"https:\/\/projectes.xtec.cat\/ere\/wp-json\/wp\/v2\/posts\/10981\/revisions"}],"predecessor-version":[{"id":10986,"href":"https:\/\/projectes.xtec.cat\/ere\/wp-json\/wp\/v2\/posts\/10981\/revisions\/10986"}],"wp:featuredmedia":[{"embeddable":true,"href":"https:\/\/projectes.xtec.cat\/ere\/wp-json\/wp\/v2\/media\/10984"}],"wp:attachment":[{"href":"https:\/\/projectes.xtec.cat\/ere\/wp-json\/wp\/v2\/media?parent=10981"}],"wp:term":[{"taxonomy":"category","embeddable":true,"href":"https:\/\/projectes.xtec.cat\/ere\/wp-json\/wp\/v2\/categories?post=10981"},{"taxonomy":"post_tag","embeddable":true,"href":"https:\/\/projectes.xtec.cat\/ere\/wp-json\/wp\/v2\/tags?post=10981"}],"curies":[{"name":"wp","href":"https:\/\/api.w.org\/{rel}","templated":true}]}}