{"id":10987,"date":"2025-07-04T11:16:11","date_gmt":"2025-07-04T09:16:11","guid":{"rendered":"https:\/\/projectes.xtec.cat\/ere\/?p=10987"},"modified":"2025-07-11T13:21:25","modified_gmt":"2025-07-11T11:21:25","slug":"entrevistes-alumnat-amb-reconeixements-de-canal-taronja-tv","status":"publish","type":"post","link":"https:\/\/projectes.xtec.cat\/ere\/actualitat\/entrevistes-alumnat-amb-reconeixements-de-canal-taronja-tv\/","title":{"rendered":"Entrevistes alumnat amb reconeixements de Canal Taronja TV."},"content":{"rendered":"<p>El passat 26 de juny es va enregistrar el programa &#8220;Protagonistes&#8221;, de Canal Taronja TV.<\/p>\n<p>Va estar dedicat a entrevistar l&#8217;alumnat que va rebre el reconeixement per l&#8217;enc\u00e0rrec professional que ha fet la cadena de televisi\u00f3 dins del Programa Talent Creatiu i Empresa i que ha consistit en un promocional de Canal Taronja, explicant qu\u00e8 \u00e9s i apropant, en 40&#8243;, una visi\u00f3 dels seus continguts al p\u00fablic.<\/p>\n<p>Van rebre el reconeixement la Miriam Arans, Kay Ortiz i Jordi Batlle de l<a href=\"https:\/\/www.arsenal.cat\/index.php\/ca\/\">\u2019EA Arsenal<\/a>\u00a0de Vilafranca del Pened\u00e8s, acompanyats del Ferran Boh\u00e9.<\/p>\n<p>D&#8217;una altra banda, es va donar el premi Canal Taronja TV, que la cadena atorga anualment al que considera el millor projecte final dels cicles formatius d&#8217;arts pl\u00e0stiques i disseny del curs anterior.<\/p>\n<p>La guanyadora, en aquesta edici\u00f3, ha estat la Anna Jos\u00e9 Riera, de l&#8217;EA Terrassa, acompanyada del Rub\u00e9n P\u00e1ez.<\/p>\n<p>Felicitats a tothom&#8230; I gaudiu del programa!<\/p>\n<p>&nbsp;<\/p>\n<p><u><a href=\"https:\/\/www.canaltaronja.cat\/central\/programes\/els-guanyadors-dels-reconeixements-de-canal-taronja-de-talent-creatiu-i-empresa-i-dart-expliquen-els-seus-treballs\/\">https:\/\/www.canaltaronja.cat\/central\/programes\/els-guanyadors-dels-reconeixements-de-canal-taronja-de-talent-creatiu-i-empresa-i-dart-expliquen-els-seus-treballs\/<\/a><\/u><\/p>\n<p><iframe loading=\"lazy\" src=\"\/\/www.youtube.com\/embed\/0YLt-5PJUBw\" width=\"560\" height=\"314\" allowfullscreen=\"allowfullscreen\"><\/iframe><\/p>\n<p>&nbsp;<\/p>\n<p>&nbsp;<\/p>\n<p>&nbsp;<\/p>\n<p>&nbsp;<\/p>\n","protected":false},"excerpt":{"rendered":"<p>El passat 26 de juny es va enregistrar el programa &#8220;Protagonistes&#8221;, de Canal Taronja TV.<br \/>\nVa estar dedicat a entrevistar l&#8217;alumnat que va rebre el reconeixement per l&#8217;enc\u00e0rrec professional que ha fet la cadena de televisi\u00f3 dins del Programa Talent Creatiu i Empresa i que ha&hellip;  <a href=\"https:\/\/projectes.xtec.cat\/ere\/actualitat\/entrevistes-alumnat-amb-reconeixements-de-canal-taronja-tv\/\" title=\"Read Entrevistes alumnat amb reconeixements de Canal Taronja TV.\">Llegeix m\u00e9s\u00bb<\/a><\/p>\n","protected":false},"author":1,"featured_media":10989,"comment_status":"closed","ping_status":"open","sticky":false,"template":"","format":"standard","meta":{"_bbp_topic_count":0,"_bbp_reply_count":0,"_bbp_total_topic_count":0,"_bbp_total_reply_count":0,"_bbp_voice_count":0,"_bbp_anonymous_reply_count":0,"_bbp_topic_count_hidden":0,"_bbp_reply_count_hidden":0,"_bbp_forum_subforum_count":0,"footnotes":""},"categories":[1,286],"tags":[328,360],"class_list":["post-10987","post","type-post","status-publish","format-standard","has-post-thumbnail","hentry","category-actualitat","category-apd","tag-art-plastiques-i-disseny","tag-canal-taronja"],"post_mailing_queue_ids":[],"_links":{"self":[{"href":"https:\/\/projectes.xtec.cat\/ere\/wp-json\/wp\/v2\/posts\/10987","targetHints":{"allow":["GET"]}}],"collection":[{"href":"https:\/\/projectes.xtec.cat\/ere\/wp-json\/wp\/v2\/posts"}],"about":[{"href":"https:\/\/projectes.xtec.cat\/ere\/wp-json\/wp\/v2\/types\/post"}],"author":[{"embeddable":true,"href":"https:\/\/projectes.xtec.cat\/ere\/wp-json\/wp\/v2\/users\/1"}],"replies":[{"embeddable":true,"href":"https:\/\/projectes.xtec.cat\/ere\/wp-json\/wp\/v2\/comments?post=10987"}],"version-history":[{"count":6,"href":"https:\/\/projectes.xtec.cat\/ere\/wp-json\/wp\/v2\/posts\/10987\/revisions"}],"predecessor-version":[{"id":10997,"href":"https:\/\/projectes.xtec.cat\/ere\/wp-json\/wp\/v2\/posts\/10987\/revisions\/10997"}],"wp:featuredmedia":[{"embeddable":true,"href":"https:\/\/projectes.xtec.cat\/ere\/wp-json\/wp\/v2\/media\/10989"}],"wp:attachment":[{"href":"https:\/\/projectes.xtec.cat\/ere\/wp-json\/wp\/v2\/media?parent=10987"}],"wp:term":[{"taxonomy":"category","embeddable":true,"href":"https:\/\/projectes.xtec.cat\/ere\/wp-json\/wp\/v2\/categories?post=10987"},{"taxonomy":"post_tag","embeddable":true,"href":"https:\/\/projectes.xtec.cat\/ere\/wp-json\/wp\/v2\/tags?post=10987"}],"curies":[{"name":"wp","href":"https:\/\/api.w.org\/{rel}","templated":true}]}}