{"id":11045,"date":"2025-11-20T13:44:49","date_gmt":"2025-11-20T12:44:49","guid":{"rendered":"https:\/\/projectes.xtec.cat\/ere\/?p=11045"},"modified":"2025-11-20T13:44:55","modified_gmt":"2025-11-20T12:44:55","slug":"trobada-del-campus-de-les-arts","status":"publish","type":"post","link":"https:\/\/projectes.xtec.cat\/ere\/actualitat\/trobada-del-campus-de-les-arts\/","title":{"rendered":"Trobada del CAMPUS DE LES ARTS"},"content":{"rendered":"<p>El passat 19 de novembre va tenir lloc una nova trobada del CAMPUS DE LES ARTS.<\/p>\n<p>L&#8217;acte tenia com a tema monogr\u00e0fic les experi\u00e8ncies i reptes de la recerca art\u00edstica en el doctorat.\u00a0 Es va comptar amb la pres\u00e8ncia de participants nacionals i internacionals que\u00a0 van compartir les seves experi\u00e8ncies i perspectives sobre la recerca art\u00edstica en l\u2019\u00e0mbit doctoral.<\/p>\n<p>Aquesta jornada volia ser un espai de di\u00e0leg i treball col\u00b7lectiu entre docents, investigadores i investigadors interessats en la intersecci\u00f3 entre pr\u00e0ctica art\u00edstica i recerca acad\u00e8mica. Va ser una oportunitat per intercanviar coneixements, reflexionar conjuntament i enfortir la comunitat investigadora en l\u2019\u00e0mbit de l\u2019art i el disseny.<\/p>\n<p><a href=\"https:\/\/projectes.xtec.cat\/ere\/wp-content\/uploads\/usu2534\/2025\/11\/5834848608358960006.jpg\"><img loading=\"lazy\" decoding=\"async\" class=\"alignnone size-large wp-image-11047\" src=\"https:\/\/projectes.xtec.cat\/ere\/wp-content\/uploads\/usu2534\/2025\/11\/5834848608358960006-1024x768.jpg\" alt=\"\" width=\"1024\" height=\"768\" srcset=\"https:\/\/projectes.xtec.cat\/ere\/wp-content\/uploads\/usu2534\/2025\/11\/5834848608358960006-1024x768.jpg 1024w, https:\/\/projectes.xtec.cat\/ere\/wp-content\/uploads\/usu2534\/2025\/11\/5834848608358960006-300x225.jpg 300w, https:\/\/projectes.xtec.cat\/ere\/wp-content\/uploads\/usu2534\/2025\/11\/5834848608358960006-768x576.jpg 768w, https:\/\/projectes.xtec.cat\/ere\/wp-content\/uploads\/usu2534\/2025\/11\/5834848608358960006-200x150.jpg 200w, https:\/\/projectes.xtec.cat\/ere\/wp-content\/uploads\/usu2534\/2025\/11\/5834848608358960006.jpg 1280w\" sizes=\"auto, (max-width: 1024px) 100vw, 1024px\" \/><\/a> <a href=\"https:\/\/projectes.xtec.cat\/ere\/wp-content\/uploads\/usu2534\/2025\/11\/5834848608358960007.jpg\"><img loading=\"lazy\" decoding=\"async\" class=\"alignnone size-large wp-image-11046\" src=\"https:\/\/projectes.xtec.cat\/ere\/wp-content\/uploads\/usu2534\/2025\/11\/5834848608358960007-1024x768.jpg\" alt=\"\" width=\"1024\" height=\"768\" srcset=\"https:\/\/projectes.xtec.cat\/ere\/wp-content\/uploads\/usu2534\/2025\/11\/5834848608358960007-1024x768.jpg 1024w, https:\/\/projectes.xtec.cat\/ere\/wp-content\/uploads\/usu2534\/2025\/11\/5834848608358960007-300x225.jpg 300w, https:\/\/projectes.xtec.cat\/ere\/wp-content\/uploads\/usu2534\/2025\/11\/5834848608358960007-768x576.jpg 768w, https:\/\/projectes.xtec.cat\/ere\/wp-content\/uploads\/usu2534\/2025\/11\/5834848608358960007-200x150.jpg 200w, https:\/\/projectes.xtec.cat\/ere\/wp-content\/uploads\/usu2534\/2025\/11\/5834848608358960007.jpg 1280w\" sizes=\"auto, (max-width: 1024px) 100vw, 1024px\" \/><\/a><\/p>\n<p>&nbsp;<\/p>\n","protected":false},"excerpt":{"rendered":"<p>El passat 19 de novembre va tenir lloc una nova trobada del CAMPUS DE LES ARTS.<br \/>\nL&#8217;acte tenia com a tema monogr\u00e0fic les experi\u00e8ncies i reptes de la recerca art\u00edstica en el doctorat.\u00a0 Es va comptar amb la pres\u00e8ncia de participants nacionals i internacionals que\u00a0 van&hellip;  <a href=\"https:\/\/projectes.xtec.cat\/ere\/actualitat\/trobada-del-campus-de-les-arts\/\" title=\"Read Trobada del CAMPUS DE LES ARTS\">Llegeix m\u00e9s\u00bb<\/a><\/p>\n","protected":false},"author":1,"featured_media":11047,"comment_status":"closed","ping_status":"open","sticky":false,"template":"","format":"standard","meta":{"_bbp_topic_count":0,"_bbp_reply_count":0,"_bbp_total_topic_count":0,"_bbp_total_reply_count":0,"_bbp_voice_count":0,"_bbp_anonymous_reply_count":0,"_bbp_topic_count_hidden":0,"_bbp_reply_count_hidden":0,"_bbp_forum_subforum_count":0,"footnotes":""},"categories":[1],"tags":[374,373],"class_list":["post-11045","post","type-post","status-publish","format-standard","has-post-thumbnail","hentry","category-actualitat","tag-campus-de-les-arts","tag-eas"],"post_mailing_queue_ids":[],"_links":{"self":[{"href":"https:\/\/projectes.xtec.cat\/ere\/wp-json\/wp\/v2\/posts\/11045","targetHints":{"allow":["GET"]}}],"collection":[{"href":"https:\/\/projectes.xtec.cat\/ere\/wp-json\/wp\/v2\/posts"}],"about":[{"href":"https:\/\/projectes.xtec.cat\/ere\/wp-json\/wp\/v2\/types\/post"}],"author":[{"embeddable":true,"href":"https:\/\/projectes.xtec.cat\/ere\/wp-json\/wp\/v2\/users\/1"}],"replies":[{"embeddable":true,"href":"https:\/\/projectes.xtec.cat\/ere\/wp-json\/wp\/v2\/comments?post=11045"}],"version-history":[{"count":1,"href":"https:\/\/projectes.xtec.cat\/ere\/wp-json\/wp\/v2\/posts\/11045\/revisions"}],"predecessor-version":[{"id":11050,"href":"https:\/\/projectes.xtec.cat\/ere\/wp-json\/wp\/v2\/posts\/11045\/revisions\/11050"}],"wp:featuredmedia":[{"embeddable":true,"href":"https:\/\/projectes.xtec.cat\/ere\/wp-json\/wp\/v2\/media\/11047"}],"wp:attachment":[{"href":"https:\/\/projectes.xtec.cat\/ere\/wp-json\/wp\/v2\/media?parent=11045"}],"wp:term":[{"taxonomy":"category","embeddable":true,"href":"https:\/\/projectes.xtec.cat\/ere\/wp-json\/wp\/v2\/categories?post=11045"},{"taxonomy":"post_tag","embeddable":true,"href":"https:\/\/projectes.xtec.cat\/ere\/wp-json\/wp\/v2\/tags?post=11045"}],"curies":[{"name":"wp","href":"https:\/\/api.w.org\/{rel}","templated":true}]}}