{"id":11053,"date":"2025-11-20T14:01:11","date_gmt":"2025-11-20T13:01:11","guid":{"rendered":"https:\/\/projectes.xtec.cat\/ere\/?p=11053"},"modified":"2025-11-20T14:01:11","modified_gmt":"2025-11-20T13:01:11","slug":"sessio-de-formacio-docent-trobades-corarts-2025-2026","status":"publish","type":"post","link":"https:\/\/projectes.xtec.cat\/ere\/actualitat\/sessio-de-formacio-docent-trobades-corarts-2025-2026\/","title":{"rendered":"Sessi\u00f3 de formaci\u00f3 docent. Trobades CorArts 2025-2026"},"content":{"rendered":"<p>El passat 19 de novembre va tenir lloc una sessi\u00f3 de formaci\u00f3 docent per a les trobades CorArts del Curs 2025-2026.<\/p>\n<p><strong>Qu\u00e8 \u00e9s CorArts?<\/strong><\/p>\n<p>El Departament d\u2019Educaci\u00f3 i Formaci\u00f3 Professional organitza diferents trobades musicals relacionades amb el\u00a0<strong>cant coral<\/strong>\u00a0que es treballa als centres educatius.<\/p>\n<p>A partir del\u00a0<strong>curs 2025-2026<\/strong>, aquestes trobades es faran de forma unificada tant per centres de prim\u00e0ria com per secund\u00e0ria, participant d\u2019un mateix concert en diferents indrets del territori i compartint la cantata \u201cUn cant als estels, el viatge pels amors perduts\u201d, composta pel Petit Taller de Can\u00e7ons amb la col\u00b7laboraci\u00f3 del Camp d\u2019Aprenentatge Pau Casals.<\/p>\n<p>La inscripci\u00f3 va tenir lloc entre el 29 de setembre i el 15 d&#8217;octubre. Ha\u00a0tingut una molt bona acollida que, en forma de n\u00fameros, \u00e9s la seg\u00fcent:<\/p>\n<p><span style=\"font-weight: 400;\">31 centres de prim\u00e0ria \u00a0 \u00a0 \u00a0 <\/span> <span style=\"font-weight: 400;\">1224 alumnes<\/span><\/p>\n<p><span style=\"font-weight: 400;\">57 centres\u00a0 de secund\u00e0ria\u00a0 <\/span> <span style=\"font-weight: 400;\">3085 alumnes<\/span><\/p>\n<p><strong>DADES TOTALS\u00a0 88 centres 4309 alumnes<\/strong><\/p>\n<p>De manera provisional, els concerts tindran lloc:<\/p>\n<table style=\"width: 48.3838%; height: 563px;\">\n<tbody>\n<tr style=\"height: 50px;\">\n<td style=\"height: 50px; width: 23.8876%;\">Data<\/p>\n<p>concert<\/td>\n<td style=\"height: 50px; width: 38.4075%;\">Auditori<\/td>\n<td style=\"height: 50px; width: 36.0656%;\">Poblaci\u00f3<\/td>\n<\/tr>\n<tr style=\"height: 57px;\">\n<td style=\"height: 57px; width: 23.8876%;\">9\/4\/2026<\/td>\n<td style=\"height: 57px; width: 38.4075%;\">Atrium<\/td>\n<td style=\"height: 57px; width: 36.0656%;\">Viladecans<\/td>\n<\/tr>\n<tr style=\"height: 57px;\">\n<td style=\"height: 57px; width: 23.8876%;\">10\/4\/2026<\/td>\n<td style=\"height: 57px; width: 38.4075%;\">TAS \u00a0 Salou<\/td>\n<td style=\"height: 57px; width: 36.0656%;\">Salou<\/td>\n<\/tr>\n<tr style=\"height: 57px;\">\n<td style=\"height: 57px; width: 23.8876%;\">27\/4\/2026<\/td>\n<td style=\"height: 57px; width: 38.4075%;\">Auditori Octavi Ruiz<\/td>\n<td style=\"height: 57px; width: 36.0656%;\">Amposta<\/td>\n<\/tr>\n<tr style=\"height: 57px;\">\n<td style=\"height: 57px; width: 23.8876%;\">8\/5\/2026<\/td>\n<td style=\"height: 57px; width: 38.4075%;\">Auditori \u00a0 Eduard Toldr\u00e0<\/td>\n<td style=\"height: 57px; width: 36.0656%;\">Vilanova \u00a0 i la Geltr\u00fa<\/td>\n<\/tr>\n<tr style=\"height: 57px;\">\n<td style=\"height: 57px; width: 23.8876%;\">11\/5\/2026<\/td>\n<td style=\"height: 57px; width: 38.4075%;\">Teatre \u00a0 Monumental<\/td>\n<td style=\"height: 57px; width: 36.0656%;\">Matar\u00f3<\/td>\n<\/tr>\n<tr style=\"height: 57px;\">\n<td style=\"height: 57px; width: 23.8876%;\">13\/5\/2026<\/td>\n<td style=\"height: 57px; width: 38.4075%;\">Auditori \u00a0 Enric Granados<\/td>\n<td style=\"height: 57px; width: 36.0656%;\">Lleida<\/td>\n<\/tr>\n<tr style=\"height: 57px;\">\n<td style=\"height: 57px; width: 23.8876%;\">14\/5\/2026<\/td>\n<td style=\"height: 57px; width: 38.4075%;\">Kursaal<\/td>\n<td style=\"height: 57px; width: 36.0656%;\">Manresa<\/td>\n<\/tr>\n<tr style=\"height: 57px;\">\n<td style=\"height: 57px; width: 23.8876%;\">20\/5\/2026<\/td>\n<td style=\"height: 57px; width: 38.4075%;\">Teatre-Auditori \u00a0 St. Cugat<\/td>\n<td style=\"height: 57px; width: 36.0656%;\">St. \u00a0 Cugat<\/td>\n<\/tr>\n<tr style=\"height: 57px;\">\n<td style=\"height: 57px; width: 23.8876%;\">26\/5\/2026<\/td>\n<td style=\"height: 57px; width: 38.4075%;\">Espai \u00a0 Ter<\/td>\n<td style=\"height: 57px; width: 36.0656%;\">Torroella \u00a0 de Montgr\u00ed<\/td>\n<\/tr>\n<\/tbody>\n<\/table>\n<p><a href=\"https:\/\/projectes.xtec.cat\/ere\/wp-content\/uploads\/usu2534\/2025\/11\/5834848608358960015.jpg\"><img loading=\"lazy\" decoding=\"async\" class=\"alignnone size-large wp-image-11051\" src=\"https:\/\/projectes.xtec.cat\/ere\/wp-content\/uploads\/usu2534\/2025\/11\/5834848608358960015-1024x768.jpg\" alt=\"\" width=\"1024\" height=\"768\" srcset=\"https:\/\/projectes.xtec.cat\/ere\/wp-content\/uploads\/usu2534\/2025\/11\/5834848608358960015-1024x768.jpg 1024w, https:\/\/projectes.xtec.cat\/ere\/wp-content\/uploads\/usu2534\/2025\/11\/5834848608358960015-300x225.jpg 300w, https:\/\/projectes.xtec.cat\/ere\/wp-content\/uploads\/usu2534\/2025\/11\/5834848608358960015-768x576.jpg 768w, https:\/\/projectes.xtec.cat\/ere\/wp-content\/uploads\/usu2534\/2025\/11\/5834848608358960015-200x150.jpg 200w, https:\/\/projectes.xtec.cat\/ere\/wp-content\/uploads\/usu2534\/2025\/11\/5834848608358960015.jpg 1280w\" sizes=\"auto, (max-width: 1024px) 100vw, 1024px\" \/><\/a> <a href=\"https:\/\/projectes.xtec.cat\/ere\/wp-content\/uploads\/usu2534\/2025\/11\/5834848608358960017-1.jpg\"><img loading=\"lazy\" decoding=\"async\" class=\"alignnone size-large wp-image-11054\" src=\"https:\/\/projectes.xtec.cat\/ere\/wp-content\/uploads\/usu2534\/2025\/11\/5834848608358960017-1-1024x768.jpg\" alt=\"\" width=\"1024\" height=\"768\" srcset=\"https:\/\/projectes.xtec.cat\/ere\/wp-content\/uploads\/usu2534\/2025\/11\/5834848608358960017-1-1024x768.jpg 1024w, https:\/\/projectes.xtec.cat\/ere\/wp-content\/uploads\/usu2534\/2025\/11\/5834848608358960017-1-300x225.jpg 300w, https:\/\/projectes.xtec.cat\/ere\/wp-content\/uploads\/usu2534\/2025\/11\/5834848608358960017-1-768x576.jpg 768w, https:\/\/projectes.xtec.cat\/ere\/wp-content\/uploads\/usu2534\/2025\/11\/5834848608358960017-1-200x150.jpg 200w, https:\/\/projectes.xtec.cat\/ere\/wp-content\/uploads\/usu2534\/2025\/11\/5834848608358960017-1.jpg 1280w\" sizes=\"auto, (max-width: 1024px) 100vw, 1024px\" \/><\/a><\/p>\n","protected":false},"excerpt":{"rendered":"<p>El passat 19 de novembre va tenir lloc una sessi\u00f3 de formaci\u00f3 docent per a les trobades CorArts del Curs 2025-2026.<br \/>\nQu\u00e8 \u00e9s CorArts?<br \/>\nEl Departament d\u2019Educaci\u00f3 i Formaci\u00f3 Professional organitza diferents trobades musicals relacionades amb el\u00a0cant coral\u00a0que es treballa als centres educatius.<br \/>\nA partir del\u00a0curs 2025-2026, aquestes&hellip;  <a href=\"https:\/\/projectes.xtec.cat\/ere\/actualitat\/sessio-de-formacio-docent-trobades-corarts-2025-2026\/\" title=\"Read Sessi\u00f3 de formaci\u00f3 docent. Trobades CorArts 2025-2026\">Llegeix m\u00e9s\u00bb<\/a><\/p>\n","protected":false},"author":1,"featured_media":11051,"comment_status":"closed","ping_status":"open","sticky":false,"template":"","format":"standard","meta":{"_bbp_topic_count":0,"_bbp_reply_count":0,"_bbp_total_topic_count":0,"_bbp_total_reply_count":0,"_bbp_voice_count":0,"_bbp_anonymous_reply_count":0,"_bbp_topic_count_hidden":0,"_bbp_reply_count_hidden":0,"_bbp_forum_subforum_count":0,"footnotes":""},"categories":[1],"tags":[375,317],"class_list":["post-11053","post","type-post","status-publish","format-standard","has-post-thumbnail","hentry","category-actualitat","tag-corarts","tag-musica"],"post_mailing_queue_ids":[],"_links":{"self":[{"href":"https:\/\/projectes.xtec.cat\/ere\/wp-json\/wp\/v2\/posts\/11053","targetHints":{"allow":["GET"]}}],"collection":[{"href":"https:\/\/projectes.xtec.cat\/ere\/wp-json\/wp\/v2\/posts"}],"about":[{"href":"https:\/\/projectes.xtec.cat\/ere\/wp-json\/wp\/v2\/types\/post"}],"author":[{"embeddable":true,"href":"https:\/\/projectes.xtec.cat\/ere\/wp-json\/wp\/v2\/users\/1"}],"replies":[{"embeddable":true,"href":"https:\/\/projectes.xtec.cat\/ere\/wp-json\/wp\/v2\/comments?post=11053"}],"version-history":[{"count":1,"href":"https:\/\/projectes.xtec.cat\/ere\/wp-json\/wp\/v2\/posts\/11053\/revisions"}],"predecessor-version":[{"id":11055,"href":"https:\/\/projectes.xtec.cat\/ere\/wp-json\/wp\/v2\/posts\/11053\/revisions\/11055"}],"wp:featuredmedia":[{"embeddable":true,"href":"https:\/\/projectes.xtec.cat\/ere\/wp-json\/wp\/v2\/media\/11051"}],"wp:attachment":[{"href":"https:\/\/projectes.xtec.cat\/ere\/wp-json\/wp\/v2\/media?parent=11053"}],"wp:term":[{"taxonomy":"category","embeddable":true,"href":"https:\/\/projectes.xtec.cat\/ere\/wp-json\/wp\/v2\/categories?post=11053"},{"taxonomy":"post_tag","embeddable":true,"href":"https:\/\/projectes.xtec.cat\/ere\/wp-json\/wp\/v2\/tags?post=11053"}],"curies":[{"name":"wp","href":"https:\/\/api.w.org\/{rel}","templated":true}]}}