{"id":11056,"date":"2025-11-20T14:05:45","date_gmt":"2025-11-20T13:05:45","guid":{"rendered":"https:\/\/projectes.xtec.cat\/ere\/?p=11056"},"modified":"2025-11-20T14:05:45","modified_gmt":"2025-11-20T13:05:45","slug":"talent-creatiu-i-empresa-trobades-de-seguiment-en-marxa","status":"publish","type":"post","link":"https:\/\/projectes.xtec.cat\/ere\/actualitat\/talent-creatiu-i-empresa-trobades-de-seguiment-en-marxa\/","title":{"rendered":"Talent Creatiu i Empresa. Trobades de seguiment en marxa"},"content":{"rendered":"<p>Aquesta setmana s&#8217;han iniciat les trobades de seguiment del Programa <a href=\"https:\/\/xtec.gencat.cat\/ca\/curriculum\/professionals\/artistics\/artsplastdis\/innovacio\/talent-creatiu-i-empresa\/\">TALENT CREATIU I EMPRESA.<\/a><\/p>\n<p>El Programa El programa Talent creatiu i empresa fomenta la realitzaci\u00f3 de projectes que desenvolupin estrat\u00e8gies de relaci\u00f3 en el camp de la innovaci\u00f3 i l\u2019intercanvi de coneixement entre els centres docents d\u2019arts pl\u00e0stiques i disseny i les empreses, institucions i entitats que permetin als estudiants integrar en el seu aprenentatge l\u2019entorn real d\u2019un ambient laboral. Tamb\u00e9 fomenta l\u2019adquisici\u00f3 d\u2019h\u00e0bits de relacions humanes a l\u2019empresa: el treball en equip, l\u2019orientaci\u00f3 cap al client, el sentit d\u2019iniciativa i l\u2019esperit emprenedor, la cultura d\u2019empresa, la innovaci\u00f3 tecnol\u00f2gica i els perfils professionals, entre d\u2019altres.<\/p>\n<p>Les dates de les trobades de seguiment s\u00f3n les seg\u00fcents:<\/p>\n<div><u data-olk-copy-source=\"MessageBody\">TROBADES DE SEGUIMENT. AVANT-PROJECTE<\/u><\/div>\n<div><\/div>\n<ul>\n<li>\n<div role=\"presentation\"><b>ARTESANIA MARC\u00d3 SL \/FUNDACI\u00d3 DRISSA<\/b>. 17 de novembre. 9.30 h.<\/div>\n<\/li>\n<li>\n<div role=\"presentation\"><b>DEP. IGUALTAT I FEMINISME<\/b>. 18 de novembre. 9.30 h.<\/div>\n<\/li>\n<li>\n<div role=\"presentation\"><b>DEP. EDUCACI\u00d3 I FP.<\/b>\u00a0Emerg\u00e8ncies Serveis Centrals DEiFP. 9.30 h.<\/div>\n<\/li>\n<li>\n<div role=\"presentation\"><b>DEP. EDUCACI\u00d3 I FP<\/b>. Promoci\u00f3 Salut DEiFP. 12 h.<\/div>\n<\/li>\n<li>\n<div role=\"presentation\"><b>ICSSL.Cartell 28 abril<\/b>. 20 de novembre. 9.30 h.<\/div>\n<\/li>\n<li>\n<div role=\"presentation\"><b>ICSSL. L\u00ednia gr\u00e0fica<\/b>. 20 de novembre. 12 h.<\/div>\n<\/li>\n<li>\n<div role=\"presentation\"><b>ICSSL. Pictogrames<\/b>. 21 de novembre. 9.30 h.<\/div>\n<\/li>\n<li>\n<div role=\"presentation\"><b>VILASSAR DE DALT CONTRA EL C\u00c0NCER<\/b>. 26 de novembre. 9.30 h.<\/div>\n<\/li>\n<li>\n<div role=\"presentation\"><b>AJ. TEI\u00c0<\/b>. 27 de novembre. 9.30 h.<\/div>\n<\/li>\n<li>\n<div role=\"presentation\"><b>SOS COSTA BRAVA<\/b>. 28 de novembre 9.30 h.<\/div>\n<\/li>\n<li>\n<div role=\"presentation\"><b>AJ. BEGUR. Cartell Peix Roca.<\/b>\u00a02 de desembre. 9.30 h.<\/div>\n<\/li>\n<li>\n<div role=\"presentation\"><b>AJ. BEGUR. Redisseny oficina turisme<\/b>. 2 de desembre.12 h.<\/div>\n<\/li>\n<\/ul>\n","protected":false},"excerpt":{"rendered":"<p>Aquesta setmana s&#8217;han iniciat les trobades de seguiment del Programa <a href=\"https:\/\/xtec.gencat.cat\/ca\/curriculum\/professionals\/artistics\/artsplastdis\/innovacio\/talent-creatiu-i-empresa\/\">TALENT CREATIU I EMPRESA.<\/a><br \/>\nEl Programa El programa Talent creatiu i empresa fomenta la realitzaci\u00f3 de projectes que desenvolupin estrat\u00e8gies de relaci\u00f3 en el camp de la innovaci\u00f3 i l\u2019intercanvi de coneixement entre els centres&hellip;  <a href=\"https:\/\/projectes.xtec.cat\/ere\/actualitat\/talent-creatiu-i-empresa-trobades-de-seguiment-en-marxa\/\" title=\"Read Talent Creatiu i Empresa. Trobades de seguiment en marxa\">Llegeix m\u00e9s\u00bb<\/a><\/p>\n","protected":false},"author":1,"featured_media":10919,"comment_status":"closed","ping_status":"open","sticky":false,"template":"","format":"standard","meta":{"_bbp_topic_count":0,"_bbp_reply_count":0,"_bbp_total_topic_count":0,"_bbp_total_reply_count":0,"_bbp_voice_count":0,"_bbp_anonymous_reply_count":0,"_bbp_topic_count_hidden":0,"_bbp_reply_count_hidden":0,"_bbp_forum_subforum_count":0,"footnotes":""},"categories":[1],"tags":[356,324],"class_list":["post-11056","post","type-post","status-publish","format-standard","has-post-thumbnail","hentry","category-actualitat","tag-apd","tag-talent-creatiu-i-empresa"],"post_mailing_queue_ids":[],"_links":{"self":[{"href":"https:\/\/projectes.xtec.cat\/ere\/wp-json\/wp\/v2\/posts\/11056","targetHints":{"allow":["GET"]}}],"collection":[{"href":"https:\/\/projectes.xtec.cat\/ere\/wp-json\/wp\/v2\/posts"}],"about":[{"href":"https:\/\/projectes.xtec.cat\/ere\/wp-json\/wp\/v2\/types\/post"}],"author":[{"embeddable":true,"href":"https:\/\/projectes.xtec.cat\/ere\/wp-json\/wp\/v2\/users\/1"}],"replies":[{"embeddable":true,"href":"https:\/\/projectes.xtec.cat\/ere\/wp-json\/wp\/v2\/comments?post=11056"}],"version-history":[{"count":1,"href":"https:\/\/projectes.xtec.cat\/ere\/wp-json\/wp\/v2\/posts\/11056\/revisions"}],"predecessor-version":[{"id":11057,"href":"https:\/\/projectes.xtec.cat\/ere\/wp-json\/wp\/v2\/posts\/11056\/revisions\/11057"}],"wp:featuredmedia":[{"embeddable":true,"href":"https:\/\/projectes.xtec.cat\/ere\/wp-json\/wp\/v2\/media\/10919"}],"wp:attachment":[{"href":"https:\/\/projectes.xtec.cat\/ere\/wp-json\/wp\/v2\/media?parent=11056"}],"wp:term":[{"taxonomy":"category","embeddable":true,"href":"https:\/\/projectes.xtec.cat\/ere\/wp-json\/wp\/v2\/categories?post=11056"},{"taxonomy":"post_tag","embeddable":true,"href":"https:\/\/projectes.xtec.cat\/ere\/wp-json\/wp\/v2\/tags?post=11056"}],"curies":[{"name":"wp","href":"https:\/\/api.w.org\/{rel}","templated":true}]}}