{"id":11072,"date":"2025-12-09T14:26:00","date_gmt":"2025-12-09T13:26:00","guid":{"rendered":"https:\/\/projectes.xtec.cat\/ere\/?p=11072"},"modified":"2025-12-09T14:26:00","modified_gmt":"2025-12-09T13:26:00","slug":"2a-mostra-darts-esceniques-deifp","status":"publish","type":"post","link":"https:\/\/projectes.xtec.cat\/ere\/actualitat\/2a-mostra-darts-esceniques-deifp\/","title":{"rendered":"2a. Mostra d&#8217;Arts Esc\u00e8niques. DEiFP"},"content":{"rendered":"<p>El dia 14 d\u2019abril de 2026 a les 12 del migdia se celebrar\u00e0 al Teatre Coliseum de Barcelona la 2a Mostra d\u2019arts esc\u00e8niques del Departament d\u2019Educaci\u00f3 i Formaci\u00f3 Professional, un espectacle multidisciplinar dels centres que imparteixen els\u00a0<a title=\"Ves-hi\" href=\"https:\/\/triaeducativa.gencat.cat\/ca\/artistics-esportius\/arts-esceniques\/\">cicles formatius d\u2019arts esc\u00e8niques<\/a>. La Mostra presenta una dotzena de n\u00fameros de circ, teatre, danses urbanes i m\u00fasica interpretats pels alumnes dels cicles de la fam\u00edlia d\u2019arts esc\u00e8niques, t\u00edtols propis de la Generalitat de Catalunya, i s\u2019adre\u00e7a a l\u2019alumnat de 4t d\u2019ESO i Batxillerat que t\u00e9 inter\u00e8s en aquesta oferta educativa. Igualment, hi poden assistir estudiants d\u2019altres nivells educatius de l\u2019ensenyament secundari, la formaci\u00f3 professional i el batxillerat fins a completar l\u2019aforament del teatre.<\/p>\n<p>Els\u00a0<strong>cicles formatius d&#8217;arts esc\u00e8niques<\/strong>\u00a0ofereixen formaci\u00f3 professional en \u00e0mbits com el circ, el teatre, la dansa i la m\u00fasica, i capaciten per a l&#8217;exercici d&#8217;una professi\u00f3 concreta. S&#8217;hi treballen les t\u00e8cniques, la sensibilitat art\u00edstica, la cultura esc\u00e8nica i musical, la creativitat i la capacitaci\u00f3 per a la incorporaci\u00f3 al m\u00f3n laboral amb autonomia.<\/p>\n<p>M\u00e9s informaci\u00f3 i inscripcions:<\/p>\n<ul type=\"disc\">\n<li class=\"x_MsoNormal\"><span lang=\"CA\" data-olk-copy-source=\"MessageBody\">Tria educativa:\u00a0<a title=\"https:\/\/triaeducativa.gencat.cat\/ca\/actualitat\/2a-mostra-arts-esceniques\/\" href=\"https:\/\/triaeducativa.gencat.cat\/ca\/actualitat\/2a-mostra-arts-esceniques\/\" target=\"_blank\" rel=\"noopener noreferrer\" data-auth=\"NotApplicable\" data-linkindex=\"0\">https:\/\/triaeducativa.gencat.cat\/ca\/actualitat\/2a-mostra-arts-esceniques\/<\/a><\/span><\/li>\n<li class=\"x_MsoNormal\"><span lang=\"CA\">XTEC:\u00a0<a id=\"anchor-5465548a-1386-3b72-de56-be99e6f2502e\" title=\"https:\/\/xtec.gencat.cat\/ca\/agenda\/2a-Mostra-dArts-Esceniques\" href=\"https:\/\/xtec.gencat.cat\/ca\/agenda\/2a-Mostra-dArts-Esceniques\" target=\"_blank\" rel=\"noopener noreferrer\" data-auth=\"NotApplicable\" data-linkindex=\"1\">https:\/\/xtec.gencat.cat\/ca\/agenda\/2a-Mostra-dArts-Esceniques<\/a><\/span><\/li>\n<\/ul>\n<p><a href=\"https:\/\/projectes.xtec.cat\/ere\/wp-content\/uploads\/usu2534\/2025\/12\/Cartell-Mostra-Arts-Esceniques_page-0001.jpg\"><img loading=\"lazy\" decoding=\"async\" class=\"alignnone size-large wp-image-11073\" src=\"https:\/\/projectes.xtec.cat\/ere\/wp-content\/uploads\/usu2534\/2025\/12\/Cartell-Mostra-Arts-Esceniques_page-0001-725x1024.jpg\" alt=\"\" width=\"725\" height=\"1024\" srcset=\"https:\/\/projectes.xtec.cat\/ere\/wp-content\/uploads\/usu2534\/2025\/12\/Cartell-Mostra-Arts-Esceniques_page-0001-725x1024.jpg 725w, https:\/\/projectes.xtec.cat\/ere\/wp-content\/uploads\/usu2534\/2025\/12\/Cartell-Mostra-Arts-Esceniques_page-0001-212x300.jpg 212w, https:\/\/projectes.xtec.cat\/ere\/wp-content\/uploads\/usu2534\/2025\/12\/Cartell-Mostra-Arts-Esceniques_page-0001-768x1085.jpg 768w, https:\/\/projectes.xtec.cat\/ere\/wp-content\/uploads\/usu2534\/2025\/12\/Cartell-Mostra-Arts-Esceniques_page-0001-1087x1536.jpg 1087w, https:\/\/projectes.xtec.cat\/ere\/wp-content\/uploads\/usu2534\/2025\/12\/Cartell-Mostra-Arts-Esceniques_page-0001.jpg 1241w\" sizes=\"auto, (max-width: 725px) 100vw, 725px\" \/><\/a><\/p>\n","protected":false},"excerpt":{"rendered":"<p>El dia 14 d\u2019abril de 2026 a les 12 del migdia se celebrar\u00e0 al Teatre Coliseum de Barcelona la 2a Mostra d\u2019arts esc\u00e8niques del Departament d\u2019Educaci\u00f3 i Formaci\u00f3 Professional, un espectacle multidisciplinar dels centres que imparteixen els\u00a0<a title=\"Ves-hi\" href=\"https:\/\/triaeducativa.gencat.cat\/ca\/artistics-esportius\/arts-esceniques\/\">cicles formatius d\u2019arts esc\u00e8niques<\/a>. La Mostra presenta&hellip;  <a href=\"https:\/\/projectes.xtec.cat\/ere\/actualitat\/2a-mostra-darts-esceniques-deifp\/\" title=\"Read 2a. Mostra d&#8217;Arts Esc\u00e8niques. DEiFP\">Llegeix m\u00e9s\u00bb<\/a><\/p>\n","protected":false},"author":1,"featured_media":11073,"comment_status":"closed","ping_status":"open","sticky":false,"template":"","format":"standard","meta":{"_bbp_topic_count":0,"_bbp_reply_count":0,"_bbp_total_topic_count":0,"_bbp_total_reply_count":0,"_bbp_voice_count":0,"_bbp_anonymous_reply_count":0,"_bbp_topic_count_hidden":0,"_bbp_reply_count_hidden":0,"_bbp_forum_subforum_count":0,"footnotes":""},"categories":[1],"tags":[345,343],"class_list":["post-11072","post","type-post","status-publish","format-standard","has-post-thumbnail","hentry","category-actualitat","tag-arts-esceniques","tag-mostra-darts-esceniques"],"post_mailing_queue_ids":[],"_links":{"self":[{"href":"https:\/\/projectes.xtec.cat\/ere\/wp-json\/wp\/v2\/posts\/11072","targetHints":{"allow":["GET"]}}],"collection":[{"href":"https:\/\/projectes.xtec.cat\/ere\/wp-json\/wp\/v2\/posts"}],"about":[{"href":"https:\/\/projectes.xtec.cat\/ere\/wp-json\/wp\/v2\/types\/post"}],"author":[{"embeddable":true,"href":"https:\/\/projectes.xtec.cat\/ere\/wp-json\/wp\/v2\/users\/1"}],"replies":[{"embeddable":true,"href":"https:\/\/projectes.xtec.cat\/ere\/wp-json\/wp\/v2\/comments?post=11072"}],"version-history":[{"count":1,"href":"https:\/\/projectes.xtec.cat\/ere\/wp-json\/wp\/v2\/posts\/11072\/revisions"}],"predecessor-version":[{"id":11074,"href":"https:\/\/projectes.xtec.cat\/ere\/wp-json\/wp\/v2\/posts\/11072\/revisions\/11074"}],"wp:featuredmedia":[{"embeddable":true,"href":"https:\/\/projectes.xtec.cat\/ere\/wp-json\/wp\/v2\/media\/11073"}],"wp:attachment":[{"href":"https:\/\/projectes.xtec.cat\/ere\/wp-json\/wp\/v2\/media?parent=11072"}],"wp:term":[{"taxonomy":"category","embeddable":true,"href":"https:\/\/projectes.xtec.cat\/ere\/wp-json\/wp\/v2\/categories?post=11072"},{"taxonomy":"post_tag","embeddable":true,"href":"https:\/\/projectes.xtec.cat\/ere\/wp-json\/wp\/v2\/tags?post=11072"}],"curies":[{"name":"wp","href":"https:\/\/api.w.org\/{rel}","templated":true}]}}