{"id":11075,"date":"2025-12-10T11:02:14","date_gmt":"2025-12-10T10:02:14","guid":{"rendered":"https:\/\/projectes.xtec.cat\/ere\/?p=11075"},"modified":"2025-12-10T12:40:14","modified_gmt":"2025-12-10T11:40:14","slug":"properament-trobades-finals-talent-creatiu-i-empresa","status":"publish","type":"post","link":"https:\/\/projectes.xtec.cat\/ere\/actualitat\/properament-trobades-finals-talent-creatiu-i-empresa\/","title":{"rendered":"Properament&#8230;Trobades finals TALENT CREATIU I EMPRESA."},"content":{"rendered":"<div><a href=\"https:\/\/projectes.xtec.cat\/ere\/wp-content\/uploads\/usu2534\/2025\/06\/TCE-2.jpg\"><img loading=\"lazy\" decoding=\"async\" class=\" wp-image-10919 alignleft\" src=\"https:\/\/projectes.xtec.cat\/ere\/wp-content\/uploads\/usu2534\/2025\/06\/TCE-2.jpg\" alt=\"\" width=\"237\" height=\"304\" srcset=\"https:\/\/projectes.xtec.cat\/ere\/wp-content\/uploads\/usu2534\/2025\/06\/TCE-2.jpg 528w, https:\/\/projectes.xtec.cat\/ere\/wp-content\/uploads\/usu2534\/2025\/06\/TCE-2-234x300.jpg 234w\" sizes=\"auto, (max-width: 237px) 100vw, 237px\" \/><\/a><\/div>\n<div>\n<p>Hem acabat les trobades de seguiment. Ara s&#8217;est\u00e0 treballant per enllestir els projectes de cara a les trobades finals (<em>projecte definitiu<\/em>), que tindran lloc passades les festes.<\/p>\n<p><strong>SOBRE LES TROBADES FINALS. COM TREBALLAR-LES? QU\u00c8 VOLEN LES EMPRESES I ENTITATS?<\/strong><\/p>\n<p>Us fem arribar algunes idees\u00a0sobre com optimitzar les trobades finals (compartiu-les amb el vostre alumnat).<\/p>\n<\/div>\n<ul>\n<li>\n<div role=\"presentation\">\n<p>Trobar-nos de nou servir\u00e0 perqu\u00e8 l\u2019alumnat faci, en un m\u00e0xim de <u>2-3 minuts<\/u>, les seves explicacions del disseny o producte. Posar\u00e0 l\u2019accent en tots aquells aspectes que ha modificat, canviat, millorat i\/o substitu\u00eft a partir dels comentaris i suggeriments que va realitzar l\u2019empresa o instituci\u00f3\u00a0a ell\/-a o a companys\/-es que hi participen (del centre o d\u2019un altre centre). Tamb\u00e9 aquells que es van fer de manera general. NO ha d&#8217;explicar de nou el br\u00edfing, ni el moodbard&#8230; Cal anar directe al producte.<\/p>\n<\/div>\n<\/li>\n<li>\n<div role=\"presentation\">\n<p>El client vol veure l\u2019evoluci\u00f3 entre la primera i la segona fase i, si \u00e9s possible, que a la seva presentaci\u00f3 es posi el disseny que es va presentar a la primera trobada i el disseny o\u00a0producte resultant final\u00a0que presenta a la segona.<\/p>\n<\/div>\n<\/li>\n<li>\n<div role=\"presentation\">\n<p>Tots els fitxers que es presentin han de ser en pdf i seran enviats pel\/per la docent en\u00a0 un sol fitxer comprimit, enlla\u00e7 drive o plataforma semblant i ben anomenat\u00a0segons les indicacions del br\u00edfing: \u00a0<i>nomempresa_nomescola_nomcognomsalumnat.pdf<\/i><\/p>\n<\/div>\n<\/li>\n<li>\n<div role=\"presentation\">\n<p>Si la proposta \u00e9s un cartell \u00e9s important que el tingueu preparat en format pdf d&#8217;alta resoluci\u00f3, perqu\u00e8 ja estigui a punt per a un possible pas per impressi\u00f3 a demanda del client.<\/p>\n<\/div>\n<\/li>\n<li>\n<div role=\"presentation\">\n<p>Si la proposta \u00e9s un v\u00eddeo s&#8217;enviar\u00e0 l&#8217;enlla\u00e7\u00a0penjat a una plataforma -Youtube, Vimeo&#8230;-, i no el v\u00eddeo sencer, amb els permisos corresponents.<\/p>\n<\/div>\n<\/li>\n<li>\n<div role=\"presentation\">\n<p>Si la proposta \u00e9s un producte \u00e9s interessant fer algun prototip, maqueta o model a escala ni que sigui amb materials senzills perqu\u00e8 el client pugui veure el resultat final<\/p>\n<\/div>\n<\/li>\n<li>\n<div role=\"presentation\">\n<p>S\u00f3n interessants els renders, aplicacions gr\u00e0fics o animacions\u00a0per tal de veure el disseny final dins d&#8217;un context i el client tingui m\u00e9s elements per a la tria.<\/p>\n<\/div>\n<\/li>\n<li>\n<div role=\"presentation\">No oblideu parlar, si escau, de les caracter\u00edstiques t\u00e8cniques de la producci\u00f3\u00a0i el cost (pressupost) que se&#8217;n deriva. Per a un client aix\u00f2 \u00e9s important.<a href=\"https:\/\/projectes.xtec.cat\/ere\/wp-content\/uploads\/usu2534\/2025\/12\/Post-trobades-finals.jpg\"><img loading=\"lazy\" decoding=\"async\" class=\" wp-image-11078 alignright\" src=\"https:\/\/projectes.xtec.cat\/ere\/wp-content\/uploads\/usu2534\/2025\/12\/Post-trobades-finals-1024x1024.jpg\" alt=\"\" width=\"447\" height=\"447\" srcset=\"https:\/\/projectes.xtec.cat\/ere\/wp-content\/uploads\/usu2534\/2025\/12\/Post-trobades-finals-1024x1024.jpg 1024w, https:\/\/projectes.xtec.cat\/ere\/wp-content\/uploads\/usu2534\/2025\/12\/Post-trobades-finals-300x300.jpg 300w, https:\/\/projectes.xtec.cat\/ere\/wp-content\/uploads\/usu2534\/2025\/12\/Post-trobades-finals-150x150.jpg 150w, https:\/\/projectes.xtec.cat\/ere\/wp-content\/uploads\/usu2534\/2025\/12\/Post-trobades-finals-768x768.jpg 768w, https:\/\/projectes.xtec.cat\/ere\/wp-content\/uploads\/usu2534\/2025\/12\/Post-trobades-finals.jpg 1080w\" sizes=\"auto, (max-width: 447px) 100vw, 447px\" \/><\/a><\/div>\n<div role=\"presentation\"><\/div>\n<\/li>\n<li>\n<div role=\"presentation\">Objectiu final: l&#8217;alumnat ha de conv\u00e8ncer el client\u00a0que la seva proposta \u00e9s una bona proposta. Que es posi aix\u00f2 com a primera premissa abans de preparar-se l&#8217;exposici\u00f3 i que plantegi dedicar els 15 segons finals\u00a0a dir &#8220;jo crec que aquesta proposta \u00e9s adient\/funciona perqu\u00e8&#8230;&#8221;<\/div>\n<\/li>\n<\/ul>\n<div><\/div>\n<div><strong>TROBADES FINALS<\/strong><\/div>\n<div><\/div>\n<div><\/div>\n<ul data-editing-info=\"{&quot;applyListStyleFromLevel&quot;:false,&quot;unorderedStyleType&quot;:2}\">\n<li>\n<div role=\"presentation\"><strong>Departament d&#8217;Igualtat i Feminisme.<\/strong> 13 de gener a les 9.30 hores.<\/div>\n<div role=\"presentation\"><\/div>\n<\/li>\n<li>\n<div role=\"presentation\"><strong>Departament d&#8217;Educaci\u00f3 i FP. Riscos Laborals (Actuaci\u00f3 Emerg\u00e8ncia).<\/strong> 14 de gener a les 9.30 hores.<\/div>\n<div role=\"presentation\"><\/div>\n<\/li>\n<li>\n<div role=\"presentation\"><strong>Departament d&#8217;Educaci\u00f3 i FP. Riscos Laborals (Promoci\u00f3 Salut i benestar docent)<\/strong>. 14 de gener a les 12 hores.<\/div>\n<div role=\"presentation\"><\/div>\n<\/li>\n<li>\n<div role=\"presentation\"><b>Artesania Marc\u00f3\/Fundaci\u00f3 Drissa. <\/b>Urnes. 16 de gener a les 9.30 hores.<\/div>\n<div role=\"presentation\"><\/div>\n<\/li>\n<li>\n<div role=\"presentation\"><b>ICSSL. <\/b>Cartell 28 abril. Alerta. 21 de gener a les 9.30 hores.<\/div>\n<div role=\"presentation\"><\/div>\n<\/li>\n<li>\n<div role=\"presentation\"><b>ICSSL. <\/b>L\u00ednia Gr\u00e0fica. 21 de gener a les 12 hores.<\/div>\n<div role=\"presentation\"><\/div>\n<\/li>\n<li>\n<div role=\"presentation\"><b>Ajuntament de Begur. <\/b>Peix Roca. 4 de febrer a les 9.30 hores.<\/div>\n<div role=\"presentation\"><\/div>\n<\/li>\n<li>\n<div role=\"presentation\"><b>Ajuntament de Begur. <\/b>Redisseny Oficina. 4\u00a0de febrer a les 12 hores.<\/div>\n<div role=\"presentation\"><\/div>\n<\/li>\n<li>\n<div role=\"presentation\"><b>Vilassar de Dalt Contra el C\u00e0ncer. <\/b>23 de gener a les 9.30 hores.<\/div>\n<div role=\"presentation\"><\/div>\n<\/li>\n<li>\n<div role=\"presentation\"><b>ICSSL. <\/b>Pictogrames. 23 de gener a les 9.30 hores.<\/div>\n<div role=\"presentation\"><\/div>\n<\/li>\n<li>\n<div role=\"presentation\"><b>Ajuntament de Tei\u00e0. <\/b>Festa Maridatge. 27 de gener a les 9.30 hores.<\/div>\n<div role=\"presentation\"><\/div>\n<\/li>\n<li>\n<div role=\"presentation\"><b>SOS Costa Brava. <\/b>28 de gener a les 9.30 hores.<\/div>\n<\/li>\n<\/ul>\n<div><\/div>\n<div><u>A TENIR PRESENT:<\/u><\/div>\n<blockquote>\n<div><\/div>\n<ul data-editing-info=\"{&quot;applyListStyleFromLevel&quot;:true}\">\n<li>\n<div role=\"presentation\"><a id=\"OWA2d4d3adb-4c87-1755-9f94-12e087d58fdc\" class=\"OWAAutoLink\" title=\"https:\/\/drive.google.com\/drive\/folders\/1aJPHgWY13VmbA1NtYQs5swJWWD-FtMet?usp=sharing\" href=\"https:\/\/drive.google.com\/drive\/folders\/1aJPHgWY13VmbA1NtYQs5swJWWD-FtMet?usp=sharing\" target=\"_blank\" rel=\"noopener noreferrer\" data-linkindex=\"0\" data-auth=\"NotApplicable\">Carpeta\u00a0 compartida amb documentaci\u00f3 dels projectes TCE<\/a><\/div>\n<\/li>\n<li>\n<div role=\"presentation\"><a id=\"OWA4faeb91b-89c3-fb07-5344-349a92bfd1f3\" class=\"OWAAutoLink\" title=\"https:\/\/docs.google.com\/spreadsheets\/d\/1Bm-DnyALgjkzczBHEymdN6IhtA63s6VG\/edit?usp=sharing&amp;ouid=108681696861261612169&amp;rtpof=true&amp;sd=true\" href=\"https:\/\/docs.google.com\/spreadsheets\/d\/1Bm-DnyALgjkzczBHEymdN6IhtA63s6VG\/edit?usp=sharing&amp;ouid=108681696861261612169&amp;rtpof=true&amp;sd=true\" target=\"_blank\" rel=\"noopener noreferrer\" data-linkindex=\"1\" data-auth=\"NotApplicable\">Calendari TCE<\/a><\/div>\n<\/li>\n<li>\n<div role=\"presentation\"><a id=\"OWAf9f78208-f353-477d-d431-24a9d5c28fbe\" class=\"OWAAutoLink\" title=\"https:\/\/docs.google.com\/spreadsheets\/d\/1-UhANu5xzGpNK_6-_4jGhU__6XaC9MJ-\/edit?usp=sharing&amp;ouid=108681696861261612169&amp;rtpof=true&amp;sd=true\" href=\"https:\/\/docs.google.com\/spreadsheets\/d\/1-UhANu5xzGpNK_6-_4jGhU__6XaC9MJ-\/edit?usp=sharing&amp;ouid=108681696861261612169&amp;rtpof=true&amp;sd=true\" target=\"_blank\" rel=\"noopener noreferrer\" data-linkindex=\"2\" data-auth=\"NotApplicable\">Escoles i enc\u00e0rrecs 25-26<\/a><\/div>\n<\/li>\n<\/ul>\n<\/blockquote>\n","protected":false},"excerpt":{"rendered":"<p><a href=\"https:\/\/projectes.xtec.cat\/ere\/wp-content\/uploads\/usu2534\/2025\/06\/TCE-2.jpg\"><\/a><\/p>\n<p>Hem acabat les trobades de seguiment. Ara s&#8217;est\u00e0 treballant per enllestir els projectes de cara a les trobades finals (projecte definitiu), que tindran lloc passades les festes.<br \/>\nSOBRE LES TROBADES FINALS. COM TREBALLAR-LES? QU\u00c8 VOLEN LES EMPRESES I ENTITATS?<br \/>\nUs fem arribar algunes idees\u00a0sobre com optimitzar&hellip;  <a href=\"https:\/\/projectes.xtec.cat\/ere\/actualitat\/properament-trobades-finals-talent-creatiu-i-empresa\/\" title=\"Read Properament&#8230;Trobades finals TALENT CREATIU I EMPRESA.\">Llegeix m\u00e9s\u00bb<\/a><\/p>\n","protected":false},"author":1,"featured_media":11078,"comment_status":"closed","ping_status":"open","sticky":false,"template":"","format":"standard","meta":{"_bbp_topic_count":0,"_bbp_reply_count":0,"_bbp_total_topic_count":0,"_bbp_total_reply_count":0,"_bbp_voice_count":0,"_bbp_anonymous_reply_count":0,"_bbp_topic_count_hidden":0,"_bbp_reply_count_hidden":0,"_bbp_forum_subforum_count":0,"footnotes":""},"categories":[1],"tags":[356,324],"class_list":["post-11075","post","type-post","status-publish","format-standard","has-post-thumbnail","hentry","category-actualitat","tag-apd","tag-talent-creatiu-i-empresa"],"post_mailing_queue_ids":[],"_links":{"self":[{"href":"https:\/\/projectes.xtec.cat\/ere\/wp-json\/wp\/v2\/posts\/11075","targetHints":{"allow":["GET"]}}],"collection":[{"href":"https:\/\/projectes.xtec.cat\/ere\/wp-json\/wp\/v2\/posts"}],"about":[{"href":"https:\/\/projectes.xtec.cat\/ere\/wp-json\/wp\/v2\/types\/post"}],"author":[{"embeddable":true,"href":"https:\/\/projectes.xtec.cat\/ere\/wp-json\/wp\/v2\/users\/1"}],"replies":[{"embeddable":true,"href":"https:\/\/projectes.xtec.cat\/ere\/wp-json\/wp\/v2\/comments?post=11075"}],"version-history":[{"count":4,"href":"https:\/\/projectes.xtec.cat\/ere\/wp-json\/wp\/v2\/posts\/11075\/revisions"}],"predecessor-version":[{"id":11082,"href":"https:\/\/projectes.xtec.cat\/ere\/wp-json\/wp\/v2\/posts\/11075\/revisions\/11082"}],"wp:featuredmedia":[{"embeddable":true,"href":"https:\/\/projectes.xtec.cat\/ere\/wp-json\/wp\/v2\/media\/11078"}],"wp:attachment":[{"href":"https:\/\/projectes.xtec.cat\/ere\/wp-json\/wp\/v2\/media?parent=11075"}],"wp:term":[{"taxonomy":"category","embeddable":true,"href":"https:\/\/projectes.xtec.cat\/ere\/wp-json\/wp\/v2\/categories?post=11075"},{"taxonomy":"post_tag","embeddable":true,"href":"https:\/\/projectes.xtec.cat\/ere\/wp-json\/wp\/v2\/tags?post=11075"}],"curies":[{"name":"wp","href":"https:\/\/api.w.org\/{rel}","templated":true}]}}