{"id":11097,"date":"2026-02-09T14:09:21","date_gmt":"2026-02-09T13:09:21","guid":{"rendered":"https:\/\/projectes.xtec.cat\/ere\/?p=11097"},"modified":"2026-03-25T13:24:56","modified_gmt":"2026-03-25T12:24:56","slug":"portes-obertes-centres-arts-plastiques-i-disseny","status":"publish","type":"post","link":"https:\/\/projectes.xtec.cat\/ere\/actualitat\/portes-obertes-centres-arts-plastiques-i-disseny\/","title":{"rendered":"Portes obertes Centres Arts Pl\u00e0stiques i Disseny"},"content":{"rendered":"<p><a href=\"https:\/\/projectes.xtec.cat\/ere\/wp-content\/uploads\/usu2534\/2026\/02\/Portes-Obertes_2026-1.jpg\"><img loading=\"lazy\" decoding=\"async\" class=\"aligncenter size-full wp-image-11356\" src=\"https:\/\/projectes.xtec.cat\/ere\/wp-content\/uploads\/usu2534\/2026\/02\/Portes-Obertes_2026-1.jpg\" alt=\"\" width=\"503\" height=\"738\" srcset=\"https:\/\/projectes.xtec.cat\/ere\/wp-content\/uploads\/usu2534\/2026\/02\/Portes-Obertes_2026-1.jpg 503w, https:\/\/projectes.xtec.cat\/ere\/wp-content\/uploads\/usu2534\/2026\/02\/Portes-Obertes_2026-1-204x300.jpg 204w\" sizes=\"auto, (max-width: 503px) 100vw, 503px\" \/><\/a><\/p>\n<p>T&#8217;interessa l&#8217;art, l&#8217;artesania o el disseny, la moda, el m\u00f3n gr\u00e0fic o l&#8217;audiovisual, la il\u00b7lustraci\u00f3, el c\u00f2mic o l&#8217;animaci\u00f3? Ets creatiu? Els ensenyaments art\u00edstics d&#8217;arts pl\u00e0stiques i disseny s\u00f3n el teu futur professional. Obtindr\u00e0s un t\u00edtol oficial de grau mitj\u00e0 o de grau superior de les diverses especialitats. S\u00f3n ensenyaments pr\u00e0ctics, que t&#8217;especialitzen en una professi\u00f3 i que t&#8217;ofereixen una bona inserci\u00f3 laboral dins de l&#8217;\u00e0mbit de l&#8217;art, el disseny, la cultura i la creaci\u00f3<\/p>\n<h4><\/h4>\n<h4>Vine a con\u00e8ixer els Cicles Formatius d&#8217;Arts Pl\u00e0stiques i Disseny.<\/h4>\n<p>&nbsp;<\/p>\n<h4><\/h4>\n<h4>On s\u00f3n els nostres centres? <a href=\"https:\/\/padlet.com\/dbeltra1\/portes-obertes-escoles-arts-pl-stiques-i-disseny-b1dd81w9mi7uxvxp\">Feu clic aqu\u00ed<\/a><\/h4>\n<h4><\/h4>\n<p>&nbsp;<\/p>\n<p>&nbsp;<\/p>\n<p>&nbsp;<\/p>\n<p style=\"text-align: center;\"><strong>DATES DE PORTES OBERTES<\/strong><\/p>\n<table style=\"height: 2480px; width: 100%;\" width=\"100%\">\n<tbody>\n<tr>\n<td style=\"font-weight: 400; width: 42.27%;\">\n<h6><span style=\"color: #ff0000;\">EA ESARDI. Amposta<\/span><\/h6>\n<\/td>\n<td style=\"font-weight: 400; width: 346.792%;\">26 de mar\u00e7. 17 hores.<\/td>\n<\/tr>\n<tr style=\"height: 48px;\">\n<td style=\"font-weight: 400; width: 42.27%; height: 48px;\" width=\"330\">\n<h6><span style=\"color: #ff0000;\">INS La Bisbal<\/span><\/h6>\n<\/td>\n<td style=\"font-weight: 400; width: 346.792%; height: 48px;\" width=\"299\">20 de maig (Portes Obertes)<br \/>\n14-15 Abril (Fira dels oficis Baix Empord\u00e0)<\/td>\n<\/tr>\n<tr style=\"height: 48px;\">\n<td style=\"font-weight: 400; width: 42.27%; height: 48px;\" width=\"330\">\n<h6><span style=\"color: #ff0000;\">EA Olot<\/span><\/h6>\n<\/td>\n<td style=\"font-weight: 400; width: 346.792%; height: 48px;\" width=\"299\">28 de febrer<br \/>\n9 de maig<\/td>\n<\/tr>\n<tr style=\"height: 64px;\">\n<td style=\"font-weight: 400; width: 42.27%; height: 64px;\" width=\"330\">\n<h6><span style=\"color: #ff0000;\">EA La Garriga- EMAD<\/span><\/h6>\n<\/td>\n<td style=\"font-weight: 400; width: 346.792%; height: 64px;\" width=\"299\">30 de gener<br \/>\n20 de febrer<br \/>\n20 de mar\u00e7Inscripcions <a href=\"https:\/\/docs.google.com\/forms\/d\/e\/1FAIpQLSctaOXwsvsPy-Z9MgLy9PebNFEXfsTbmCpRFLc7mI0iHpVUxg\/viewform\">en aquest enlla\u00e7<\/a><\/td>\n<\/tr>\n<tr style=\"height: 43px;\">\n<td style=\"font-weight: 400; width: 42.27%; height: 10px;\" width=\"330\">\n<h6><span style=\"color: #ff0000;\">INS Antoni Alguer\u00f3<\/span><\/h6>\n<\/td>\n<td style=\"font-weight: 400; width: 346.792%; height: 10px;\" width=\"299\">Grau Mitj\u00e0: 22 d&#8217;abril<br \/>\nGrau Superior: 28 d&#8217;abril<\/td>\n<\/tr>\n<tr style=\"height: 43px;\">\n<td style=\"font-weight: 400; width: 42.27%; height: 117px;\" width=\"330\">\n<h6><span style=\"color: #ff0000;\">EA Sant Cugat<\/span><\/h6>\n<\/td>\n<td style=\"font-weight: 400; width: 346.792%; height: 117px;\" width=\"299\">del 16 al 20 de mar\u00e7<\/td>\n<\/tr>\n<tr style=\"height: 40px;\">\n<td style=\"font-weight: 400; width: 40px; height: 40px;\">\n<h6><span style=\"color: #ff0000;\">EA Llotja<\/span><\/h6>\n<\/td>\n<td style=\"font-weight: 400; width: 40px; height: 40px;\">26 de mar\u00e7 (dijous) Cicles formatius GM i GS.<\/p>\n<p><a href=\"https:\/\/www.llotja.cat\/secretaria\/post\/portes-obertes\/\">Formulari.<\/a><\/td>\n<\/tr>\n<tr style=\"height: 43px;\">\n<td style=\"font-weight: 400; width: 42.27%; height: 43px;\" width=\"330\">\n<h6><span style=\"color: #ff0000;\">INS Escola de Teixits<\/span><\/h6>\n<\/td>\n<td style=\"font-weight: 400; width: 346.792%; height: 43px;\" width=\"299\"><span data-olk-copy-source=\"MessageBody\">11 d&#8217;abril de 10h a 13h.<\/span><\/td>\n<\/tr>\n<tr style=\"height: 43px;\">\n<td style=\"font-weight: 400; width: 42.27%; height: 43px;\" width=\"330\">\n<h6><span style=\"color: #ff0000;\">Fundaci\u00f3 GEM. Matar\u00f3.<\/span><\/h6>\n<\/td>\n<td style=\"font-weight: 400; width: 346.792%; height: 43px;\" width=\"299\">De 10.00 a 11.00 h \u2013 CFGM &#8211; Assist\u00e8ncia al producte gr\u00e0fic interactiu (primera sessi\u00f3)<br \/>\nD\u201911.00 a 12.00 h \u2013 CFGS &#8211; Gr\u00e0fica audiovisual<br \/>\nDe 12.00 a 13.00 h \u2013 CFGM &#8211; Assist\u00e8ncia al producte gr\u00e0fic interactiu (segona sessi\u00f3)<span data-olk-copy-source=\"MessageBody\">Les portes obertes tindran lloc en un nou espai anomenat Living Lab, situat al carrer Pablo Iglesias, 58 1r 2a (08302, Matar\u00f3)<\/span><\/td>\n<\/tr>\n<tr style=\"height: 60px;\">\n<td style=\"font-weight: 400; width: 42.27%; height: 60px;\" width=\"330\">\n<h6><span style=\"color: #ff0000;\">EA Reus (Escola d&#8217;Art i Disseny de la Diputaci\u00f3 a Tarragona)<\/span><\/h6>\n<\/td>\n<td style=\"font-weight: 400; width: 346.792%; height: 60px;\" width=\"299\">21 de mar\u00e7<\/td>\n<\/tr>\n<tr style=\"height: 60px;\">\n<td style=\"font-weight: 400; width: 42.27%; height: 60px;\" width=\"330\">\n<h6><span style=\"color: #ff0000;\">\u00a0EA Tarragona (Escola d&#8217;Art i Disseny de la Diputaci\u00f3 a Tarragona)<\/span><\/h6>\n<\/td>\n<td style=\"font-weight: 400; width: 346.792%; height: 60px;\" width=\"299\">21 de mar\u00e7<\/td>\n<\/tr>\n<tr style=\"height: 43px;\">\n<td style=\"font-weight: 400; width: 42.27%; height: 43px;\" width=\"330\">\n<h6><span style=\"color: #ff0000;\">EA Vilanova i la Geltr\u00fa- EMAID<\/span><\/h6>\n<\/td>\n<td style=\"font-weight: 400; width: 346.792%; height: 43px;\" width=\"299\">02\/02\/2026 a les 17:00h<\/td>\n<\/tr>\n<tr style=\"height: 64px;\">\n<td style=\"font-weight: 400; width: 42.27%; height: 64px;\" width=\"330\">\n<h6><span style=\"color: #ff0000;\">EA Josep Serra i Abella<\/span><\/h6>\n<\/td>\n<td style=\"font-weight: 400; width: 346.792%; height: 64px;\" width=\"299\">4 de febrer<br \/>\n4 de mar\u00e7<br \/>\n8 d&#8217;abril<\/td>\n<\/tr>\n<tr style=\"height: 43px;\">\n<td style=\"font-weight: 400; width: 42.27%; height: 43px;\" width=\"330\">\n<h6><span style=\"color: #ff0000;\">EMAV INSTITUT D&#8217;ESTUDIS AUDIOVISUALS<\/span><\/h6>\n<\/td>\n<td style=\"font-weight: 400; width: 346.792%; height: 43px;\" width=\"299\"><span data-olk-copy-source=\"MessageBody\">23 de mar\u00e7 de 17:00 a 18:00<\/span><\/td>\n<\/tr>\n<tr style=\"height: 64px;\">\n<td style=\"font-weight: 400; width: 42.27%; height: 64px;\" width=\"330\">\n<h6><span style=\"color: #ff0000;\">EA La Gaspar &#8211; Igualada<\/span><\/h6>\n<\/td>\n<td style=\"font-weight: 400; width: 346.792%; height: 64px;\" width=\"299\">2 de mar\u00e7 (Taller amb estudiants dels centres)<br \/>\n7 de mar\u00e7 (Xerrada informativa)\u00a0 11 a 13 h.<\/td>\n<\/tr>\n<tr style=\"height: 43px;\">\n<td style=\"font-weight: 400; width: 42.27%; height: 43px;\" width=\"330\">\n<h6><span style=\"color: #ff0000;\">EA Ondara &#8211; T\u00e0rrega<\/span><\/h6>\n<\/td>\n<td style=\"font-weight: 400; width: 346.792%; height: 43px;\" width=\"299\">18 de mar\u00e7<\/td>\n<\/tr>\n<tr style=\"height: 43px;\">\n<td style=\"font-weight: 400; width: 42.27%; height: 43px;\" width=\"330\">\n<h6><span style=\"color: #ff0000;\">Institut del Disseny i Arts Gr\u00e0fiques de Barcelona<\/span><\/h6>\n<\/td>\n<td style=\"font-weight: 400; width: 346.792%; height: 43px;\" width=\"299\">16 d&#8217;abril. 16 h.<\/td>\n<\/tr>\n<tr style=\"height: 95px;\">\n<td style=\"font-weight: 400; width: 42.27%; height: 95px;\" width=\"330\">\n<h6><span style=\"color: #ff0000;\">EA Illa &#8211; Sabadell<\/span><\/h6>\n<\/td>\n<td style=\"font-weight: 400; width: 346.792%; height: 95px;\" width=\"299\">18 de febrer<br \/>\n11 de mar\u00e7<br \/>\n16 de mar\u00e7<br \/>\n20 d&#8217;abril<br \/>\n15 de maig<\/td>\n<\/tr>\n<tr style=\"height: 48px;\">\n<td style=\"font-weight: 400; width: 42.27%; height: 48px;\" width=\"330\">\n<h6><span style=\"color: #ff0000;\">EA Pau Gargallo &#8211; Badalona<\/span><\/h6>\n<\/td>\n<td style=\"font-weight: 400; width: 346.792%; height: 48px;\" width=\"299\">24 i 25 de febrer<br \/>\n7 i 8 d&#8217;abril<\/td>\n<\/tr>\n<tr style=\"height: 615px;\">\n<td style=\"font-weight: 400; width: 42.27%; height: 615px;\" width=\"330\">\n<h6><span style=\"color: #ff0000;\">Escola Massana- Barcelona<\/span><\/h6>\n<\/td>\n<td style=\"font-weight: 400; width: 346.792%; height: 615px;\" width=\"299\">CFAM<br \/>\nAssist\u00e8ncia al Producte Gr\u00e0fic Impr\u00e8s<br \/>\nPresencial: 14 d\u2019abril de 2026, a les 9.30 h<br \/>\nPresencial: 6 de maig de 2026, a les 15.30 h<br \/>\nOnline: 9 d\u2019abril de 2026, a les 16.00 h<br \/>\nCFAS<br \/>\nGr\u00e0fica Impresa<br \/>\nPresencial: 14 d\u2019abril de 2026, a les 11.30 h<br \/>\nPresencial: 6 de maig de 2026, a les 17.00 h<br \/>\nOnline: 9 d\u2019abril de 2026, a les 16.00 h<br \/>\nIl\u00b7lustraci\u00f3<br \/>\nPresencial: 14 d\u2019abril de 2026, a les 13.30 h<br \/>\nPresencial: 6 de maig de 2026, a les 18.30 h<br \/>\nOnline: 9 d\u2019abril de 2026, a les 17.30 h<br \/>\nT\u00e8cniques Escult\u00f2riques<br \/>\nPresencial: 21 d\u2019abril de 2026, a les 9.30 h<br \/>\nPresencial: 13 de maig de 2026, a les 15.30 h<br \/>\nOnline: 16 d\u2019abril de 2026, a les 16.00 h<br \/>\nArts Aplicades al Mur<br \/>\nPresencial: 21 d\u2019abril de 2026, a les 11.30 h<br \/>\nPresencial: 13 de maig de 2026, a les 17.00 h<br \/>\nOnline: 16 d\u2019abril de 2026, a les 17.30 h<br \/>\nArt T\u00e8xtil<br \/>\nPresencial: 21 d\u2019abril de 2026, a les 13.30 h<br \/>\nPresencial: 13 de maig de 2026, a les 18.30 h<br \/>\nOnline: 16 d\u2019abril de 2026, a les 19.00 h<br \/>\nPIDOD<br \/>\nPresencial: 28 d\u2019abril de 2026, a les 9.30 h<br \/>\nPresencial: 20 de maig de 2026, a les 15.30 h<br \/>\nOnline: 30 d\u2019abril de 2026, a les 16.00 h<br \/>\nModelisme Industrial<br \/>\nPresencial: 28 d\u2019abril de 2026, a les 11.30 h<br \/>\nPresencial: 20 de maig de 2026, a les 17.00 h<br \/>\nOnline: 30 d\u2019abril de 2026, a les 17.30 h<br \/>\nJoieria Art\u00edstica<br \/>\nPresencial: 28 d\u2019abril de 2026, a les 13.30 h<br \/>\nPresencial: 20 de maig de 2026, a les 18.30 h<br \/>\nOnline: 30 d\u2019abril de 2026, a les 19.00 h<\/td>\n<\/tr>\n<tr style=\"height: 43px;\">\n<td style=\"font-weight: 400; width: 42.27%; height: 43px;\" width=\"330\">\n<h6><span style=\"color: #ff0000;\">Escola Sant Gervasi &#8211; Mollet del Vall\u00e8s<\/span><\/h6>\n<\/td>\n<td style=\"font-weight: 400; width: 346.792%; height: 43px;\" width=\"299\">Inscripci\u00f3 al <a href=\"https:\/\/santgervasi.org\/cfgm\/\">web<\/a><\/td>\n<\/tr>\n<tr style=\"height: 64px;\">\n<td style=\"font-weight: 400; width: 42.27%; height: 64px;\" width=\"330\">\n<h6><span style=\"color: #ff0000;\">EA Leandre Crist\u00f2fol &#8211; Lleida<\/span><\/h6>\n<\/td>\n<td style=\"font-weight: 400; width: 346.792%; height: 64px;\" width=\"299\">En qualsevol per\u00edode. Podeu sol\u00b7licitar cita mitjan\u00e7ant correu\u00a0 o trucant al tel\u00e8fon del centre<\/td>\n<\/tr>\n<tr style=\"height: 95px;\">\n<td style=\"font-weight: 400; width: 42.27%; height: 95px;\" width=\"330\">\n<h6><span style=\"color: #ff0000;\">EA Vic<\/span><\/h6>\n<\/td>\n<td style=\"font-weight: 400; width: 346.792%; height: 95px;\" width=\"299\">14 de mar\u00e7. 10.30 a 13.30 h<\/td>\n<\/tr>\n<tr style=\"height: 43px;\">\n<td style=\"font-weight: 400; width: 42.27%; height: 43px;\" width=\"330\">\n<h6><span style=\"color: #ff0000;\">EA Arsenal &#8211; Vilafranca del Pened\u00e8s<\/span><\/h6>\n<\/td>\n<td style=\"font-weight: 400; width: 346.792%; height: 43px;\" width=\"299\">7 de mar\u00e7. 10 a 13.30 h<\/td>\n<\/tr>\n<tr style=\"height: 43px;\">\n<td style=\"font-weight: 400; width: 42.27%; height: 29px;\" width=\"330\">\n<h6><span style=\"color: #ff0000;\">EA Edra &#8211; Rub\u00ed<\/span><\/h6>\n<\/td>\n<td style=\"font-weight: 400; width: 346.792%; height: 29px;\" width=\"299\">\n<div data-olk-copy-source=\"MessageBody\">10 de mar\u00e7: CFGM 18.00 i CFGS 19.00<br \/>\n24 de mar\u00e7: CFGM 18.00 i CFGS 19.00<br \/>\n28 d&#8217;abril: CFGM 18.00 i CFGS 19.00<\/div>\n<\/td>\n<\/tr>\n<tr style=\"height: 191px;\">\n<td style=\"font-weight: 400; width: 42.27%; height: 107px;\" width=\"330\">\n<h6><span style=\"color: #ff0000;\">LCI<\/span><\/h6>\n<\/td>\n<td style=\"font-weight: 400; width: 346.792%; height: 107px;\" width=\"299\">Cicles Formatius Graus Superior<br \/>\nDissabte, 14 de febrer. 10h<br \/>\nDissabte, 21 de mar\u00e7. 13h<br \/>\nDijous, 26 de mar\u00e7.19:30h<br \/>\nDissabte, 18 d&#8217;abril. 13h.<br \/>\nDissabte,16 de maig, 13h<br \/>\nSegona setmana de juny, dijous o divendres<\/td>\n<\/tr>\n<tr style=\"height: 226px;\">\n<td style=\"font-weight: 400; width: 42.27%; height: 96px;\">\n<h6><span style=\"color: #ff0000;\">EA Dei\u00e0. Barcelona<\/span><\/h6>\n<\/td>\n<td style=\"width: 346.792%; height: 96px;\" width=\"76%\">\n<ul>\n<li>23 de mar\u00e7 APGI. 18.30 h.<\/li>\n<li>24 de mar\u00e7 Videojocs i Realitat Virtual. 18.30 h.<\/li>\n<li>25 de mar\u00e7 Interiors. 18.30 h.<\/li>\n<li>9 d&#8217;abril Batxillerat. 18.30 h<\/li>\n<\/ul>\n<div data-olk-copy-source=\"MessageBody\">Cal inscripci\u00f3 pr\u00e8via:<\/div>\n<div><a title=\"https:\/\/www.eventbrite.com\/cc\/portes-obertes-154889?utm-campaign=social&amp;utm-content=creatorshare&amp;utm-medium=discovery&amp;utm-term=odclsxcollection&amp;utm-source=cp&amp;aff=escb\" href=\"https:\/\/www.eventbrite.com\/cc\/portes-obertes-154889?utm-campaign=social&amp;utm-content=creatorshare&amp;utm-medium=discovery&amp;utm-term=odclsxcollection&amp;utm-source=cp&amp;aff=escb\" target=\"_blank\" rel=\"noopener noreferrer\" data-auth=\"NotApplicable\" data-linkindex=\"0\">Portes Obertes by Dei\u00e0 Escola d&#8217;Art i Disseny | Eventbrite<\/a><\/div>\n<\/td>\n<\/tr>\n<tr style=\"height: 48px;\">\n<td style=\"font-weight: 400; width: 42.27%; height: 48px;\">\n<h6><span style=\"color: #ff0000;\">EA Terrassa<\/span><\/h6>\n<\/td>\n<td style=\"font-weight: 400; width: 346.792%; height: 48px;\">26 de febrer, 9 d&#8217;abril i 21 de maig. 9 a 13 h. Tamb\u00e9 a <em>Terrassa Tria Futur<\/em> el 15 i 16 d&#8217;abril.<\/td>\n<\/tr>\n<tr style=\"height: 284px;\">\n<td style=\"font-weight: 400; width: 42.27%; height: 284px;\">\n<h6><span style=\"color: #ff0000;\">EA La Industrial. Barcelona<\/span><\/h6>\n<\/td>\n<td style=\"font-weight: 400; width: 346.792%; height: 284px;\">\n<div data-olk-copy-source=\"MessageBody\">-CFGM Decoraci\u00f3 Cer\u00e0mica. 23 de mar\u00e7 a les 11,30h. i 14 d&#8217;abril a les 16h. (ambdues presencials).<\/div>\n<div>-CFGS Cer\u00e0mica Art\u00edstica. 28 d&#8217;abril a les 11,30h. i 5 de maig a les 16h. (ambdues presencials).<\/div>\n<div>-CFGS Il.lustraci\u00f3+Animaci\u00f3. 3 de mar\u00e7 a les 16h. (presencial), 10 de mar\u00e7 a les 16h. (presencial) i 24 de mar\u00e7 a les 16h. (telem\u00e0tica).<\/div>\n<div>-CFGM Encast i Gravat i CFGS Joieria Art\u00edstica. del 20 d&#8217;abril al 29 de maig (presencials)<\/div>\n<div>dilluns: 12,30 a 13,30h i 17 a 18h<\/div>\n<div>dimarts: 11,30 a 12,30h i 16 a 17h.<\/div>\n<div>dimecres: 10,30 a 11,30h i 17 a 18h.<\/div>\n<div>dijous: 10,30h a 11,30h i 18 a 19h.<\/div>\n<div>divendres: 11,30 a 12,30h i 16 a 17h.<\/div>\n<\/td>\n<\/tr>\n<tr style=\"height: 80px;\">\n<td style=\"font-weight: 400; width: 42.27%; height: 80px;\">\n<h6><span style=\"color: #ff0000;\">EA Manresa<\/span><\/h6>\n<\/td>\n<td style=\"font-weight: 400; width: 346.792%; height: 80px;\">\n<div data-olk-copy-source=\"MessageBody\">Dies 11, 18 i 25 de mar\u00e7 a les 12,30 h i a les 16&#8217;30 h. Cal inscripci\u00f3 pr\u00e8via omplint el formulari que trobaran a la p\u00e0gina web\u00a0<a title=\"http:\/\/www.escolaart-manresa.cat\/inscripci%C3%B3\" href=\"http:\/\/www.escolaart-manresa.cat\/inscripci%C3%B3\" target=\"_blank\" rel=\"noopener noreferrer\" data-auth=\"NotApplicable\" data-linkindex=\"0\">www.escolaart-manresa.cat<\/a><\/div>\n<\/td>\n<\/tr>\n<\/tbody>\n<\/table>\n<p>&nbsp;<\/p>\n","protected":false},"excerpt":{"rendered":"<p><a href=\"https:\/\/projectes.xtec.cat\/ere\/wp-content\/uploads\/usu2534\/2026\/02\/Portes-Obertes_2026-1.jpg\"><\/a><br \/>\nT&#8217;interessa l&#8217;art, l&#8217;artesania o el disseny, la moda, el m\u00f3n gr\u00e0fic o l&#8217;audiovisual, la il\u00b7lustraci\u00f3, el c\u00f2mic o l&#8217;animaci\u00f3? Ets creatiu? Els ensenyaments art\u00edstics d&#8217;arts pl\u00e0stiques i disseny s\u00f3n el teu futur professional. Obtindr\u00e0s un t\u00edtol oficial de grau mitj\u00e0 o de grau superior&hellip;  <a href=\"https:\/\/projectes.xtec.cat\/ere\/actualitat\/portes-obertes-centres-arts-plastiques-i-disseny\/\" title=\"Read Portes obertes Centres Arts Pl\u00e0stiques i Disseny\">Llegeix m\u00e9s\u00bb<\/a><\/p>\n","protected":false},"author":1,"featured_media":11333,"comment_status":"closed","ping_status":"open","sticky":false,"template":"","format":"standard","meta":{"_bbp_topic_count":0,"_bbp_reply_count":0,"_bbp_total_topic_count":0,"_bbp_total_reply_count":0,"_bbp_voice_count":0,"_bbp_anonymous_reply_count":0,"_bbp_topic_count_hidden":0,"_bbp_reply_count_hidden":0,"_bbp_forum_subforum_count":0,"footnotes":""},"categories":[1],"tags":[],"class_list":["post-11097","post","type-post","status-publish","format-standard","has-post-thumbnail","hentry","category-actualitat"],"post_mailing_queue_ids":[],"_links":{"self":[{"href":"https:\/\/projectes.xtec.cat\/ere\/wp-json\/wp\/v2\/posts\/11097","targetHints":{"allow":["GET"]}}],"collection":[{"href":"https:\/\/projectes.xtec.cat\/ere\/wp-json\/wp\/v2\/posts"}],"about":[{"href":"https:\/\/projectes.xtec.cat\/ere\/wp-json\/wp\/v2\/types\/post"}],"author":[{"embeddable":true,"href":"https:\/\/projectes.xtec.cat\/ere\/wp-json\/wp\/v2\/users\/1"}],"replies":[{"embeddable":true,"href":"https:\/\/projectes.xtec.cat\/ere\/wp-json\/wp\/v2\/comments?post=11097"}],"version-history":[{"count":6,"href":"https:\/\/projectes.xtec.cat\/ere\/wp-json\/wp\/v2\/posts\/11097\/revisions"}],"predecessor-version":[{"id":11357,"href":"https:\/\/projectes.xtec.cat\/ere\/wp-json\/wp\/v2\/posts\/11097\/revisions\/11357"}],"wp:featuredmedia":[{"embeddable":true,"href":"https:\/\/projectes.xtec.cat\/ere\/wp-json\/wp\/v2\/media\/11333"}],"wp:attachment":[{"href":"https:\/\/projectes.xtec.cat\/ere\/wp-json\/wp\/v2\/media?parent=11097"}],"wp:term":[{"taxonomy":"category","embeddable":true,"href":"https:\/\/projectes.xtec.cat\/ere\/wp-json\/wp\/v2\/categories?post=11097"},{"taxonomy":"post_tag","embeddable":true,"href":"https:\/\/projectes.xtec.cat\/ere\/wp-json\/wp\/v2\/tags?post=11097"}],"curies":[{"name":"wp","href":"https:\/\/api.w.org\/{rel}","templated":true}]}}