{"id":11405,"date":"2026-04-20T12:00:53","date_gmt":"2026-04-20T10:00:53","guid":{"rendered":"https:\/\/projectes.xtec.cat\/ere\/?p=11405"},"modified":"2026-04-22T19:38:57","modified_gmt":"2026-04-22T17:38:57","slug":"ii-mostra-darts-esceniques","status":"publish","type":"post","link":"https:\/\/projectes.xtec.cat\/ere\/actualitat\/ii-mostra-darts-esceniques\/","title":{"rendered":"II MOSTRA D&#8217;ARTS ESC\u00c8NIQUES"},"content":{"rendered":"<p>El dia 14 d\u2019abril de 2026 a les 12 del migdia s&#8217;ha celebrat, al Teatre Coliseum de Barcelona, la 2a Mostra d\u2019arts esc\u00e8niques del Departament d\u2019Educaci\u00f3 i Formaci\u00f3 Professional, un espectacle multidisciplinar dels centres que imparteixen els <a title=\"Ves-hi\" href=\"https:\/\/triaeducativa.gencat.cat\/ca\/artistics-esportius\/arts-esceniques\/\">cicles formatius d\u2019arts esc\u00e8niques<\/a>.<\/p>\n<p><a href=\"https:\/\/projectes.xtec.cat\/ere\/wp-content\/uploads\/usu2534\/2026\/04\/II-Mostra-EA-comprimit.jpg\"><img loading=\"lazy\" decoding=\"async\" class=\"size-medium wp-image-11406 alignleft\" src=\"https:\/\/projectes.xtec.cat\/ere\/wp-content\/uploads\/usu2534\/2026\/04\/II-Mostra-EA-comprimit-210x300.jpg\" alt=\"\" width=\"210\" height=\"300\" srcset=\"https:\/\/projectes.xtec.cat\/ere\/wp-content\/uploads\/usu2534\/2026\/04\/II-Mostra-EA-comprimit-210x300.jpg 210w, https:\/\/projectes.xtec.cat\/ere\/wp-content\/uploads\/usu2534\/2026\/04\/II-Mostra-EA-comprimit.jpg 618w\" sizes=\"auto, (max-width: 210px) 100vw, 210px\" \/><\/a>La Mostra ha presentat una dotzena de n\u00fameros de circ, teatre, danses urbanes i m\u00fasica interpretats pels alumnes dels cicles de la fam\u00edlia d\u2019arts esc\u00e8niques, t\u00edtols propis de la Generalitat de Catalunya, i s\u2019adre\u00e7a a l\u2019alumnat de 4t d\u2019ESO i Batxillerat que t\u00e9 inter\u00e8s en aquesta oferta educativa.<\/p>\n<p>Els\u00a0<strong>cicles formatius d&#8217;arts esc\u00e8niques<\/strong>\u00a0ofereixen formaci\u00f3 professional en \u00e0mbits com el circ, el teatre, la dansa i la m\u00fasica, i capaciten per a l&#8217;exercici d&#8217;una professi\u00f3 concreta. S&#8217;hi treballen les t\u00e8cniques, la sensibilitat art\u00edstica, la cultura esc\u00e8nica i musical, la creativitat i la capacitaci\u00f3 per a la incorporaci\u00f3 al m\u00f3n laboral amb autonomia.<\/p>\n<p>&nbsp;<\/p>\n<p><iframe loading=\"lazy\" title=\"II MOSTRA ARTS ESCE\u0300NIQUES\" width=\"500\" height=\"281\" src=\"https:\/\/www.youtube.com\/embed\/OdEmxGZSYDo?feature=oembed\" frameborder=\"0\" allow=\"accelerometer; autoplay; clipboard-write; encrypted-media; gyroscope; picture-in-picture; web-share\" referrerpolicy=\"strict-origin-when-cross-origin\" allowfullscreen><\/iframe><\/p>\n<p><a href=\"https:\/\/projectes.xtec.cat\/ere\/wp-content\/uploads\/usu2534\/2026\/04\/DSC04888-scaled.jpg\"><img loading=\"lazy\" decoding=\"async\" class=\"aligncenter size-medium wp-image-11432\" src=\"https:\/\/projectes.xtec.cat\/ere\/wp-content\/uploads\/usu2534\/2026\/04\/DSC04888-300x200.jpg\" alt=\"\" width=\"300\" height=\"200\" srcset=\"https:\/\/projectes.xtec.cat\/ere\/wp-content\/uploads\/usu2534\/2026\/04\/DSC04888-300x200.jpg 300w, https:\/\/projectes.xtec.cat\/ere\/wp-content\/uploads\/usu2534\/2026\/04\/DSC04888-1024x683.jpg 1024w, https:\/\/projectes.xtec.cat\/ere\/wp-content\/uploads\/usu2534\/2026\/04\/DSC04888-768x512.jpg 768w, https:\/\/projectes.xtec.cat\/ere\/wp-content\/uploads\/usu2534\/2026\/04\/DSC04888-1536x1024.jpg 1536w, https:\/\/projectes.xtec.cat\/ere\/wp-content\/uploads\/usu2534\/2026\/04\/DSC04888-2048x1365.jpg 2048w\" sizes=\"auto, (max-width: 300px) 100vw, 300px\" \/><\/a> <a href=\"https:\/\/projectes.xtec.cat\/ere\/wp-content\/uploads\/usu2534\/2026\/04\/DSC04904-scaled.jpg\"><img loading=\"lazy\" decoding=\"async\" class=\"aligncenter size-medium wp-image-11431\" src=\"https:\/\/projectes.xtec.cat\/ere\/wp-content\/uploads\/usu2534\/2026\/04\/DSC04904-300x200.jpg\" alt=\"\" width=\"300\" height=\"200\" srcset=\"https:\/\/projectes.xtec.cat\/ere\/wp-content\/uploads\/usu2534\/2026\/04\/DSC04904-300x200.jpg 300w, https:\/\/projectes.xtec.cat\/ere\/wp-content\/uploads\/usu2534\/2026\/04\/DSC04904-1024x683.jpg 1024w, https:\/\/projectes.xtec.cat\/ere\/wp-content\/uploads\/usu2534\/2026\/04\/DSC04904-768x512.jpg 768w, https:\/\/projectes.xtec.cat\/ere\/wp-content\/uploads\/usu2534\/2026\/04\/DSC04904-1536x1024.jpg 1536w, https:\/\/projectes.xtec.cat\/ere\/wp-content\/uploads\/usu2534\/2026\/04\/DSC04904-2048x1365.jpg 2048w\" sizes=\"auto, (max-width: 300px) 100vw, 300px\" \/><\/a> <a href=\"https:\/\/projectes.xtec.cat\/ere\/wp-content\/uploads\/usu2534\/2026\/04\/DSC04930-scaled.jpg\"><img loading=\"lazy\" decoding=\"async\" class=\"aligncenter size-medium wp-image-11430\" src=\"https:\/\/projectes.xtec.cat\/ere\/wp-content\/uploads\/usu2534\/2026\/04\/DSC04930-300x200.jpg\" alt=\"\" width=\"300\" height=\"200\" srcset=\"https:\/\/projectes.xtec.cat\/ere\/wp-content\/uploads\/usu2534\/2026\/04\/DSC04930-300x200.jpg 300w, https:\/\/projectes.xtec.cat\/ere\/wp-content\/uploads\/usu2534\/2026\/04\/DSC04930-1024x683.jpg 1024w, https:\/\/projectes.xtec.cat\/ere\/wp-content\/uploads\/usu2534\/2026\/04\/DSC04930-768x512.jpg 768w, https:\/\/projectes.xtec.cat\/ere\/wp-content\/uploads\/usu2534\/2026\/04\/DSC04930-1536x1024.jpg 1536w, https:\/\/projectes.xtec.cat\/ere\/wp-content\/uploads\/usu2534\/2026\/04\/DSC04930-2048x1365.jpg 2048w\" sizes=\"auto, (max-width: 300px) 100vw, 300px\" \/><\/a> <a href=\"https:\/\/projectes.xtec.cat\/ere\/wp-content\/uploads\/usu2534\/2026\/04\/DSC04950-scaled.jpg\"><img loading=\"lazy\" decoding=\"async\" class=\"aligncenter size-medium wp-image-11429\" src=\"https:\/\/projectes.xtec.cat\/ere\/wp-content\/uploads\/usu2534\/2026\/04\/DSC04950-300x200.jpg\" alt=\"\" width=\"300\" height=\"200\" srcset=\"https:\/\/projectes.xtec.cat\/ere\/wp-content\/uploads\/usu2534\/2026\/04\/DSC04950-300x200.jpg 300w, https:\/\/projectes.xtec.cat\/ere\/wp-content\/uploads\/usu2534\/2026\/04\/DSC04950-1024x683.jpg 1024w, https:\/\/projectes.xtec.cat\/ere\/wp-content\/uploads\/usu2534\/2026\/04\/DSC04950-768x512.jpg 768w, https:\/\/projectes.xtec.cat\/ere\/wp-content\/uploads\/usu2534\/2026\/04\/DSC04950-1536x1024.jpg 1536w, https:\/\/projectes.xtec.cat\/ere\/wp-content\/uploads\/usu2534\/2026\/04\/DSC04950-2048x1365.jpg 2048w\" sizes=\"auto, (max-width: 300px) 100vw, 300px\" \/><\/a> <a href=\"https:\/\/projectes.xtec.cat\/ere\/wp-content\/uploads\/usu2534\/2026\/04\/DSC04968-scaled.jpg\"><img loading=\"lazy\" decoding=\"async\" class=\"aligncenter size-medium wp-image-11428\" src=\"https:\/\/projectes.xtec.cat\/ere\/wp-content\/uploads\/usu2534\/2026\/04\/DSC04968-300x200.jpg\" alt=\"\" width=\"300\" height=\"200\" srcset=\"https:\/\/projectes.xtec.cat\/ere\/wp-content\/uploads\/usu2534\/2026\/04\/DSC04968-300x200.jpg 300w, https:\/\/projectes.xtec.cat\/ere\/wp-content\/uploads\/usu2534\/2026\/04\/DSC04968-1024x683.jpg 1024w, https:\/\/projectes.xtec.cat\/ere\/wp-content\/uploads\/usu2534\/2026\/04\/DSC04968-768x512.jpg 768w, https:\/\/projectes.xtec.cat\/ere\/wp-content\/uploads\/usu2534\/2026\/04\/DSC04968-1536x1024.jpg 1536w, https:\/\/projectes.xtec.cat\/ere\/wp-content\/uploads\/usu2534\/2026\/04\/DSC04968-2048x1365.jpg 2048w\" sizes=\"auto, (max-width: 300px) 100vw, 300px\" \/><\/a> <a href=\"https:\/\/projectes.xtec.cat\/ere\/wp-content\/uploads\/usu2534\/2026\/04\/DSC05259-scaled.jpg\"><img loading=\"lazy\" decoding=\"async\" class=\"aligncenter size-medium wp-image-11427\" src=\"https:\/\/projectes.xtec.cat\/ere\/wp-content\/uploads\/usu2534\/2026\/04\/DSC05259-300x200.jpg\" alt=\"\" width=\"300\" height=\"200\" srcset=\"https:\/\/projectes.xtec.cat\/ere\/wp-content\/uploads\/usu2534\/2026\/04\/DSC05259-300x200.jpg 300w, https:\/\/projectes.xtec.cat\/ere\/wp-content\/uploads\/usu2534\/2026\/04\/DSC05259-1024x683.jpg 1024w, https:\/\/projectes.xtec.cat\/ere\/wp-content\/uploads\/usu2534\/2026\/04\/DSC05259-768x512.jpg 768w, https:\/\/projectes.xtec.cat\/ere\/wp-content\/uploads\/usu2534\/2026\/04\/DSC05259-1536x1024.jpg 1536w, https:\/\/projectes.xtec.cat\/ere\/wp-content\/uploads\/usu2534\/2026\/04\/DSC05259-2048x1365.jpg 2048w\" sizes=\"auto, (max-width: 300px) 100vw, 300px\" \/><\/a> <a href=\"https:\/\/projectes.xtec.cat\/ere\/wp-content\/uploads\/usu2534\/2026\/04\/DSC05912-scaled.jpg\"><img loading=\"lazy\" decoding=\"async\" class=\"aligncenter size-medium wp-image-11426\" src=\"https:\/\/projectes.xtec.cat\/ere\/wp-content\/uploads\/usu2534\/2026\/04\/DSC05912-300x200.jpg\" alt=\"\" width=\"300\" height=\"200\" srcset=\"https:\/\/projectes.xtec.cat\/ere\/wp-content\/uploads\/usu2534\/2026\/04\/DSC05912-300x200.jpg 300w, https:\/\/projectes.xtec.cat\/ere\/wp-content\/uploads\/usu2534\/2026\/04\/DSC05912-1024x683.jpg 1024w, https:\/\/projectes.xtec.cat\/ere\/wp-content\/uploads\/usu2534\/2026\/04\/DSC05912-768x512.jpg 768w, https:\/\/projectes.xtec.cat\/ere\/wp-content\/uploads\/usu2534\/2026\/04\/DSC05912-1536x1024.jpg 1536w, https:\/\/projectes.xtec.cat\/ere\/wp-content\/uploads\/usu2534\/2026\/04\/DSC05912-2048x1365.jpg 2048w\" sizes=\"auto, (max-width: 300px) 100vw, 300px\" \/><\/a> <a href=\"https:\/\/projectes.xtec.cat\/ere\/wp-content\/uploads\/usu2534\/2026\/04\/DSC05486-scaled.jpg\"><img loading=\"lazy\" decoding=\"async\" class=\"aligncenter size-medium wp-image-11425\" src=\"https:\/\/projectes.xtec.cat\/ere\/wp-content\/uploads\/usu2534\/2026\/04\/DSC05486-300x200.jpg\" alt=\"\" width=\"300\" height=\"200\" srcset=\"https:\/\/projectes.xtec.cat\/ere\/wp-content\/uploads\/usu2534\/2026\/04\/DSC05486-300x200.jpg 300w, https:\/\/projectes.xtec.cat\/ere\/wp-content\/uploads\/usu2534\/2026\/04\/DSC05486-1024x683.jpg 1024w, https:\/\/projectes.xtec.cat\/ere\/wp-content\/uploads\/usu2534\/2026\/04\/DSC05486-768x512.jpg 768w, https:\/\/projectes.xtec.cat\/ere\/wp-content\/uploads\/usu2534\/2026\/04\/DSC05486-1536x1024.jpg 1536w, https:\/\/projectes.xtec.cat\/ere\/wp-content\/uploads\/usu2534\/2026\/04\/DSC05486-2048x1365.jpg 2048w\" sizes=\"auto, (max-width: 300px) 100vw, 300px\" \/><\/a> <a href=\"https:\/\/projectes.xtec.cat\/ere\/wp-content\/uploads\/usu2534\/2026\/04\/DSC05319-scaled.jpg\"><img loading=\"lazy\" decoding=\"async\" class=\"aligncenter size-medium wp-image-11424\" src=\"https:\/\/projectes.xtec.cat\/ere\/wp-content\/uploads\/usu2534\/2026\/04\/DSC05319-300x200.jpg\" alt=\"\" width=\"300\" height=\"200\" srcset=\"https:\/\/projectes.xtec.cat\/ere\/wp-content\/uploads\/usu2534\/2026\/04\/DSC05319-300x200.jpg 300w, https:\/\/projectes.xtec.cat\/ere\/wp-content\/uploads\/usu2534\/2026\/04\/DSC05319-1024x683.jpg 1024w, https:\/\/projectes.xtec.cat\/ere\/wp-content\/uploads\/usu2534\/2026\/04\/DSC05319-768x512.jpg 768w, https:\/\/projectes.xtec.cat\/ere\/wp-content\/uploads\/usu2534\/2026\/04\/DSC05319-1536x1024.jpg 1536w, https:\/\/projectes.xtec.cat\/ere\/wp-content\/uploads\/usu2534\/2026\/04\/DSC05319-2048x1365.jpg 2048w\" sizes=\"auto, (max-width: 300px) 100vw, 300px\" \/><\/a><\/p>\n","protected":false},"excerpt":{"rendered":"<p>El dia 14 d\u2019abril de 2026 a les 12 del migdia s&#8217;ha celebrat, al Teatre Coliseum de Barcelona, la 2a Mostra d\u2019arts esc\u00e8niques del Departament d\u2019Educaci\u00f3 i Formaci\u00f3 Professional, un espectacle multidisciplinar dels centres que imparteixen els <a title=\"Ves-hi\" href=\"https:\/\/triaeducativa.gencat.cat\/ca\/artistics-esportius\/arts-esceniques\/\">cicles formatius d\u2019arts esc\u00e8niques<\/a>.<br \/>\n<a href=\"https:\/\/projectes.xtec.cat\/ere\/wp-content\/uploads\/usu2534\/2026\/04\/II-Mostra-EA-comprimit.jpg\"><\/a>La Mostra&hellip;  <a href=\"https:\/\/projectes.xtec.cat\/ere\/actualitat\/ii-mostra-darts-esceniques\/\" title=\"Read II MOSTRA D&#8217;ARTS ESC\u00c8NIQUES\">Llegeix m\u00e9s\u00bb<\/a><\/p>\n","protected":false},"author":1,"featured_media":11406,"comment_status":"closed","ping_status":"open","sticky":false,"template":"","format":"standard","meta":{"_bbp_topic_count":0,"_bbp_reply_count":0,"_bbp_total_topic_count":0,"_bbp_total_reply_count":0,"_bbp_voice_count":0,"_bbp_anonymous_reply_count":0,"_bbp_topic_count_hidden":0,"_bbp_reply_count_hidden":0,"_bbp_forum_subforum_count":0,"footnotes":""},"categories":[1],"tags":[345,343],"class_list":["post-11405","post","type-post","status-publish","format-standard","has-post-thumbnail","hentry","category-actualitat","tag-arts-esceniques","tag-mostra-darts-esceniques"],"post_mailing_queue_ids":[],"_links":{"self":[{"href":"https:\/\/projectes.xtec.cat\/ere\/wp-json\/wp\/v2\/posts\/11405","targetHints":{"allow":["GET"]}}],"collection":[{"href":"https:\/\/projectes.xtec.cat\/ere\/wp-json\/wp\/v2\/posts"}],"about":[{"href":"https:\/\/projectes.xtec.cat\/ere\/wp-json\/wp\/v2\/types\/post"}],"author":[{"embeddable":true,"href":"https:\/\/projectes.xtec.cat\/ere\/wp-json\/wp\/v2\/users\/1"}],"replies":[{"embeddable":true,"href":"https:\/\/projectes.xtec.cat\/ere\/wp-json\/wp\/v2\/comments?post=11405"}],"version-history":[{"count":6,"href":"https:\/\/projectes.xtec.cat\/ere\/wp-json\/wp\/v2\/posts\/11405\/revisions"}],"predecessor-version":[{"id":11450,"href":"https:\/\/projectes.xtec.cat\/ere\/wp-json\/wp\/v2\/posts\/11405\/revisions\/11450"}],"wp:featuredmedia":[{"embeddable":true,"href":"https:\/\/projectes.xtec.cat\/ere\/wp-json\/wp\/v2\/media\/11406"}],"wp:attachment":[{"href":"https:\/\/projectes.xtec.cat\/ere\/wp-json\/wp\/v2\/media?parent=11405"}],"wp:term":[{"taxonomy":"category","embeddable":true,"href":"https:\/\/projectes.xtec.cat\/ere\/wp-json\/wp\/v2\/categories?post=11405"},{"taxonomy":"post_tag","embeddable":true,"href":"https:\/\/projectes.xtec.cat\/ere\/wp-json\/wp\/v2\/tags?post=11405"}],"curies":[{"name":"wp","href":"https:\/\/api.w.org\/{rel}","templated":true}]}}