{"id":11409,"date":"2026-04-22T07:55:57","date_gmt":"2026-04-22T05:55:57","guid":{"rendered":"https:\/\/projectes.xtec.cat\/ere\/?p=11409"},"modified":"2026-04-22T07:55:57","modified_gmt":"2026-04-22T05:55:57","slug":"i-mostra-de-dansa","status":"publish","type":"post","link":"https:\/\/projectes.xtec.cat\/ere\/actualitat\/i-mostra-de-dansa\/","title":{"rendered":"I MOSTRA DE DANSA"},"content":{"rendered":"<p>El 15 d\u2019abril del 2026, el Departament d\u2019Educaci\u00f3 i FP va organitzar la primera\u00a0 Mostra de Dansa que es va celebrar al Teatre Auditori de Sant Cugat del Vall\u00e8s.<\/p>\n<p>Aquesta actuaci\u00f3, realitzada per alumnat del Grau Professional de Dansa, es va adre\u00e7ar a alumnat de 3r a 6\u00e8 d\u2019Educaci\u00f3 Prim\u00e0ria i de 1r d\u2019ESO amb l\u2019objectiu de promocionar la dansa i apropar aquesta disciplina art\u00edstica a nous p\u00fablics.<\/p>\n<p>L&#8217;espectacle va ser a c\u00e0rrec de ballarins i ballarines dels dos conservatoris de dansa de Catalunya:\u00a0 l\u2019Institut Escola Art\u00edstic Oriol Martorell i Conservatori professional de Dansa de l\u2019Institut del Teatre, que van presentar diverses peces coreogr\u00e0fiques creades i treballades durant el curs de les\u00a0 tres especialitats de dansa del Grau Professional que s\u2019imparteixen a Catalunya: dansa cl\u00e0ssica, dansa contempor\u00e0nia i\u00a0 dansa espanyola.<\/p>\n<p>En acabar l\u2019espectacle, es va celebrar un breu col\u00b7loqui amb els int\u00e8rprets.<\/p>\n<p><a href=\"https:\/\/projectes.xtec.cat\/ere\/wp-content\/uploads\/usu2534\/2026\/04\/Cartell-Mostra-de-Dansa_compressed_page-0001-1-scaled.jpg\"><img loading=\"lazy\" decoding=\"async\" class=\"aligncenter wp-image-11445 size-large\" src=\"https:\/\/projectes.xtec.cat\/ere\/wp-content\/uploads\/usu2534\/2026\/04\/Cartell-Mostra-de-Dansa_compressed_page-0001-1-1024x576.jpg\" alt=\"\" width=\"1024\" height=\"576\" srcset=\"https:\/\/projectes.xtec.cat\/ere\/wp-content\/uploads\/usu2534\/2026\/04\/Cartell-Mostra-de-Dansa_compressed_page-0001-1-1024x576.jpg 1024w, https:\/\/projectes.xtec.cat\/ere\/wp-content\/uploads\/usu2534\/2026\/04\/Cartell-Mostra-de-Dansa_compressed_page-0001-1-300x169.jpg 300w, https:\/\/projectes.xtec.cat\/ere\/wp-content\/uploads\/usu2534\/2026\/04\/Cartell-Mostra-de-Dansa_compressed_page-0001-1-768x432.jpg 768w, https:\/\/projectes.xtec.cat\/ere\/wp-content\/uploads\/usu2534\/2026\/04\/Cartell-Mostra-de-Dansa_compressed_page-0001-1-1536x864.jpg 1536w, https:\/\/projectes.xtec.cat\/ere\/wp-content\/uploads\/usu2534\/2026\/04\/Cartell-Mostra-de-Dansa_compressed_page-0001-1-2048x1152.jpg 2048w\" sizes=\"auto, (max-width: 1024px) 100vw, 1024px\" \/><\/a><a href=\"https:\/\/projectes.xtec.cat\/ere\/wp-content\/uploads\/usu2534\/2026\/04\/Programa-de-Ma-Imprimir_compressed-any_page-0001.jpg\"><img loading=\"lazy\" decoding=\"async\" class=\"aligncenter wp-image-11442 size-large\" src=\"https:\/\/projectes.xtec.cat\/ere\/wp-content\/uploads\/usu2534\/2026\/04\/Programa-de-Ma-Imprimir_compressed-any_page-0001-1024x725.jpg\" alt=\"\" width=\"1024\" height=\"725\" srcset=\"https:\/\/projectes.xtec.cat\/ere\/wp-content\/uploads\/usu2534\/2026\/04\/Programa-de-Ma-Imprimir_compressed-any_page-0001-1024x725.jpg 1024w, https:\/\/projectes.xtec.cat\/ere\/wp-content\/uploads\/usu2534\/2026\/04\/Programa-de-Ma-Imprimir_compressed-any_page-0001-300x212.jpg 300w, https:\/\/projectes.xtec.cat\/ere\/wp-content\/uploads\/usu2534\/2026\/04\/Programa-de-Ma-Imprimir_compressed-any_page-0001-768x543.jpg 768w, https:\/\/projectes.xtec.cat\/ere\/wp-content\/uploads\/usu2534\/2026\/04\/Programa-de-Ma-Imprimir_compressed-any_page-0001-1536x1087.jpg 1536w, https:\/\/projectes.xtec.cat\/ere\/wp-content\/uploads\/usu2534\/2026\/04\/Programa-de-Ma-Imprimir_compressed-any_page-0001.jpg 1754w\" sizes=\"auto, (max-width: 1024px) 100vw, 1024px\" \/><\/a> <a href=\"https:\/\/projectes.xtec.cat\/ere\/wp-content\/uploads\/usu2534\/2026\/04\/Programa-de-Ma-Imprimir_compressed-any_page-0002.jpg\"><img loading=\"lazy\" decoding=\"async\" class=\"aligncenter wp-image-11443 size-large\" src=\"https:\/\/projectes.xtec.cat\/ere\/wp-content\/uploads\/usu2534\/2026\/04\/Programa-de-Ma-Imprimir_compressed-any_page-0002-1024x725.jpg\" alt=\"\" width=\"1024\" height=\"725\" srcset=\"https:\/\/projectes.xtec.cat\/ere\/wp-content\/uploads\/usu2534\/2026\/04\/Programa-de-Ma-Imprimir_compressed-any_page-0002-1024x725.jpg 1024w, https:\/\/projectes.xtec.cat\/ere\/wp-content\/uploads\/usu2534\/2026\/04\/Programa-de-Ma-Imprimir_compressed-any_page-0002-300x212.jpg 300w, https:\/\/projectes.xtec.cat\/ere\/wp-content\/uploads\/usu2534\/2026\/04\/Programa-de-Ma-Imprimir_compressed-any_page-0002-768x543.jpg 768w, https:\/\/projectes.xtec.cat\/ere\/wp-content\/uploads\/usu2534\/2026\/04\/Programa-de-Ma-Imprimir_compressed-any_page-0002-1536x1087.jpg 1536w, https:\/\/projectes.xtec.cat\/ere\/wp-content\/uploads\/usu2534\/2026\/04\/Programa-de-Ma-Imprimir_compressed-any_page-0002.jpg 1754w\" sizes=\"auto, (max-width: 1024px) 100vw, 1024px\" \/><\/a><\/p>\n<p><iframe loading=\"lazy\" title=\"I MOSTRA DE DANSA SANT CUGAT. Ensenyaments de R\u00e8gim Especial.\" width=\"500\" height=\"281\" src=\"https:\/\/www.youtube.com\/embed\/0d3bN1hbylI?feature=oembed\" frameborder=\"0\" allow=\"accelerometer; autoplay; clipboard-write; encrypted-media; gyroscope; picture-in-picture; web-share\" referrerpolicy=\"strict-origin-when-cross-origin\" allowfullscreen><\/iframe><\/p>\n","protected":false},"excerpt":{"rendered":"<p>El 15 d\u2019abril del 2026, el Departament d\u2019Educaci\u00f3 i FP va organitzar la primera\u00a0 Mostra de Dansa que es va celebrar al Teatre Auditori de Sant Cugat del Vall\u00e8s.<br \/>\nAquesta actuaci\u00f3, realitzada per alumnat del Grau Professional de Dansa, es va adre\u00e7ar a alumnat de 3r&hellip;  <a href=\"https:\/\/projectes.xtec.cat\/ere\/actualitat\/i-mostra-de-dansa\/\" title=\"Read I MOSTRA DE DANSA\">Llegeix m\u00e9s\u00bb<\/a><\/p>\n","protected":false},"author":1,"featured_media":11445,"comment_status":"closed","ping_status":"open","sticky":false,"template":"","format":"standard","meta":{"_bbp_topic_count":0,"_bbp_reply_count":0,"_bbp_total_topic_count":0,"_bbp_total_reply_count":0,"_bbp_voice_count":0,"_bbp_anonymous_reply_count":0,"_bbp_topic_count_hidden":0,"_bbp_reply_count_hidden":0,"_bbp_forum_subforum_count":0,"footnotes":""},"categories":[1],"tags":[345,318,379],"class_list":["post-11409","post","type-post","status-publish","format-standard","has-post-thumbnail","hentry","category-actualitat","tag-arts-esceniques","tag-dansa","tag-mostra-de-dansa"],"post_mailing_queue_ids":[],"_links":{"self":[{"href":"https:\/\/projectes.xtec.cat\/ere\/wp-json\/wp\/v2\/posts\/11409","targetHints":{"allow":["GET"]}}],"collection":[{"href":"https:\/\/projectes.xtec.cat\/ere\/wp-json\/wp\/v2\/posts"}],"about":[{"href":"https:\/\/projectes.xtec.cat\/ere\/wp-json\/wp\/v2\/types\/post"}],"author":[{"embeddable":true,"href":"https:\/\/projectes.xtec.cat\/ere\/wp-json\/wp\/v2\/users\/1"}],"replies":[{"embeddable":true,"href":"https:\/\/projectes.xtec.cat\/ere\/wp-json\/wp\/v2\/comments?post=11409"}],"version-history":[{"count":5,"href":"https:\/\/projectes.xtec.cat\/ere\/wp-json\/wp\/v2\/posts\/11409\/revisions"}],"predecessor-version":[{"id":11448,"href":"https:\/\/projectes.xtec.cat\/ere\/wp-json\/wp\/v2\/posts\/11409\/revisions\/11448"}],"wp:featuredmedia":[{"embeddable":true,"href":"https:\/\/projectes.xtec.cat\/ere\/wp-json\/wp\/v2\/media\/11445"}],"wp:attachment":[{"href":"https:\/\/projectes.xtec.cat\/ere\/wp-json\/wp\/v2\/media?parent=11409"}],"wp:term":[{"taxonomy":"category","embeddable":true,"href":"https:\/\/projectes.xtec.cat\/ere\/wp-json\/wp\/v2\/categories?post=11409"},{"taxonomy":"post_tag","embeddable":true,"href":"https:\/\/projectes.xtec.cat\/ere\/wp-json\/wp\/v2\/tags?post=11409"}],"curies":[{"name":"wp","href":"https:\/\/api.w.org\/{rel}","templated":true}]}}