{"id":11414,"date":"2026-04-13T13:44:31","date_gmt":"2026-04-13T11:44:31","guid":{"rendered":"https:\/\/projectes.xtec.cat\/ere\/?p=11414"},"modified":"2026-04-13T13:44:31","modified_gmt":"2026-04-13T11:44:31","slug":"reportatge-sobre-la-simultaneitat-del-cicle-inicial-de-salvament-i-socorrisme","status":"publish","type":"post","link":"https:\/\/projectes.xtec.cat\/ere\/actualitat\/reportatge-sobre-la-simultaneitat-del-cicle-inicial-de-salvament-i-socorrisme\/","title":{"rendered":"Reportatge sobre la simultane\u00eftat del cicle inicial de salvament i socorrisme."},"content":{"rendered":"<p>&nbsp;<\/p>\n<p>El proper curs 2026-2027 l\u2019Institut de N\u00e0utica far\u00e0 la simultane\u00eftat del cicle inicial de salvament i socorrisme amb l\u2019Institut Maria Espinalt.<\/p>\n<p>En aquest <a href=\"https:\/\/www.laxarxa.cat\/programa\/noticies-en-xarxa-tv-mati\/capitol\/noticies-en-xarxa-edicio-mati-09-04-2026\">enlla\u00e7<\/a> de la plataforma multim\u00e8dia La Xarxa (xarxa.cat) i des del minut 20.12 al minut 22.00, hi ha un petit reportatge.<\/p>\n<p>&nbsp;<\/p>\n","protected":false},"excerpt":{"rendered":"<p>&nbsp;<br \/>\nEl proper curs 2026-2027 l\u2019Institut de N\u00e0utica far\u00e0 la simultane\u00eftat del cicle inicial de salvament i socorrisme amb l\u2019Institut Maria Espinalt.<br \/>\nEn aquest <a href=\"https:\/\/www.laxarxa.cat\/programa\/noticies-en-xarxa-tv-mati\/capitol\/noticies-en-xarxa-edicio-mati-09-04-2026\">enlla\u00e7<\/a> de la plataforma multim\u00e8dia La Xarxa (xarxa.cat) i des del minut 20.12 al minut 22.00, hi ha un petit reportatge.<br \/>\n&nbsp;<\/p>\n","protected":false},"author":1,"featured_media":11415,"comment_status":"closed","ping_status":"open","sticky":false,"template":"","format":"standard","meta":{"_bbp_topic_count":0,"_bbp_reply_count":0,"_bbp_total_topic_count":0,"_bbp_total_reply_count":0,"_bbp_voice_count":0,"_bbp_anonymous_reply_count":0,"_bbp_topic_count_hidden":0,"_bbp_reply_count_hidden":0,"_bbp_forum_subforum_count":0,"footnotes":""},"categories":[1],"tags":[],"class_list":["post-11414","post","type-post","status-publish","format-standard","has-post-thumbnail","hentry","category-actualitat"],"post_mailing_queue_ids":[],"_links":{"self":[{"href":"https:\/\/projectes.xtec.cat\/ere\/wp-json\/wp\/v2\/posts\/11414","targetHints":{"allow":["GET"]}}],"collection":[{"href":"https:\/\/projectes.xtec.cat\/ere\/wp-json\/wp\/v2\/posts"}],"about":[{"href":"https:\/\/projectes.xtec.cat\/ere\/wp-json\/wp\/v2\/types\/post"}],"author":[{"embeddable":true,"href":"https:\/\/projectes.xtec.cat\/ere\/wp-json\/wp\/v2\/users\/1"}],"replies":[{"embeddable":true,"href":"https:\/\/projectes.xtec.cat\/ere\/wp-json\/wp\/v2\/comments?post=11414"}],"version-history":[{"count":1,"href":"https:\/\/projectes.xtec.cat\/ere\/wp-json\/wp\/v2\/posts\/11414\/revisions"}],"predecessor-version":[{"id":11416,"href":"https:\/\/projectes.xtec.cat\/ere\/wp-json\/wp\/v2\/posts\/11414\/revisions\/11416"}],"wp:featuredmedia":[{"embeddable":true,"href":"https:\/\/projectes.xtec.cat\/ere\/wp-json\/wp\/v2\/media\/11415"}],"wp:attachment":[{"href":"https:\/\/projectes.xtec.cat\/ere\/wp-json\/wp\/v2\/media?parent=11414"}],"wp:term":[{"taxonomy":"category","embeddable":true,"href":"https:\/\/projectes.xtec.cat\/ere\/wp-json\/wp\/v2\/categories?post=11414"},{"taxonomy":"post_tag","embeddable":true,"href":"https:\/\/projectes.xtec.cat\/ere\/wp-json\/wp\/v2\/tags?post=11414"}],"curies":[{"name":"wp","href":"https:\/\/api.w.org\/{rel}","templated":true}]}}