{"id":11451,"date":"2026-04-24T14:21:22","date_gmt":"2026-04-24T12:21:22","guid":{"rendered":"https:\/\/projectes.xtec.cat\/ere\/?p=11451"},"modified":"2026-04-24T14:20:39","modified_gmt":"2026-04-24T12:20:39","slug":"dia-internacional-de-la-dansa-2026","status":"publish","type":"post","link":"https:\/\/projectes.xtec.cat\/ere\/actualitat\/dia-internacional-de-la-dansa-2026\/","title":{"rendered":"Dia Internacional de la Dansa 2026"},"content":{"rendered":"<p>El Dia Internacional de la Dansa el va proposar el Comit\u00e8 de l&#8217;ITI (International Theatre Institute), perqu\u00e8 fos celebrat anualment el 29 d\u2019abril. \u00c9s la data que coincideix amb aniversari del naixement de\u00a0<strong><a title=\"Jean-Georges Noverre\" href=\"http:\/\/es.wikipedia.org\/wiki\/Jean-Georges_Noverre\" target=\"_blank\" rel=\"noopener\">Jean-Georges Noverre<\/a><\/strong>, considerat el creador del ballet modern.<\/p>\n<p>El Dia Internacional de la Dansa vol celebrar-la i donar a con\u00e8ixer la universalitat d\u2019aquesta forma d\u2019expressi\u00f3 art\u00edstica, vol travessar totes les barreres pol\u00edtiques, culturals i \u00e8tniques per acostar-la a tota ciutadania a trav\u00e9s d\u2019un llenguatge com\u00fa.<\/p>\n<p>El Dia Internacional de la Dansa t\u00e9 com a objectius principals:<\/p>\n<ul>\n<li>Promoure les manifestacions art\u00edstiques de dansa arreu del m\u00f3n<\/li>\n<li>Conscienciar la ciutadania del valor d\u2019aquesta forma d\u2019art<\/li>\n<li>Donar suport a la comunitat de la dansa per promoure la seva tasca a gran escala, i per tal que els l\u00edders d\u2019opini\u00f3 en els governs i l\u2019esfera pol\u00edtica prenguin consci\u00e8ncia del seu valor, i hi donin suport.<\/li>\n<li>Gaudir i compartir la joia de la dansa amb tothom.<\/li>\n<\/ul>\n<p><a href=\"https:\/\/www.dansa-aeda.com\/es\/dia-internacional-de-la-danza-2026\/\">Mapa d&#8217;activitats del Dia Internacional de la Dansa 2026<\/a>.<\/p>\n<p><a href=\"https:\/\/projectes.xtec.cat\/ere\/wp-content\/uploads\/usu2534\/2026\/04\/1-5c7f7a38-scaled.jpg\"><img loading=\"lazy\" decoding=\"async\" class=\"aligncenter wp-image-11453 size-large\" src=\"https:\/\/projectes.xtec.cat\/ere\/wp-content\/uploads\/usu2534\/2026\/04\/1-5c7f7a38-1024x768.jpg\" alt=\"\" width=\"1024\" height=\"768\" srcset=\"https:\/\/projectes.xtec.cat\/ere\/wp-content\/uploads\/usu2534\/2026\/04\/1-5c7f7a38-1024x768.jpg 1024w, https:\/\/projectes.xtec.cat\/ere\/wp-content\/uploads\/usu2534\/2026\/04\/1-5c7f7a38-300x225.jpg 300w, https:\/\/projectes.xtec.cat\/ere\/wp-content\/uploads\/usu2534\/2026\/04\/1-5c7f7a38-768x576.jpg 768w, https:\/\/projectes.xtec.cat\/ere\/wp-content\/uploads\/usu2534\/2026\/04\/1-5c7f7a38-1536x1152.jpg 1536w, https:\/\/projectes.xtec.cat\/ere\/wp-content\/uploads\/usu2534\/2026\/04\/1-5c7f7a38-2048x1536.jpg 2048w, https:\/\/projectes.xtec.cat\/ere\/wp-content\/uploads\/usu2534\/2026\/04\/1-5c7f7a38-200x150.jpg 200w\" sizes=\"auto, (max-width: 1024px) 100vw, 1024px\" \/><\/a><\/p>\n","protected":false},"excerpt":{"rendered":"<p>El Dia Internacional de la Dansa el va proposar el Comit\u00e8 de l&#8217;ITI (International Theatre Institute), perqu\u00e8 fos celebrat anualment el 29 d\u2019abril. \u00c9s la data que coincideix amb aniversari del naixement de\u00a0<a title=\"Jean-Georges Noverre\" href=\"http:\/\/es.wikipedia.org\/wiki\/Jean-Georges_Noverre\" target=\"_blank\" rel=\"noopener\">Jean-Georges Noverre<\/a>, considerat el creador del ballet modern.<br \/>\nEl&hellip;  <a href=\"https:\/\/projectes.xtec.cat\/ere\/actualitat\/dia-internacional-de-la-dansa-2026\/\" title=\"Read Dia Internacional de la Dansa 2026\">Llegeix m\u00e9s\u00bb<\/a><\/p>\n","protected":false},"author":1,"featured_media":11453,"comment_status":"closed","ping_status":"open","sticky":false,"template":"","format":"standard","meta":{"_bbp_topic_count":0,"_bbp_reply_count":0,"_bbp_total_topic_count":0,"_bbp_total_reply_count":0,"_bbp_voice_count":0,"_bbp_anonymous_reply_count":0,"_bbp_topic_count_hidden":0,"_bbp_reply_count_hidden":0,"_bbp_forum_subforum_count":0,"footnotes":""},"categories":[1],"tags":[],"class_list":["post-11451","post","type-post","status-publish","format-standard","has-post-thumbnail","hentry","category-actualitat"],"post_mailing_queue_ids":[],"_links":{"self":[{"href":"https:\/\/projectes.xtec.cat\/ere\/wp-json\/wp\/v2\/posts\/11451","targetHints":{"allow":["GET"]}}],"collection":[{"href":"https:\/\/projectes.xtec.cat\/ere\/wp-json\/wp\/v2\/posts"}],"about":[{"href":"https:\/\/projectes.xtec.cat\/ere\/wp-json\/wp\/v2\/types\/post"}],"author":[{"embeddable":true,"href":"https:\/\/projectes.xtec.cat\/ere\/wp-json\/wp\/v2\/users\/1"}],"replies":[{"embeddable":true,"href":"https:\/\/projectes.xtec.cat\/ere\/wp-json\/wp\/v2\/comments?post=11451"}],"version-history":[{"count":1,"href":"https:\/\/projectes.xtec.cat\/ere\/wp-json\/wp\/v2\/posts\/11451\/revisions"}],"predecessor-version":[{"id":11454,"href":"https:\/\/projectes.xtec.cat\/ere\/wp-json\/wp\/v2\/posts\/11451\/revisions\/11454"}],"wp:featuredmedia":[{"embeddable":true,"href":"https:\/\/projectes.xtec.cat\/ere\/wp-json\/wp\/v2\/media\/11453"}],"wp:attachment":[{"href":"https:\/\/projectes.xtec.cat\/ere\/wp-json\/wp\/v2\/media?parent=11451"}],"wp:term":[{"taxonomy":"category","embeddable":true,"href":"https:\/\/projectes.xtec.cat\/ere\/wp-json\/wp\/v2\/categories?post=11451"},{"taxonomy":"post_tag","embeddable":true,"href":"https:\/\/projectes.xtec.cat\/ere\/wp-json\/wp\/v2\/tags?post=11451"}],"curies":[{"name":"wp","href":"https:\/\/api.w.org\/{rel}","templated":true}]}}