{"id":8397,"date":"2023-03-24T12:01:47","date_gmt":"2023-03-24T11:01:47","guid":{"rendered":"https:\/\/projectes.xtec.cat\/escacsescola\/?p=8397"},"modified":"2023-03-24T12:01:47","modified_gmt":"2023-03-24T11:01:47","slug":"se-celebra-la-london-chess-conference-amb-participacio-del-programa-escacs-a-lescola","status":"publish","type":"post","link":"https:\/\/projectes.xtec.cat\/escacsescola\/general\/se-celebra-la-london-chess-conference-amb-participacio-del-programa-escacs-a-lescola\/","title":{"rendered":"Se celebra la London Chess Conference, amb participaci\u00f3 del programa Escacs a l&#8217;escola"},"content":{"rendered":"<p><span style=\"font-weight: 400;\">El cap de setmana del 17 al 19 de mar\u00e7 es va dur a terme la London Chess Conference, un congr\u00e9s de refer\u00e8ncia en l\u2019\u00e0mbit dels escacs educatius.<\/span><\/p>\n<p><span style=\"font-weight: 400;\">L\u2019esdeveniment, organitzat per Chess Plus Limited amb el suport de la Federaci\u00f3 Internacional d\u2019Escacs (FIDE), la European Chess Union (ECU) i <\/span><span style=\"font-weight: 400;\">Chess in Schools and Communities (CSC), va aplegar ponents de diversos indrets del m\u00f3n que van exposar projectes que s\u2019estan duent a terme, estudis de recerca sobre els escacs i l\u2019educaci\u00f3\u2026 en total<\/span><span style=\"font-weight: 400;\">, hi va haver representaci\u00f3 de 32 pa\u00efsos.<\/span><\/p>\n<p><span style=\"font-weight: 400;\">L\u2019espai escollit per a l\u2019ocasi\u00f3 va ser l\u2019Elm Grove Conference Centre, de la Universitat de Roehampton, un lloc amb unes magn\u00edfiques instal\u00b7lacions, ideal per dur a terme aquest tipus d\u2019activitats.\u00a0<\/span><\/p>\n<p><span style=\"font-weight: 400;\">El congr\u00e9s, el qual es va enregistrar i es pot visualitzar en diferit per internet, va comen\u00e7ar el divendres, amb una tarda de confer\u00e8ncies dedicades als escacs en l\u2019etapa d\u2019educaci\u00f3 infantil.<\/span><\/p>\n<p><span style=\"font-weight: 400;\">El segon dia, dissabte, les pon\u00e8ncies van girar entorn el tema d\u2019escacs i STEM. S\u2019hi van poder escolar diverses intervencions que parlaven dels escacs i l\u2019\u00e0mbit matem\u00e0tic o rob\u00f2tica, entre d\u2019altres.<\/span><\/p>\n<p><span style=\"font-weight: 400;\">El diumenge es va dur a terme una taula rodona per parlar de la formaci\u00f3 del professorat, una sessi\u00f3 on es van presentar diferents projectes que mostraven el potencial dels escacs com a eina educativa (per treballar la creativitat, com a eina de salut mental, per treballar amb alumnes d\u2019educaci\u00f3 especial i espectre autista\u2026), una sessi\u00f3 de presentaci\u00f3 de projectes nacionals (on, entre altres, es va presentar el programa Escacs a l\u2019escola) i una \u00faltima sessi\u00f3 dedicada a projectes de recerca cient\u00edfica vinculats amb els escacs.\u00a0<\/span><\/p>\n\n\t\t<style type=\"text\/css\">\n\t\t\t#gallery-1 {\n\t\t\t\tmargin: auto;\n\t\t\t}\n\t\t\t#gallery-1 .gallery-item {\n\t\t\t\tfloat: left;\n\t\t\t\tmargin-top: 10px;\n\t\t\t\ttext-align: center;\n\t\t\t\twidth: 33%;\n\t\t\t}\n\t\t\t#gallery-1 img {\n\t\t\t\tborder: 2px solid #cfcfcf;\n\t\t\t}\n\t\t\t#gallery-1 .gallery-caption {\n\t\t\t\tmargin-left: 0;\n\t\t\t}\n\t\t\t\/* see gallery_shortcode() in wp-includes\/media.php *\/\n\t\t<\/style>\n\t\t<div id='gallery-1' class='gallery galleryid-8397 gallery-columns-3 gallery-size-medium'><dl class='gallery-item'>\n\t\t\t<dt class='gallery-icon landscape'>\n\t\t\t\t<a href='https:\/\/projectes.xtec.cat\/escacsescola\/general\/se-celebra-la-london-chess-conference-amb-participacio-del-programa-escacs-a-lescola\/attachment\/descarga-12\/'><img loading=\"lazy\" decoding=\"async\" width=\"225\" height=\"225\" src=\"https:\/\/projectes.xtec.cat\/escacsescola\/wp-content\/uploads\/usu2498\/2023\/03\/descarga-12.jpg\" class=\"attachment-medium size-medium\" alt=\"\" aria-describedby=\"gallery-1-8410\" srcset=\"https:\/\/projectes.xtec.cat\/escacsescola\/wp-content\/uploads\/usu2498\/2023\/03\/descarga-12.jpg 225w, https:\/\/projectes.xtec.cat\/escacsescola\/wp-content\/uploads\/usu2498\/2023\/03\/descarga-12-150x150.jpg 150w\" sizes=\"auto, (max-width: 225px) 100vw, 225px\" \/><\/a>\n\t\t\t<\/dt>\n\t\t\t\t<dd class='wp-caption-text gallery-caption' id='gallery-1-8410'>\n\t\t\t\tLogo del congr\u00e9s.\n\t\t\t\t<\/dd><\/dl><dl class='gallery-item'>\n\t\t\t<dt class='gallery-icon landscape'>\n\t\t\t\t<a href='https:\/\/projectes.xtec.cat\/escacsescola\/general\/se-celebra-la-london-chess-conference-amb-participacio-del-programa-escacs-a-lescola\/attachment\/whatsapp-image-2023-03-21-at-00-43-22\/'><img loading=\"lazy\" decoding=\"async\" width=\"300\" height=\"225\" src=\"https:\/\/projectes.xtec.cat\/escacsescola\/wp-content\/uploads\/usu2498\/2023\/03\/WhatsApp-Image-2023-03-21-at-00.43.22-300x225.jpeg\" class=\"attachment-medium size-medium\" alt=\"\" aria-describedby=\"gallery-1-8406\" srcset=\"https:\/\/projectes.xtec.cat\/escacsescola\/wp-content\/uploads\/usu2498\/2023\/03\/WhatsApp-Image-2023-03-21-at-00.43.22-300x225.jpeg 300w, https:\/\/projectes.xtec.cat\/escacsescola\/wp-content\/uploads\/usu2498\/2023\/03\/WhatsApp-Image-2023-03-21-at-00.43.22-1024x768.jpeg 1024w, https:\/\/projectes.xtec.cat\/escacsescola\/wp-content\/uploads\/usu2498\/2023\/03\/WhatsApp-Image-2023-03-21-at-00.43.22-768x576.jpeg 768w, https:\/\/projectes.xtec.cat\/escacsescola\/wp-content\/uploads\/usu2498\/2023\/03\/WhatsApp-Image-2023-03-21-at-00.43.22-1536x1152.jpeg 1536w, https:\/\/projectes.xtec.cat\/escacsescola\/wp-content\/uploads\/usu2498\/2023\/03\/WhatsApp-Image-2023-03-21-at-00.43.22-200x150.jpeg 200w, https:\/\/projectes.xtec.cat\/escacsescola\/wp-content\/uploads\/usu2498\/2023\/03\/WhatsApp-Image-2023-03-21-at-00.43.22.jpeg 1600w\" sizes=\"auto, (max-width: 300px) 100vw, 300px\" \/><\/a>\n\t\t\t<\/dt>\n\t\t\t\t<dd class='wp-caption-text gallery-caption' id='gallery-1-8406'>\n\t\t\t\tSala de confer\u00e8ncies.\n\t\t\t\t<\/dd><\/dl><dl class='gallery-item'>\n\t\t\t<dt class='gallery-icon landscape'>\n\t\t\t\t<a href='https:\/\/projectes.xtec.cat\/escacsescola\/general\/se-celebra-la-london-chess-conference-amb-participacio-del-programa-escacs-a-lescola\/attachment\/whatsapp-image-2023-03-21-at-00-43-22-1\/'><img loading=\"lazy\" decoding=\"async\" width=\"300\" height=\"225\" src=\"https:\/\/projectes.xtec.cat\/escacsescola\/wp-content\/uploads\/usu2498\/2023\/03\/WhatsApp-Image-2023-03-21-at-00.43.22-1-300x225.jpeg\" class=\"attachment-medium size-medium\" alt=\"\" aria-describedby=\"gallery-1-8405\" srcset=\"https:\/\/projectes.xtec.cat\/escacsescola\/wp-content\/uploads\/usu2498\/2023\/03\/WhatsApp-Image-2023-03-21-at-00.43.22-1-300x225.jpeg 300w, https:\/\/projectes.xtec.cat\/escacsescola\/wp-content\/uploads\/usu2498\/2023\/03\/WhatsApp-Image-2023-03-21-at-00.43.22-1-1024x768.jpeg 1024w, https:\/\/projectes.xtec.cat\/escacsescola\/wp-content\/uploads\/usu2498\/2023\/03\/WhatsApp-Image-2023-03-21-at-00.43.22-1-768x576.jpeg 768w, https:\/\/projectes.xtec.cat\/escacsescola\/wp-content\/uploads\/usu2498\/2023\/03\/WhatsApp-Image-2023-03-21-at-00.43.22-1-1536x1152.jpeg 1536w, https:\/\/projectes.xtec.cat\/escacsescola\/wp-content\/uploads\/usu2498\/2023\/03\/WhatsApp-Image-2023-03-21-at-00.43.22-1-200x150.jpeg 200w, https:\/\/projectes.xtec.cat\/escacsescola\/wp-content\/uploads\/usu2498\/2023\/03\/WhatsApp-Image-2023-03-21-at-00.43.22-1.jpeg 1600w\" sizes=\"auto, (max-width: 300px) 100vw, 300px\" \/><\/a>\n\t\t\t<\/dt>\n\t\t\t\t<dd class='wp-caption-text gallery-caption' id='gallery-1-8405'>\n\t\t\t\tJohn Foley durant la cloenda del congr\u00e9s.\n\t\t\t\t<\/dd><\/dl><br style=\"clear: both\" \/><dl class='gallery-item'>\n\t\t\t<dt class='gallery-icon landscape'>\n\t\t\t\t<a href='https:\/\/projectes.xtec.cat\/escacsescola\/general\/se-celebra-la-london-chess-conference-amb-participacio-del-programa-escacs-a-lescola\/attachment\/whatsapp-image-2023-03-19-at-15-06-05\/'><img loading=\"lazy\" decoding=\"async\" width=\"300\" height=\"225\" src=\"https:\/\/projectes.xtec.cat\/escacsescola\/wp-content\/uploads\/usu2498\/2023\/03\/WhatsApp-Image-2023-03-19-at-15.06.05-300x225.jpeg\" class=\"attachment-medium size-medium\" alt=\"\" aria-describedby=\"gallery-1-8402\" srcset=\"https:\/\/projectes.xtec.cat\/escacsescola\/wp-content\/uploads\/usu2498\/2023\/03\/WhatsApp-Image-2023-03-19-at-15.06.05-300x225.jpeg 300w, https:\/\/projectes.xtec.cat\/escacsescola\/wp-content\/uploads\/usu2498\/2023\/03\/WhatsApp-Image-2023-03-19-at-15.06.05-1024x768.jpeg 1024w, https:\/\/projectes.xtec.cat\/escacsescola\/wp-content\/uploads\/usu2498\/2023\/03\/WhatsApp-Image-2023-03-19-at-15.06.05-768x576.jpeg 768w, https:\/\/projectes.xtec.cat\/escacsescola\/wp-content\/uploads\/usu2498\/2023\/03\/WhatsApp-Image-2023-03-19-at-15.06.05-1536x1152.jpeg 1536w, https:\/\/projectes.xtec.cat\/escacsescola\/wp-content\/uploads\/usu2498\/2023\/03\/WhatsApp-Image-2023-03-19-at-15.06.05-200x150.jpeg 200w, https:\/\/projectes.xtec.cat\/escacsescola\/wp-content\/uploads\/usu2498\/2023\/03\/WhatsApp-Image-2023-03-19-at-15.06.05.jpeg 2016w\" sizes=\"auto, (max-width: 300px) 100vw, 300px\" \/><\/a>\n\t\t\t<\/dt>\n\t\t\t\t<dd class='wp-caption-text gallery-caption' id='gallery-1-8402'>\n\t\t\t\tPresentaci\u00f3 del programa Escacs a l&#8217;escola.\n\t\t\t\t<\/dd><\/dl><dl class='gallery-item'>\n\t\t\t<dt class='gallery-icon landscape'>\n\t\t\t\t<a href='https:\/\/projectes.xtec.cat\/escacsescola\/general\/se-celebra-la-london-chess-conference-amb-participacio-del-programa-escacs-a-lescola\/attachment\/whatsapp-image-2023-03-21-at-00-43-23\/'><img loading=\"lazy\" decoding=\"async\" width=\"300\" height=\"225\" src=\"https:\/\/projectes.xtec.cat\/escacsescola\/wp-content\/uploads\/usu2498\/2023\/03\/WhatsApp-Image-2023-03-21-at-00.43.23-300x225.jpeg\" class=\"attachment-medium size-medium\" alt=\"\" aria-describedby=\"gallery-1-8408\" srcset=\"https:\/\/projectes.xtec.cat\/escacsescola\/wp-content\/uploads\/usu2498\/2023\/03\/WhatsApp-Image-2023-03-21-at-00.43.23-300x225.jpeg 300w, https:\/\/projectes.xtec.cat\/escacsescola\/wp-content\/uploads\/usu2498\/2023\/03\/WhatsApp-Image-2023-03-21-at-00.43.23-1024x768.jpeg 1024w, https:\/\/projectes.xtec.cat\/escacsescola\/wp-content\/uploads\/usu2498\/2023\/03\/WhatsApp-Image-2023-03-21-at-00.43.23-768x576.jpeg 768w, https:\/\/projectes.xtec.cat\/escacsescola\/wp-content\/uploads\/usu2498\/2023\/03\/WhatsApp-Image-2023-03-21-at-00.43.23-1536x1152.jpeg 1536w, https:\/\/projectes.xtec.cat\/escacsescola\/wp-content\/uploads\/usu2498\/2023\/03\/WhatsApp-Image-2023-03-21-at-00.43.23-200x150.jpeg 200w, https:\/\/projectes.xtec.cat\/escacsescola\/wp-content\/uploads\/usu2498\/2023\/03\/WhatsApp-Image-2023-03-21-at-00.43.23.jpeg 1600w\" sizes=\"auto, (max-width: 300px) 100vw, 300px\" \/><\/a>\n\t\t\t<\/dt>\n\t\t\t\t<dd class='wp-caption-text gallery-caption' id='gallery-1-8408'>\n\t\t\t\tAbhijit Kunte, explicant el projecte del seu pa\u00eds (\u00cdndia).\n\t\t\t\t<\/dd><\/dl><dl class='gallery-item'>\n\t\t\t<dt class='gallery-icon landscape'>\n\t\t\t\t<a href='https:\/\/projectes.xtec.cat\/escacsescola\/general\/se-celebra-la-london-chess-conference-amb-participacio-del-programa-escacs-a-lescola\/attachment\/whatsapp-image-2023-03-21-at-00-44-51\/'><img loading=\"lazy\" decoding=\"async\" width=\"300\" height=\"230\" src=\"https:\/\/projectes.xtec.cat\/escacsescola\/wp-content\/uploads\/usu2498\/2023\/03\/WhatsApp-Image-2023-03-21-at-00.44.51-300x230.jpeg\" class=\"attachment-medium size-medium\" alt=\"\" aria-describedby=\"gallery-1-8409\" srcset=\"https:\/\/projectes.xtec.cat\/escacsescola\/wp-content\/uploads\/usu2498\/2023\/03\/WhatsApp-Image-2023-03-21-at-00.44.51-300x230.jpeg 300w, https:\/\/projectes.xtec.cat\/escacsescola\/wp-content\/uploads\/usu2498\/2023\/03\/WhatsApp-Image-2023-03-21-at-00.44.51-1024x785.jpeg 1024w, https:\/\/projectes.xtec.cat\/escacsescola\/wp-content\/uploads\/usu2498\/2023\/03\/WhatsApp-Image-2023-03-21-at-00.44.51-768x588.jpeg 768w, https:\/\/projectes.xtec.cat\/escacsescola\/wp-content\/uploads\/usu2498\/2023\/03\/WhatsApp-Image-2023-03-21-at-00.44.51-1536x1177.jpeg 1536w, https:\/\/projectes.xtec.cat\/escacsescola\/wp-content\/uploads\/usu2498\/2023\/03\/WhatsApp-Image-2023-03-21-at-00.44.51.jpeg 1600w\" sizes=\"auto, (max-width: 300px) 100vw, 300px\" \/><\/a>\n\t\t\t<\/dt>\n\t\t\t\t<dd class='wp-caption-text gallery-caption' id='gallery-1-8409'>\n\t\t\t\tMarta Amig\u00f3 i el periodista Leontxo Garc\u00eda.\n\t\t\t\t<\/dd><\/dl><br style=\"clear: both\" \/>\n\t\t<\/div>\n\n<p><span style=\"font-weight: 400;\">Per cloure el congr\u00e9s hi va haver els parlaments de Dana Reizniece-Ozola (vicepresidenta de la FIDE) i John Foley (director de Chess Plus i secretari de la Comissi\u00f3 d\u2019Educaci\u00f3 de la European Chess Union).<\/span><\/p>\n<p><span style=\"font-weight: 400;\">Cal destacar que totes les pon\u00e8ncies es van retransmetre en directe per internet, i actualment estan a disposici\u00f3 de tothom qui hi estigui interessat a la p\u00e0gina web del congr\u00e9s <\/span><a href=\"https:\/\/chessconference.org\/\"><span style=\"font-weight: 400;\">https:\/\/chessconference.org\/<\/span><\/a><span style=\"font-weight: 400;\">\u00a0 i al canal de Youtube de la FIDE.<\/span><\/p>\n<p><span style=\"font-weight: 400;\">Des d\u2019aquestes l\u00ednies aprofitem per felicitar l\u2019organitzaci\u00f3 per la bona feina duta a terme. Sens dubte, esdeveniments com aquest serveixen per impulsar els escacs en l\u2019educaci\u00f3, donant noves eines i mirades a les persones interessades en aquest \u00e0mbit, aix\u00ed com permetent noves connexions i aliances.<\/span><\/p>\n<p><span style=\"font-weight: 400;\">Tamb\u00e9 volem agrair a l\u2019organitzaci\u00f3 que ens convidessin a explicar qu\u00e8 fem des del programa Escacs a l\u2019escola. Esperem que aquest serv\u00eds d\u2019inspiraci\u00f3 a altres persones que tamb\u00e9 tinguin ganes d\u2019iniciar-se en aquest m\u00f3n tan apassionant.<\/span><\/p>\n<p><span style=\"font-family: inherit; font-size: 1em;\">Incloem, a continuaci\u00f3 i per acabar aquest article, els v\u00eddeos amb les pon\u00e8ncies del Congr\u00e9s.\u00a0<\/span><\/p>\n<p>&nbsp;<\/p>\n<p><strong>Programa del dia 17 de mar\u00e7:<\/strong> <a href=\"https:\/\/chessconference.org\/friday-17-march-2023\/\">https:\/\/chessconference.org\/friday-17-march-2023\/<\/a><\/p>\n<p><span style=\"font-weight: 400;\">Part 1 (Pre-School Chess):<\/span><\/p>\n<p><iframe loading=\"lazy\" title=\"London Chess Conference: PRE-SCHOOL CHESS | Session 1\" width=\"500\" height=\"281\" src=\"https:\/\/www.youtube.com\/embed\/0Qh6GDjgrTg?start=1&#038;feature=oembed\" frameborder=\"0\" allow=\"accelerometer; autoplay; clipboard-write; encrypted-media; gyroscope; picture-in-picture; web-share\" referrerpolicy=\"strict-origin-when-cross-origin\" allowfullscreen><\/iframe><\/p>\n<p><span style=\"font-weight: 400;\">Part 2 (Pre-School Chess):<\/span><\/p>\n<p><iframe loading=\"lazy\" title=\"London Chess Conference: PRE-SCHOOL CHESS | Session 2\" width=\"500\" height=\"281\" src=\"https:\/\/www.youtube.com\/embed\/HMVEksiVGt4?feature=oembed\" frameborder=\"0\" allow=\"accelerometer; autoplay; clipboard-write; encrypted-media; gyroscope; picture-in-picture; web-share\" referrerpolicy=\"strict-origin-when-cross-origin\" allowfullscreen><\/iframe><\/p>\n<p>&nbsp;<\/p>\n<p><strong>Programa del dia 18 de mar\u00e7:<\/strong> <a href=\"https:\/\/chessconference.org\/saturday-18-march-2023\/\">https:\/\/chessconference.org\/saturday-18-march-2023\/<\/a><\/p>\n<p><span style=\"font-weight: 400;\">Part 3 (sessions 3 i 4 &#8211; Chess and STEM):<\/span><\/p>\n<p><iframe loading=\"lazy\" title=\"London Chess Conference: STEM &amp; CHESS | Sessions 3 &amp; 4\" width=\"500\" height=\"281\" src=\"https:\/\/www.youtube.com\/embed\/vzZ6P1W3MDU?feature=oembed\" frameborder=\"0\" allow=\"accelerometer; autoplay; clipboard-write; encrypted-media; gyroscope; picture-in-picture; web-share\" referrerpolicy=\"strict-origin-when-cross-origin\" allowfullscreen><\/iframe><\/p>\n<p><span style=\"font-weight: 400;\">Part 4 (sessions 5 i 6 &#8211; Chess and STEM):<\/span><\/p>\n<p><iframe loading=\"lazy\" title=\"London Chess Conference: STEM &amp; CHESS | Sessions 5 &amp; 6\" width=\"500\" height=\"281\" src=\"https:\/\/www.youtube.com\/embed\/Sha8KnwSp6U?start=1&#038;feature=oembed\" frameborder=\"0\" allow=\"accelerometer; autoplay; clipboard-write; encrypted-media; gyroscope; picture-in-picture; web-share\" referrerpolicy=\"strict-origin-when-cross-origin\" allowfullscreen><\/iframe><\/p>\n<p>&nbsp;<\/p>\n<p><strong>Programa del dia 19 de mar\u00e7:<\/strong> <a href=\"https:\/\/chessconference.org\/sunday-19-march-2023\/\">https:\/\/chessconference.org\/sunday-19-march-2023\/<\/a><\/p>\n<p><span style=\"font-weight: 400;\">Part 5 (sessions 7 i 8 &#8211; Chess in education):<\/span><\/p>\n<p><iframe loading=\"lazy\" title=\"London Chess Conference: STEM &amp; CHESS | Sessions 7 &amp; 8\" width=\"500\" height=\"281\" src=\"https:\/\/www.youtube.com\/embed\/AFvXBAtJtcA?start=1&#038;feature=oembed\" frameborder=\"0\" allow=\"accelerometer; autoplay; clipboard-write; encrypted-media; gyroscope; picture-in-picture; web-share\" referrerpolicy=\"strict-origin-when-cross-origin\" allowfullscreen><\/iframe><\/p>\n<p><span style=\"font-weight: 400;\">Part 6 (sessions 9 i 10 &#8211; Chess in education):<\/span><\/p>\n<p><iframe loading=\"lazy\" title=\"London Chess Conference: STEM &amp; CHESS | Sessions 9 &amp; 10\" width=\"500\" height=\"281\" src=\"https:\/\/www.youtube.com\/embed\/umO16FVLYok?start=5504&#038;feature=oembed\" frameborder=\"0\" allow=\"accelerometer; autoplay; clipboard-write; encrypted-media; gyroscope; picture-in-picture; web-share\" referrerpolicy=\"strict-origin-when-cross-origin\" allowfullscreen><\/iframe><\/p>\n<p><a href=\"https:\/\/projectes.xtec.cat\/escacsescola\/wp-content\/uploads\/usu2498\/2023\/03\/337372709_155602293733974_4647072421168598931_n.jpg\"><img loading=\"lazy\" decoding=\"async\" class=\"alignnone size-large wp-image-8411\" src=\"https:\/\/projectes.xtec.cat\/escacsescola\/wp-content\/uploads\/usu2498\/2023\/03\/337372709_155602293733974_4647072421168598931_n-1024x576.jpg\" alt=\"\" width=\"1024\" height=\"576\" srcset=\"https:\/\/projectes.xtec.cat\/escacsescola\/wp-content\/uploads\/usu2498\/2023\/03\/337372709_155602293733974_4647072421168598931_n-1024x576.jpg 1024w, https:\/\/projectes.xtec.cat\/escacsescola\/wp-content\/uploads\/usu2498\/2023\/03\/337372709_155602293733974_4647072421168598931_n-300x169.jpg 300w, https:\/\/projectes.xtec.cat\/escacsescola\/wp-content\/uploads\/usu2498\/2023\/03\/337372709_155602293733974_4647072421168598931_n-768x432.jpg 768w, https:\/\/projectes.xtec.cat\/escacsescola\/wp-content\/uploads\/usu2498\/2023\/03\/337372709_155602293733974_4647072421168598931_n-1536x864.jpg 1536w, https:\/\/projectes.xtec.cat\/escacsescola\/wp-content\/uploads\/usu2498\/2023\/03\/337372709_155602293733974_4647072421168598931_n.jpg 1920w\" sizes=\"auto, (max-width: 1024px) 100vw, 1024px\" \/><\/a><\/p>\n","protected":false},"excerpt":{"rendered":"<p>El cap de setmana del 17 al 19 de mar\u00e7 es va dur a terme la London Chess Conference, un congr\u00e9s de refer\u00e8ncia en l\u2019\u00e0mbit dels escacs educatius.<br \/>\nL\u2019esdeveniment, organitzat per Chess Plus Limited amb el suport de la Federaci\u00f3 Internacional d\u2019Escacs (FIDE), la European Chess&hellip;  <a href=\"https:\/\/projectes.xtec.cat\/escacsescola\/general\/se-celebra-la-london-chess-conference-amb-participacio-del-programa-escacs-a-lescola\/\" title=\"Read Se celebra la London Chess Conference, amb participaci\u00f3 del programa Escacs a l&#8217;escola\">Llegeix m\u00e9s\u00bb<\/a><\/p>\n","protected":false},"author":6,"featured_media":8410,"comment_status":"open","ping_status":"closed","sticky":false,"template":"","format":"standard","meta":{"_bbp_topic_count":0,"_bbp_reply_count":0,"_bbp_total_topic_count":0,"_bbp_total_reply_count":0,"_bbp_voice_count":0,"_bbp_anonymous_reply_count":0,"_bbp_topic_count_hidden":0,"_bbp_reply_count_hidden":0,"_bbp_forum_subforum_count":0,"footnotes":""},"categories":[154,1,289,29,290,76,291],"tags":[298,295,297],"class_list":["post-8397","post","type-post","status-publish","format-standard","has-post-thumbnail","hentry","category-formacio","category-general","category-infantil","category-portada","category-primaria","category-recursos","category-secundaria","tag-congres","tag-formacio","tag-jornada"],"post_mailing_queue_ids":[],"_links":{"self":[{"href":"https:\/\/projectes.xtec.cat\/escacsescola\/wp-json\/wp\/v2\/posts\/8397","targetHints":{"allow":["GET"]}}],"collection":[{"href":"https:\/\/projectes.xtec.cat\/escacsescola\/wp-json\/wp\/v2\/posts"}],"about":[{"href":"https:\/\/projectes.xtec.cat\/escacsescola\/wp-json\/wp\/v2\/types\/post"}],"author":[{"embeddable":true,"href":"https:\/\/projectes.xtec.cat\/escacsescola\/wp-json\/wp\/v2\/users\/6"}],"replies":[{"embeddable":true,"href":"https:\/\/projectes.xtec.cat\/escacsescola\/wp-json\/wp\/v2\/comments?post=8397"}],"version-history":[{"count":4,"href":"https:\/\/projectes.xtec.cat\/escacsescola\/wp-json\/wp\/v2\/posts\/8397\/revisions"}],"predecessor-version":[{"id":8421,"href":"https:\/\/projectes.xtec.cat\/escacsescola\/wp-json\/wp\/v2\/posts\/8397\/revisions\/8421"}],"wp:featuredmedia":[{"embeddable":true,"href":"https:\/\/projectes.xtec.cat\/escacsescola\/wp-json\/wp\/v2\/media\/8410"}],"wp:attachment":[{"href":"https:\/\/projectes.xtec.cat\/escacsescola\/wp-json\/wp\/v2\/media?parent=8397"}],"wp:term":[{"taxonomy":"category","embeddable":true,"href":"https:\/\/projectes.xtec.cat\/escacsescola\/wp-json\/wp\/v2\/categories?post=8397"},{"taxonomy":"post_tag","embeddable":true,"href":"https:\/\/projectes.xtec.cat\/escacsescola\/wp-json\/wp\/v2\/tags?post=8397"}],"curies":[{"name":"wp","href":"https:\/\/api.w.org\/{rel}","templated":true}]}}