{"id":8495,"date":"2023-10-14T10:30:57","date_gmt":"2023-10-14T08:30:57","guid":{"rendered":"https:\/\/projectes.xtec.cat\/escacsescola\/?p=8495"},"modified":"2023-10-14T10:33:54","modified_gmt":"2023-10-14T08:33:54","slug":"el-global-chess-festival-de-budapest-ofereix-una-cimera-descacs-i-educacio-on-line","status":"publish","type":"post","link":"https:\/\/projectes.xtec.cat\/escacsescola\/general\/el-global-chess-festival-de-budapest-ofereix-una-cimera-descacs-i-educacio-on-line\/","title":{"rendered":"El Global Chess Festival de Budapest ofereix una cimera d&#8217;Escacs i Educaci\u00f3 on-line"},"content":{"rendered":"<p style=\"text-align: justify;\">Avui comen\u00e7a el <strong><a href=\"https:\/\/www.globalchessfestival.com\/index.php\/en\/\">Global Chess Festival<\/a><\/strong> a Budapest, un esdeveniment escaqu\u00edstic \u00fanic per la quantitat d&#8217;activitats que aplega i per la seva tipologia, organitzat per la Gran Mestra Internacional d&#8217;Escacs Judit Polg\u00e1r.<\/p>\n<p style=\"text-align: justify;\">Malgrat que gran part del festival es dur\u00e0 a terme f\u00eds\u00edcament a Budapest, tamb\u00e9 hi ha un ampli ventall d&#8217;activitats que es podran seguir des de qualsevol indret del m\u00f3n pel fet de ser on-line.<\/p>\n<p style=\"text-align: justify;\">Una d&#8217;aquestes activitats \u00e9s la <a href=\"https:\/\/www.youtube.com\/watch?v=IJATO_377Ro\"><strong>Cimera d&#8217;Escacs i Educaci\u00f3<\/strong><\/a> que se celebrar\u00e0 dem\u00e0, <strong>diumenge 15 d&#8217;octubre, de 10h a 16h<\/strong>. En ella hi participaran experts de diferents pa\u00efsos del m\u00f3n, i es tractaran temes com la presa de decisions, la intersecci\u00f3 dels escacs i la intel\u00b7lig\u00e8ncia artificial (vinculada amb el treball a l&#8217;aula), el paper de la ment en el creixement o la intu\u00efci\u00f3 en la presa de decisions, entre d&#8217;altres. Tamb\u00e9 es presentaran experi\u00e8ncies dutes a terme per diferents entitats o centres educatius.<\/p>\n<p style=\"text-align: justify;\">El discurs inaugural parlar\u00e0 sobre <strong>la profunditat en la presa de decisions<\/strong>, i anir\u00e0 a c\u00e0rrec de la vicepresidenta de la FIDE, Dana Reizniece-Ozola (Let\u00f2nia).<\/p>\n<p style=\"text-align: justify;\">A la cimera tamb\u00e9 hi participaran el basc Leontxo Garc\u00eda, reconegut periodista que exercir\u00e0 de conductor i moderador, i el catal\u00e0 Miquel Illescas, Gran Mestre Internacional d&#8217;escacs i empresari en l&#8217;\u00e0mbit dels escacs.<\/p>\n<ul>\n<li>Programa i ponents de la <strong>Cimera d&#8217;Escacs i Educaci\u00f3<\/strong> (Educational Chess Summit): <a href=\"https:\/\/www.globalchessfestival.com\/index.php\/en\/?view=article&amp;id=122:educational-chess-summit-2023&amp;catid=10\">AQU\u00cd<\/a>.<\/li>\n<li>Informaci\u00f3 de les <strong>activitats on-line <\/strong>del Festival: <a href=\"https:\/\/www.globalchessfestival.com\/index.php\/en\/\">AQU\u00cd<\/a>.<\/li>\n<li><strong>Acc\u00e9s a les activitats on-line<\/strong>: <a href=\"https:\/\/www.globalchessfestival.com\/index.php\/en\/live\">AQU\u00cd<\/a>.<\/li>\n<\/ul>\n<p>&nbsp;<\/p>\n<p>&nbsp;<\/p>\n","protected":false},"excerpt":{"rendered":"<p>Avui comen\u00e7a el <a href=\"https:\/\/www.globalchessfestival.com\/index.php\/en\/\">Global Chess Festival<\/a> a Budapest, un esdeveniment escaqu\u00edstic \u00fanic per la quantitat d&#8217;activitats que aplega i per la seva tipologia, organitzat per la Gran Mestra Internacional d&#8217;Escacs Judit Polg\u00e1r.<br \/>\nMalgrat que gran part del festival es dur\u00e0 a terme f\u00eds\u00edcament a Budapest,&hellip;  <a href=\"https:\/\/projectes.xtec.cat\/escacsescola\/general\/el-global-chess-festival-de-budapest-ofereix-una-cimera-descacs-i-educacio-on-line\/\" title=\"Read El Global Chess Festival de Budapest ofereix una cimera d&#8217;Escacs i Educaci\u00f3 on-line\">Llegeix m\u00e9s\u00bb<\/a><\/p>\n","protected":false},"author":6,"featured_media":8497,"comment_status":"open","ping_status":"closed","sticky":false,"template":"","format":"standard","meta":{"_bbp_topic_count":0,"_bbp_reply_count":0,"_bbp_total_topic_count":0,"_bbp_total_reply_count":0,"_bbp_voice_count":0,"_bbp_anonymous_reply_count":0,"_bbp_topic_count_hidden":0,"_bbp_reply_count_hidden":0,"_bbp_forum_subforum_count":0,"footnotes":""},"categories":[154,1,289,29,290,291],"tags":[295,297],"class_list":["post-8495","post","type-post","status-publish","format-standard","has-post-thumbnail","hentry","category-formacio","category-general","category-infantil","category-portada","category-primaria","category-secundaria","tag-formacio","tag-jornada"],"post_mailing_queue_ids":[],"_links":{"self":[{"href":"https:\/\/projectes.xtec.cat\/escacsescola\/wp-json\/wp\/v2\/posts\/8495","targetHints":{"allow":["GET"]}}],"collection":[{"href":"https:\/\/projectes.xtec.cat\/escacsescola\/wp-json\/wp\/v2\/posts"}],"about":[{"href":"https:\/\/projectes.xtec.cat\/escacsescola\/wp-json\/wp\/v2\/types\/post"}],"author":[{"embeddable":true,"href":"https:\/\/projectes.xtec.cat\/escacsescola\/wp-json\/wp\/v2\/users\/6"}],"replies":[{"embeddable":true,"href":"https:\/\/projectes.xtec.cat\/escacsescola\/wp-json\/wp\/v2\/comments?post=8495"}],"version-history":[{"count":5,"href":"https:\/\/projectes.xtec.cat\/escacsescola\/wp-json\/wp\/v2\/posts\/8495\/revisions"}],"predecessor-version":[{"id":8502,"href":"https:\/\/projectes.xtec.cat\/escacsescola\/wp-json\/wp\/v2\/posts\/8495\/revisions\/8502"}],"wp:featuredmedia":[{"embeddable":true,"href":"https:\/\/projectes.xtec.cat\/escacsescola\/wp-json\/wp\/v2\/media\/8497"}],"wp:attachment":[{"href":"https:\/\/projectes.xtec.cat\/escacsescola\/wp-json\/wp\/v2\/media?parent=8495"}],"wp:term":[{"taxonomy":"category","embeddable":true,"href":"https:\/\/projectes.xtec.cat\/escacsescola\/wp-json\/wp\/v2\/categories?post=8495"},{"taxonomy":"post_tag","embeddable":true,"href":"https:\/\/projectes.xtec.cat\/escacsescola\/wp-json\/wp\/v2\/tags?post=8495"}],"curies":[{"name":"wp","href":"https:\/\/api.w.org\/{rel}","templated":true}]}}