{"id":8581,"date":"2024-05-17T20:53:27","date_gmt":"2024-05-17T18:53:27","guid":{"rendered":"https:\/\/projectes.xtec.cat\/escacsescola\/?p=8581"},"modified":"2024-05-17T20:53:27","modified_gmt":"2024-05-17T18:53:27","slug":"educar-para-la-vida-con-el-ajedrez-un-article-de-leontxo-garcia-inspirat-en-una-visita-a-escoles-catalanes","status":"publish","type":"post","link":"https:\/\/projectes.xtec.cat\/escacsescola\/general\/educar-para-la-vida-con-el-ajedrez-un-article-de-leontxo-garcia-inspirat-en-una-visita-a-escoles-catalanes\/","title":{"rendered":"\u00abEducar para la vida con el ajedrez\u00bb, un article de Leontxo Garc\u00eda inspirat en una visita a escoles catalanes"},"content":{"rendered":"<p style=\"text-align: justify;\"><a href=\"https:\/\/projectes.xtec.cat\/escacsescola\/wp-content\/uploads\/usu2498\/2024\/05\/Article-Leontxo-Garcia-.jpg\"><img loading=\"lazy\" decoding=\"async\" class=\"alignright wp-image-8582\" src=\"https:\/\/projectes.xtec.cat\/escacsescola\/wp-content\/uploads\/usu2498\/2024\/05\/Article-Leontxo-Garcia--189x300.jpg\" alt=\"\" width=\"250\" height=\"396\" srcset=\"https:\/\/projectes.xtec.cat\/escacsescola\/wp-content\/uploads\/usu2498\/2024\/05\/Article-Leontxo-Garcia--189x300.jpg 189w, https:\/\/projectes.xtec.cat\/escacsescola\/wp-content\/uploads\/usu2498\/2024\/05\/Article-Leontxo-Garcia-.jpg 456w\" sizes=\"auto, (max-width: 250px) 100vw, 250px\" \/><\/a>Leontxo Garc\u00eda, reconegut periodista especialitzat en escacs, ha publicat un article on parla dels escacs com a eina educativa i integradora. L&#8217;ha escrit basant-se en una experi\u00e8ncia duta a terme fa pocs dies, en la qual va acompanyar una delegaci\u00f3 de la Federaci\u00f3 d&#8217;Escacs del Kazakhstan a Catalunya per con\u00e8ixer de primera m\u00e0 el programa Escacs a l&#8217;escola. L&#8217;ha titulat \u00abEducar para la vida con el ajedrez\u00bb. Us el recomanem: <a href=\"https:\/\/m.newsletter.elpais.com\/nl\/jsp\/m.jsp?c=%40Y5mh8GbiVToXflKsWls4BrUVi8iIona9v1n7yNcpNwk%3D\">AQU\u00cd<\/a><\/p>\n<p><strong>Cr\u00f2nica de la visita<\/strong><\/p>\n<p style=\"text-align: justify;\">El passat dimecres 15 de maig, van visitar Catalunya tres membres de la Federaci\u00f3 d&#8217;Escacs del Kazakhstan amb la finalitat de veure en primera persona com s&#8217;organitza i s&#8217;est\u00e0 desenvolupant el programa Escacs a l&#8217;escola, donat el fet que al seu pa\u00eds estan iniciant un programa d&#8217;escacs educatius i consideren interessant veure com s&#8217;est\u00e0 treballant en aquest \u00e0mbit en altres indrets del m\u00f3n. Els integrants del grup eren el vicepresident de la instituci\u00f3, Darmen Sadvakassov, Adiya Numarnova, cap de projectes, i Gulmira Dauletova, directora executiva, i els acompanyava Leontxo Garc\u00eda.<\/p>\n<p style=\"text-align: justify;\">Al mat\u00ed van visitar l&#8217;escola Jaume Balmes del Prat de Llobregat, on utilitzen els escacs com a eina transversal d&#8217;aprenentatge a tota l&#8217;escola, en totes les \u00e0rees. La seva directora, Isabel Chac\u00f3n, els va explicar com desenvolupen el projecte i l&#8217;organitzaci\u00f3 per fer-ho, mentre que el mestre Xavier Garc\u00eda Bou, especialista en l&#8217;\u00fas dels escacs com a eina educativa des de fa molts anys, els va mostrar diverses activitats pr\u00e0ctiques amb alumnes (d&#8217;educaci\u00f3 emocional, psicomotricitat&#8230;).<\/p>\n\n\t\t<style type=\"text\/css\">\n\t\t\t#gallery-1 {\n\t\t\t\tmargin: auto;\n\t\t\t}\n\t\t\t#gallery-1 .gallery-item {\n\t\t\t\tfloat: left;\n\t\t\t\tmargin-top: 10px;\n\t\t\t\ttext-align: center;\n\t\t\t\twidth: 50%;\n\t\t\t}\n\t\t\t#gallery-1 img {\n\t\t\t\tborder: 2px solid #cfcfcf;\n\t\t\t}\n\t\t\t#gallery-1 .gallery-caption {\n\t\t\t\tmargin-left: 0;\n\t\t\t}\n\t\t\t\/* see gallery_shortcode() in wp-includes\/media.php *\/\n\t\t<\/style>\n\t\t<div id='gallery-1' class='gallery galleryid-8581 gallery-columns-2 gallery-size-large'><dl class='gallery-item'>\n\t\t\t<dt class='gallery-icon landscape'>\n\t\t\t\t<img loading=\"lazy\" decoding=\"async\" width=\"1024\" height=\"461\" src=\"https:\/\/projectes.xtec.cat\/escacsescola\/wp-content\/uploads\/usu2498\/2024\/05\/WhatsApp-Image-2024-05-17-at-12.47.13-1024x461.jpeg\" class=\"attachment-large size-large\" alt=\"\" aria-describedby=\"gallery-1-8587\" srcset=\"https:\/\/projectes.xtec.cat\/escacsescola\/wp-content\/uploads\/usu2498\/2024\/05\/WhatsApp-Image-2024-05-17-at-12.47.13-1024x461.jpeg 1024w, https:\/\/projectes.xtec.cat\/escacsescola\/wp-content\/uploads\/usu2498\/2024\/05\/WhatsApp-Image-2024-05-17-at-12.47.13-300x135.jpeg 300w, https:\/\/projectes.xtec.cat\/escacsescola\/wp-content\/uploads\/usu2498\/2024\/05\/WhatsApp-Image-2024-05-17-at-12.47.13-768x346.jpeg 768w, https:\/\/projectes.xtec.cat\/escacsescola\/wp-content\/uploads\/usu2498\/2024\/05\/WhatsApp-Image-2024-05-17-at-12.47.13-1536x691.jpeg 1536w, https:\/\/projectes.xtec.cat\/escacsescola\/wp-content\/uploads\/usu2498\/2024\/05\/WhatsApp-Image-2024-05-17-at-12.47.13.jpeg 2000w\" sizes=\"auto, (max-width: 1024px) 100vw, 1024px\" \/>\n\t\t\t<\/dt>\n\t\t\t\t<dd class='wp-caption-text gallery-caption' id='gallery-1-8587'>\n\t\t\t\tEscola Jaume Balmes (El Prat de Llobregat).\n\t\t\t\t<\/dd><\/dl><dl class='gallery-item'>\n\t\t\t<dt class='gallery-icon landscape'>\n\t\t\t\t<img loading=\"lazy\" decoding=\"async\" width=\"1024\" height=\"461\" src=\"https:\/\/projectes.xtec.cat\/escacsescola\/wp-content\/uploads\/usu2498\/2024\/05\/WhatsApp-Image-2024-05-17-at-12.47.49-1024x461.jpeg\" class=\"attachment-large size-large\" alt=\"\" aria-describedby=\"gallery-1-8585\" srcset=\"https:\/\/projectes.xtec.cat\/escacsescola\/wp-content\/uploads\/usu2498\/2024\/05\/WhatsApp-Image-2024-05-17-at-12.47.49-1024x461.jpeg 1024w, https:\/\/projectes.xtec.cat\/escacsescola\/wp-content\/uploads\/usu2498\/2024\/05\/WhatsApp-Image-2024-05-17-at-12.47.49-300x135.jpeg 300w, https:\/\/projectes.xtec.cat\/escacsescola\/wp-content\/uploads\/usu2498\/2024\/05\/WhatsApp-Image-2024-05-17-at-12.47.49-768x346.jpeg 768w, https:\/\/projectes.xtec.cat\/escacsescola\/wp-content\/uploads\/usu2498\/2024\/05\/WhatsApp-Image-2024-05-17-at-12.47.49-1536x691.jpeg 1536w, https:\/\/projectes.xtec.cat\/escacsescola\/wp-content\/uploads\/usu2498\/2024\/05\/WhatsApp-Image-2024-05-17-at-12.47.49.jpeg 2000w\" sizes=\"auto, (max-width: 1024px) 100vw, 1024px\" \/>\n\t\t\t<\/dt>\n\t\t\t\t<dd class='wp-caption-text gallery-caption' id='gallery-1-8585'>\n\t\t\t\tEscola Jaume Balmes. Activitat d&#8217;escacs i pricomotricitat.\n\t\t\t\t<\/dd><\/dl><br style=\"clear: both\" \/>\n\t\t<\/div>\n\n<p style=\"text-align: justify;\">A continuaci\u00f3 va tenir lloc a les instal\u00b7lacions de la Federaci\u00f3 Catalana d&#8217;Escacs una reuni\u00f3 en la qual Marta Amig\u00f3 va explicar als visitants com s&#8217;est\u00e0 impulsant el programa des del Departament d&#8217;Educaci\u00f3 i la Federaci\u00f3 Catalana d&#8217;Escacs, i tamb\u00e9 es va parlar del seu encaix dins el curr\u00edculum escolar i sobre un dels pilars fonamentals del programa: la formaci\u00f3 de docents.<\/p>\n<p style=\"text-align: justify;\">A la tarda, van visitar l&#8217;escola Primavera de Santa Coloma de Gramenet, on van poder veure com desenvolupen el programa i tamb\u00e9 una classe on es treballava el pensament flexible, molt important no nom\u00e9s en els escacs, sin\u00f3 en la vida, de la m\u00e0 de la mestra Anna L\u00f3pez.<\/p>\n<p style=\"text-align: justify;\">Des d&#8217;aquestes l\u00ednies, agra\u00efm a l&#8217;escola Jaume Balmes i l&#8217;escola Primavera l&#8217;acollida que van fer als visitants. Tamb\u00e9 agra\u00efm a Leontxo Garc\u00eda i als dirigents de la Federaci\u00f3 d&#8217;Escacs del Kazakhstan el seu inter\u00e8s pel nostre programa i esperem que s&#8217;hagin trobat a gust entre nosaltres; ha estat un plaer poder-los mostrar el que fem.<\/p>\n\n\t\t<style type=\"text\/css\">\n\t\t\t#gallery-2 {\n\t\t\t\tmargin: auto;\n\t\t\t}\n\t\t\t#gallery-2 .gallery-item {\n\t\t\t\tfloat: left;\n\t\t\t\tmargin-top: 10px;\n\t\t\t\ttext-align: center;\n\t\t\t\twidth: 50%;\n\t\t\t}\n\t\t\t#gallery-2 img {\n\t\t\t\tborder: 2px solid #cfcfcf;\n\t\t\t}\n\t\t\t#gallery-2 .gallery-caption {\n\t\t\t\tmargin-left: 0;\n\t\t\t}\n\t\t\t\/* see gallery_shortcode() in wp-includes\/media.php *\/\n\t\t<\/style>\n\t\t<div id='gallery-2' class='gallery galleryid-8581 gallery-columns-2 gallery-size-large'><dl class='gallery-item'>\n\t\t\t<dt class='gallery-icon landscape'>\n\t\t\t\t<img loading=\"lazy\" decoding=\"async\" width=\"1024\" height=\"768\" src=\"https:\/\/projectes.xtec.cat\/escacsescola\/wp-content\/uploads\/usu2498\/2024\/05\/WhatsApp-Image-2024-05-17-at-16.02.57-1024x768.jpeg\" class=\"attachment-large size-large\" alt=\"\" aria-describedby=\"gallery-2-8588\" srcset=\"https:\/\/projectes.xtec.cat\/escacsescola\/wp-content\/uploads\/usu2498\/2024\/05\/WhatsApp-Image-2024-05-17-at-16.02.57-1024x768.jpeg 1024w, https:\/\/projectes.xtec.cat\/escacsescola\/wp-content\/uploads\/usu2498\/2024\/05\/WhatsApp-Image-2024-05-17-at-16.02.57-300x225.jpeg 300w, https:\/\/projectes.xtec.cat\/escacsescola\/wp-content\/uploads\/usu2498\/2024\/05\/WhatsApp-Image-2024-05-17-at-16.02.57-768x576.jpeg 768w, https:\/\/projectes.xtec.cat\/escacsescola\/wp-content\/uploads\/usu2498\/2024\/05\/WhatsApp-Image-2024-05-17-at-16.02.57-1536x1152.jpeg 1536w, https:\/\/projectes.xtec.cat\/escacsescola\/wp-content\/uploads\/usu2498\/2024\/05\/WhatsApp-Image-2024-05-17-at-16.02.57-200x150.jpeg 200w, https:\/\/projectes.xtec.cat\/escacsescola\/wp-content\/uploads\/usu2498\/2024\/05\/WhatsApp-Image-2024-05-17-at-16.02.57.jpeg 1600w\" sizes=\"auto, (max-width: 1024px) 100vw, 1024px\" \/>\n\t\t\t<\/dt>\n\t\t\t\t<dd class='wp-caption-text gallery-caption' id='gallery-2-8588'>\n\t\t\t\tClasse d&#8217;escacs i educaci\u00f3 emocional amb Xavier Garc\u00eda Bou (Escola Jaume Balmes).\n\t\t\t\t<\/dd><\/dl><dl class='gallery-item'>\n\t\t\t<dt class='gallery-icon landscape'>\n\t\t\t\t<img loading=\"lazy\" decoding=\"async\" width=\"1024\" height=\"778\" src=\"https:\/\/projectes.xtec.cat\/escacsescola\/wp-content\/uploads\/usu2498\/2024\/05\/IMG_20240515_163456_edit_127911973099751-scaled-e1715970729827-1024x778.jpg\" class=\"attachment-large size-large\" alt=\"\" aria-describedby=\"gallery-2-8592\" srcset=\"https:\/\/projectes.xtec.cat\/escacsescola\/wp-content\/uploads\/usu2498\/2024\/05\/IMG_20240515_163456_edit_127911973099751-scaled-e1715970729827-1024x778.jpg 1024w, https:\/\/projectes.xtec.cat\/escacsescola\/wp-content\/uploads\/usu2498\/2024\/05\/IMG_20240515_163456_edit_127911973099751-scaled-e1715970729827-300x228.jpg 300w, https:\/\/projectes.xtec.cat\/escacsescola\/wp-content\/uploads\/usu2498\/2024\/05\/IMG_20240515_163456_edit_127911973099751-scaled-e1715970729827-768x584.jpg 768w, https:\/\/projectes.xtec.cat\/escacsescola\/wp-content\/uploads\/usu2498\/2024\/05\/IMG_20240515_163456_edit_127911973099751-scaled-e1715970729827-1536x1167.jpg 1536w, https:\/\/projectes.xtec.cat\/escacsescola\/wp-content\/uploads\/usu2498\/2024\/05\/IMG_20240515_163456_edit_127911973099751-scaled-e1715970729827-2048x1556.jpg 2048w\" sizes=\"auto, (max-width: 1024px) 100vw, 1024px\" \/>\n\t\t\t<\/dt>\n\t\t\t\t<dd class='wp-caption-text gallery-caption' id='gallery-2-8592'>\n\t\t\t\tVisita a l&#8217;Escola Primavera de Santa Coloma de Gramenet.\n\t\t\t\t<\/dd><\/dl><br style=\"clear: both\" \/><dl class='gallery-item'>\n\t\t\t<dt class='gallery-icon landscape'>\n\t\t\t\t<img loading=\"lazy\" decoding=\"async\" width=\"1024\" height=\"768\" src=\"https:\/\/projectes.xtec.cat\/escacsescola\/wp-content\/uploads\/usu2498\/2024\/05\/Escola-Primavera-2-1024x768.jpg\" class=\"attachment-large size-large\" alt=\"\" aria-describedby=\"gallery-2-8597\" srcset=\"https:\/\/projectes.xtec.cat\/escacsescola\/wp-content\/uploads\/usu2498\/2024\/05\/Escola-Primavera-2-1024x768.jpg 1024w, https:\/\/projectes.xtec.cat\/escacsescola\/wp-content\/uploads\/usu2498\/2024\/05\/Escola-Primavera-2-300x225.jpg 300w, https:\/\/projectes.xtec.cat\/escacsescola\/wp-content\/uploads\/usu2498\/2024\/05\/Escola-Primavera-2-768x576.jpg 768w, https:\/\/projectes.xtec.cat\/escacsescola\/wp-content\/uploads\/usu2498\/2024\/05\/Escola-Primavera-2-1536x1152.jpg 1536w, https:\/\/projectes.xtec.cat\/escacsescola\/wp-content\/uploads\/usu2498\/2024\/05\/Escola-Primavera-2-2048x1536.jpg 2048w, https:\/\/projectes.xtec.cat\/escacsescola\/wp-content\/uploads\/usu2498\/2024\/05\/Escola-Primavera-2-200x150.jpg 200w\" sizes=\"auto, (max-width: 1024px) 100vw, 1024px\" \/>\n\t\t\t<\/dt>\n\t\t\t\t<dd class='wp-caption-text gallery-caption' id='gallery-2-8597'>\n\t\t\t\tClasse d&#8217;escacs a l&#8217;Escola Primavera.\n\t\t\t\t<\/dd><\/dl><dl class='gallery-item'>\n\t\t\t<dt class='gallery-icon landscape'>\n\t\t\t\t<img loading=\"lazy\" decoding=\"async\" width=\"1024\" height=\"771\" src=\"https:\/\/projectes.xtec.cat\/escacsescola\/wp-content\/uploads\/usu2498\/2024\/05\/GNnobUCXMAAaj_R-1024x771.jpg\" class=\"attachment-large size-large\" alt=\"\" aria-describedby=\"gallery-2-8591\" srcset=\"https:\/\/projectes.xtec.cat\/escacsescola\/wp-content\/uploads\/usu2498\/2024\/05\/GNnobUCXMAAaj_R-1024x771.jpg 1024w, https:\/\/projectes.xtec.cat\/escacsescola\/wp-content\/uploads\/usu2498\/2024\/05\/GNnobUCXMAAaj_R-300x226.jpg 300w, https:\/\/projectes.xtec.cat\/escacsescola\/wp-content\/uploads\/usu2498\/2024\/05\/GNnobUCXMAAaj_R-768x578.jpg 768w, https:\/\/projectes.xtec.cat\/escacsescola\/wp-content\/uploads\/usu2498\/2024\/05\/GNnobUCXMAAaj_R-1536x1156.jpg 1536w, https:\/\/projectes.xtec.cat\/escacsescola\/wp-content\/uploads\/usu2498\/2024\/05\/GNnobUCXMAAaj_R-200x150.jpg 200w, https:\/\/projectes.xtec.cat\/escacsescola\/wp-content\/uploads\/usu2498\/2024\/05\/GNnobUCXMAAaj_R.jpg 1600w\" sizes=\"auto, (max-width: 1024px) 100vw, 1024px\" \/>\n\t\t\t<\/dt>\n\t\t\t\t<dd class='wp-caption-text gallery-caption' id='gallery-2-8591'>\n\t\t\t\tPresentaci\u00f3 del programa Escacs a l&#8217;escola a membres de la Federaci\u00f3 d&#8217;Escacs del Kazakhstan.\n\t\t\t\t<\/dd><\/dl><br style=\"clear: both\" \/><dl class='gallery-item'>\n\t\t\t<dt class='gallery-icon landscape'>\n\t\t\t\t<img loading=\"lazy\" decoding=\"async\" width=\"1024\" height=\"771\" src=\"https:\/\/projectes.xtec.cat\/escacsescola\/wp-content\/uploads\/usu2498\/2024\/05\/GNnobUCXMAAaj_R-1-1024x771.jpg\" class=\"attachment-large size-large\" alt=\"\" aria-describedby=\"gallery-2-8601\" srcset=\"https:\/\/projectes.xtec.cat\/escacsescola\/wp-content\/uploads\/usu2498\/2024\/05\/GNnobUCXMAAaj_R-1-1024x771.jpg 1024w, https:\/\/projectes.xtec.cat\/escacsescola\/wp-content\/uploads\/usu2498\/2024\/05\/GNnobUCXMAAaj_R-1-300x226.jpg 300w, https:\/\/projectes.xtec.cat\/escacsescola\/wp-content\/uploads\/usu2498\/2024\/05\/GNnobUCXMAAaj_R-1-768x578.jpg 768w, https:\/\/projectes.xtec.cat\/escacsescola\/wp-content\/uploads\/usu2498\/2024\/05\/GNnobUCXMAAaj_R-1-1536x1156.jpg 1536w, https:\/\/projectes.xtec.cat\/escacsescola\/wp-content\/uploads\/usu2498\/2024\/05\/GNnobUCXMAAaj_R-1-200x150.jpg 200w, https:\/\/projectes.xtec.cat\/escacsescola\/wp-content\/uploads\/usu2498\/2024\/05\/GNnobUCXMAAaj_R-1.jpg 1600w\" sizes=\"auto, (max-width: 1024px) 100vw, 1024px\" \/>\n\t\t\t<\/dt>\n\t\t\t\t<dd class='wp-caption-text gallery-caption' id='gallery-2-8601'>\n\t\t\t\tMarta Amig\u00f3  presenta el programa Escacs a l&#8217;escola.\n\t\t\t\t<\/dd><\/dl><dl class='gallery-item'>\n\t\t\t<dt class='gallery-icon landscape'>\n\t\t\t\t<img loading=\"lazy\" decoding=\"async\" width=\"1024\" height=\"771\" src=\"https:\/\/projectes.xtec.cat\/escacsescola\/wp-content\/uploads\/usu2498\/2024\/05\/GNnofvYXAAACDDU-1024x771.jpg\" class=\"attachment-large size-large\" alt=\"\" aria-describedby=\"gallery-2-8589\" srcset=\"https:\/\/projectes.xtec.cat\/escacsescola\/wp-content\/uploads\/usu2498\/2024\/05\/GNnofvYXAAACDDU-1024x771.jpg 1024w, https:\/\/projectes.xtec.cat\/escacsescola\/wp-content\/uploads\/usu2498\/2024\/05\/GNnofvYXAAACDDU-300x226.jpg 300w, https:\/\/projectes.xtec.cat\/escacsescola\/wp-content\/uploads\/usu2498\/2024\/05\/GNnofvYXAAACDDU-768x578.jpg 768w, https:\/\/projectes.xtec.cat\/escacsescola\/wp-content\/uploads\/usu2498\/2024\/05\/GNnofvYXAAACDDU-1536x1157.jpg 1536w, https:\/\/projectes.xtec.cat\/escacsescola\/wp-content\/uploads\/usu2498\/2024\/05\/GNnofvYXAAACDDU-200x150.jpg 200w, https:\/\/projectes.xtec.cat\/escacsescola\/wp-content\/uploads\/usu2498\/2024\/05\/GNnofvYXAAACDDU.jpg 2040w\" sizes=\"auto, (max-width: 1024px) 100vw, 1024px\" \/>\n\t\t\t<\/dt>\n\t\t\t\t<dd class='wp-caption-text gallery-caption' id='gallery-2-8589'>\n\t\t\t\tReuni\u00f3 a la Federaci\u00f3 Catalana d&#8217;Escacs.\n\t\t\t\t<\/dd><\/dl><br style=\"clear: both\" \/>\n\t\t<\/div>\n\n","protected":false},"excerpt":{"rendered":"<p><a href=\"https:\/\/projectes.xtec.cat\/escacsescola\/wp-content\/uploads\/usu2498\/2024\/05\/Article-Leontxo-Garcia-.jpg\"><\/a>Leontxo Garc\u00eda, reconegut periodista especialitzat en escacs, ha publicat un article on parla dels escacs com a eina educativa i integradora. L&#8217;ha escrit basant-se en una experi\u00e8ncia duta a terme fa pocs dies, en la qual va acompanyar una delegaci\u00f3 de la Federaci\u00f3 d&#8217;Escacs&hellip;  <a href=\"https:\/\/projectes.xtec.cat\/escacsescola\/general\/educar-para-la-vida-con-el-ajedrez-un-article-de-leontxo-garcia-inspirat-en-una-visita-a-escoles-catalanes\/\" title=\"Read \u00abEducar para la vida con el ajedrez\u00bb, un article de Leontxo Garc\u00eda inspirat en una visita a escoles catalanes\">Llegeix m\u00e9s\u00bb<\/a><\/p>\n","protected":false},"author":6,"featured_media":8588,"comment_status":"open","ping_status":"closed","sticky":false,"template":"","format":"standard","meta":{"_bbp_topic_count":0,"_bbp_reply_count":0,"_bbp_total_topic_count":0,"_bbp_total_reply_count":0,"_bbp_voice_count":0,"_bbp_anonymous_reply_count":0,"_bbp_topic_count_hidden":0,"_bbp_reply_count_hidden":0,"_bbp_forum_subforum_count":0,"footnotes":""},"categories":[1,289,29,290,291],"tags":[310,312,313,311],"class_list":["post-8581","post","type-post","status-publish","format-standard","has-post-thumbnail","hentry","category-general","category-infantil","category-portada","category-primaria","category-secundaria","tag-article","tag-educacio","tag-integracio","tag-premsa"],"post_mailing_queue_ids":[],"_links":{"self":[{"href":"https:\/\/projectes.xtec.cat\/escacsescola\/wp-json\/wp\/v2\/posts\/8581","targetHints":{"allow":["GET"]}}],"collection":[{"href":"https:\/\/projectes.xtec.cat\/escacsescola\/wp-json\/wp\/v2\/posts"}],"about":[{"href":"https:\/\/projectes.xtec.cat\/escacsescola\/wp-json\/wp\/v2\/types\/post"}],"author":[{"embeddable":true,"href":"https:\/\/projectes.xtec.cat\/escacsescola\/wp-json\/wp\/v2\/users\/6"}],"replies":[{"embeddable":true,"href":"https:\/\/projectes.xtec.cat\/escacsescola\/wp-json\/wp\/v2\/comments?post=8581"}],"version-history":[{"count":6,"href":"https:\/\/projectes.xtec.cat\/escacsescola\/wp-json\/wp\/v2\/posts\/8581\/revisions"}],"predecessor-version":[{"id":8606,"href":"https:\/\/projectes.xtec.cat\/escacsescola\/wp-json\/wp\/v2\/posts\/8581\/revisions\/8606"}],"wp:featuredmedia":[{"embeddable":true,"href":"https:\/\/projectes.xtec.cat\/escacsescola\/wp-json\/wp\/v2\/media\/8588"}],"wp:attachment":[{"href":"https:\/\/projectes.xtec.cat\/escacsescola\/wp-json\/wp\/v2\/media?parent=8581"}],"wp:term":[{"taxonomy":"category","embeddable":true,"href":"https:\/\/projectes.xtec.cat\/escacsescola\/wp-json\/wp\/v2\/categories?post=8581"},{"taxonomy":"post_tag","embeddable":true,"href":"https:\/\/projectes.xtec.cat\/escacsescola\/wp-json\/wp\/v2\/tags?post=8581"}],"curies":[{"name":"wp","href":"https:\/\/api.w.org\/{rel}","templated":true}]}}