{"id":8688,"date":"2025-03-21T13:15:56","date_gmt":"2025-03-21T12:15:56","guid":{"rendered":"https:\/\/projectes.xtec.cat\/escacsescola\/?p=8688"},"modified":"2025-03-21T13:20:22","modified_gmt":"2025-03-21T12:20:22","slug":"la-federacio-catalana-descacs-celebra-el-seu-centenari-amb-una-canco","status":"publish","type":"post","link":"https:\/\/projectes.xtec.cat\/escacsescola\/general\/la-federacio-catalana-descacs-celebra-el-seu-centenari-amb-una-canco\/","title":{"rendered":"La Federaci\u00f3 Catalana d&#8217;Escacs celebra el seu centenari amb una can\u00e7\u00f3!"},"content":{"rendered":"<p style=\"text-align: justify;\"><span class=\"fontstyle0\">La Federaci\u00f3 Catalana d\u2019Escacs es va fundar el 2 d\u2019agost de 1925, i per celebrar el seu centenari dur\u00e0 a terme diverses activitats durant tot l&#8217;any 2025.<br \/>\nUna de les actuacions dutes a terme ha estat la creaci\u00f3 d\u2019una <a href=\"https:\/\/youtu.be\/TeZHKktpo6I\">can\u00e7\u00f3<\/a> que parla sobre els escacs i fa refer\u00e8ncia a aquests cent anys d\u2019hist\u00f2ria, la qual ens fan arribar des de la seva aula virtual per posar-la a l\u2019abast de tot l\u2019alumnat dels centres educatius de Catalunya. Al document que us compartim hi podreu trobar la lletra de la can\u00e7\u00f3 i tamb\u00e9 l&#8217;enlla\u00e7 des d&#8217;on la podreu escoltar, per tal de poder-la treballar a les aules.<\/span><\/p>\n<p><a href=\"https:\/\/projectes.xtec.cat\/escacsescola\/wp-content\/uploads\/usu2498\/2025\/03\/AULA-V.-CANCO-CENTENARI.pdf\" target=\"_blank\" rel=\"noopener\">Document pdf: CAN\u00c7\u00d3 DEL CENTENARI &#8211; Federaci\u00f3 Catalana d&#8217;Escacs (clica aqu\u00ed)<\/a><\/p>\n<p style=\"text-align: justify;\"><span class=\"fontstyle0\">La can\u00e7\u00f3 es va estrenar el passat mes de novembre, en l&#8217;<a href=\"https:\/\/www.youtube.com\/watch?v=PvEIGgc4df8\">acte que donava el tret de sortida<\/a> a la celebraci\u00f3 del centenari, i l&#8217;autor de la m\u00fasica i la lletra \u00e9s el compositor osonenc Eudald Planchart.<\/span><\/p>\n<p style=\"text-align: justify;\"><span class=\"fontstyle0\">Esperem que us agradi!<\/span><\/p>\n<p><iframe loading=\"lazy\" src=\"\/\/www.youtube.com\/embed\/TeZHKktpo6I\" width=\"560\" height=\"314\" allowfullscreen=\"allowfullscreen\"><\/iframe><\/p>\n","protected":false},"excerpt":{"rendered":"<p>La Federaci\u00f3 Catalana d\u2019Escacs es va fundar el 2 d\u2019agost de 1925, i per celebrar el seu centenari dur\u00e0 a terme diverses activitats durant tot l&#8217;any 2025.<br \/>\nUna de les actuacions dutes a terme ha estat la creaci\u00f3 d\u2019una <a href=\"https:\/\/youtu.be\/TeZHKktpo6I\">can\u00e7\u00f3<\/a> que parla sobre els escacs&hellip;  <a href=\"https:\/\/projectes.xtec.cat\/escacsescola\/general\/la-federacio-catalana-descacs-celebra-el-seu-centenari-amb-una-canco\/\" title=\"Read La Federaci\u00f3 Catalana d&#8217;Escacs celebra el seu centenari amb una can\u00e7\u00f3!\">Llegeix m\u00e9s\u00bb<\/a><\/p>\n","protected":false},"author":6,"featured_media":8696,"comment_status":"open","ping_status":"closed","sticky":false,"template":"","format":"standard","meta":{"_bbp_topic_count":0,"_bbp_reply_count":0,"_bbp_total_topic_count":0,"_bbp_total_reply_count":0,"_bbp_voice_count":0,"_bbp_anonymous_reply_count":0,"_bbp_topic_count_hidden":0,"_bbp_reply_count_hidden":0,"_bbp_forum_subforum_count":0,"footnotes":""},"categories":[1,289,29,290,76,291],"tags":[317,322],"class_list":["post-8688","post","type-post","status-publish","format-standard","has-post-thumbnail","hentry","category-general","category-infantil","category-portada","category-primaria","category-recursos","category-secundaria","tag-materials-educatius","tag-noticies"],"post_mailing_queue_ids":[],"_links":{"self":[{"href":"https:\/\/projectes.xtec.cat\/escacsescola\/wp-json\/wp\/v2\/posts\/8688","targetHints":{"allow":["GET"]}}],"collection":[{"href":"https:\/\/projectes.xtec.cat\/escacsescola\/wp-json\/wp\/v2\/posts"}],"about":[{"href":"https:\/\/projectes.xtec.cat\/escacsescola\/wp-json\/wp\/v2\/types\/post"}],"author":[{"embeddable":true,"href":"https:\/\/projectes.xtec.cat\/escacsescola\/wp-json\/wp\/v2\/users\/6"}],"replies":[{"embeddable":true,"href":"https:\/\/projectes.xtec.cat\/escacsescola\/wp-json\/wp\/v2\/comments?post=8688"}],"version-history":[{"count":6,"href":"https:\/\/projectes.xtec.cat\/escacsescola\/wp-json\/wp\/v2\/posts\/8688\/revisions"}],"predecessor-version":[{"id":8701,"href":"https:\/\/projectes.xtec.cat\/escacsescola\/wp-json\/wp\/v2\/posts\/8688\/revisions\/8701"}],"wp:featuredmedia":[{"embeddable":true,"href":"https:\/\/projectes.xtec.cat\/escacsescola\/wp-json\/wp\/v2\/media\/8696"}],"wp:attachment":[{"href":"https:\/\/projectes.xtec.cat\/escacsescola\/wp-json\/wp\/v2\/media?parent=8688"}],"wp:term":[{"taxonomy":"category","embeddable":true,"href":"https:\/\/projectes.xtec.cat\/escacsescola\/wp-json\/wp\/v2\/categories?post=8688"},{"taxonomy":"post_tag","embeddable":true,"href":"https:\/\/projectes.xtec.cat\/escacsescola\/wp-json\/wp\/v2\/tags?post=8688"}],"curies":[{"name":"wp","href":"https:\/\/api.w.org\/{rel}","templated":true}]}}