{"id":8702,"date":"2025-04-11T12:57:45","date_gmt":"2025-04-11T10:57:45","guid":{"rendered":"https:\/\/projectes.xtec.cat\/escacsescola\/?p=8702"},"modified":"2025-04-11T13:05:55","modified_gmt":"2025-04-11T11:05:55","slug":"tornen-les-trobades-dalumnes-al-priorat-el-tarragones-i-el-baix-camp","status":"publish","type":"post","link":"https:\/\/projectes.xtec.cat\/escacsescola\/general\/tornen-les-trobades-dalumnes-al-priorat-el-tarragones-i-el-baix-camp\/","title":{"rendered":"Tornen les trobades d&#8217;alumnes al Priorat, el Tarragon\u00e8s i el Baix Camp!"},"content":{"rendered":"<p style=\"text-align: justify;\"><span style=\"font-weight: 400;\">Com ja es costum aquests \u00faltims anys, l\u2019arribada de la primavera ens porta tamb\u00e9 les trobades d\u2019alumnes del programa Escacs a l\u2019escola.\u00a0<\/span><\/p>\n<p style=\"text-align: justify;\"><span style=\"font-weight: 400;\">Aquests \u00faltims dies, s\u2019han dut a terme trobades al Priorat, Baix Camp i Tarragon\u00e8s, en les quals hi han participat m\u00e9s de 500 alumnes del Camp de Tarragona.<\/span><\/p>\n<p style=\"text-align: justify;\"><b>Trobada de la ZER Montsant &#8211; Serra de Prades<\/b><\/p>\n<p style=\"text-align: justify;\"><span style=\"font-weight: 400;\">El dia 4 d\u2019abril es va dur a terme a Ulldemolins (Priorat), la trobada de la ZER Montsant &#8211; Serra de Prades, la qual aplegava l\u2019alumnat de tota l\u2019etapa d\u2019educaci\u00f3 prim\u00e0ria de les tres escoles de la ZER: Escola Serra de Prades (Prades), Escola Montsant (Ulldemolins) i Escola Garb\u00ed (Poboleda).<\/span><\/p>\n<p style=\"text-align: justify;\"><span style=\"font-weight: 400;\">Els participants, 58 en total, van poder gaudir amb la pr\u00e0ctica dels escacs i amb la visita del Mestre FIDE tarragon\u00ed Francesc X. Farran Martos, el qual va dinamitzar el mat\u00ed proposant diferents jocs i reptes d\u2019escacs. Com a cloenda de l\u2019activitat, Farran va fer una demostraci\u00f3 de partida a la cega, jugant amb els ulls tapats contra tot l\u2019alumnat, que veia amb sorpresa i admiraci\u00f3 com els guanyava sense veure-hi!<\/span><\/p>\n\n\t\t<style type=\"text\/css\">\n\t\t\t#gallery-1 {\n\t\t\t\tmargin: auto;\n\t\t\t}\n\t\t\t#gallery-1 .gallery-item {\n\t\t\t\tfloat: left;\n\t\t\t\tmargin-top: 10px;\n\t\t\t\ttext-align: center;\n\t\t\t\twidth: 33%;\n\t\t\t}\n\t\t\t#gallery-1 img {\n\t\t\t\tborder: 2px solid #cfcfcf;\n\t\t\t}\n\t\t\t#gallery-1 .gallery-caption {\n\t\t\t\tmargin-left: 0;\n\t\t\t}\n\t\t\t\/* see gallery_shortcode() in wp-includes\/media.php *\/\n\t\t<\/style>\n\t\t<div id='gallery-1' class='gallery galleryid-8702 gallery-columns-3 gallery-size-medium'><dl class='gallery-item'>\n\t\t\t<dt class='gallery-icon portrait'>\n\t\t\t\t<a href='https:\/\/projectes.xtec.cat\/escacsescola\/general\/tornen-les-trobades-dalumnes-al-priorat-el-tarragones-i-el-baix-camp\/attachment\/trobada-montsant-1\/'><img loading=\"lazy\" decoding=\"async\" width=\"221\" height=\"300\" src=\"https:\/\/projectes.xtec.cat\/escacsescola\/wp-content\/uploads\/usu2498\/2025\/04\/Trobada-Montsant-1-221x300.jpeg\" class=\"attachment-medium size-medium\" alt=\"\" aria-describedby=\"gallery-1-8704\" srcset=\"https:\/\/projectes.xtec.cat\/escacsescola\/wp-content\/uploads\/usu2498\/2025\/04\/Trobada-Montsant-1-221x300.jpeg 221w, https:\/\/projectes.xtec.cat\/escacsescola\/wp-content\/uploads\/usu2498\/2025\/04\/Trobada-Montsant-1-754x1024.jpeg 754w, https:\/\/projectes.xtec.cat\/escacsescola\/wp-content\/uploads\/usu2498\/2025\/04\/Trobada-Montsant-1-768x1043.jpeg 768w, https:\/\/projectes.xtec.cat\/escacsescola\/wp-content\/uploads\/usu2498\/2025\/04\/Trobada-Montsant-1-1131x1536.jpeg 1131w, https:\/\/projectes.xtec.cat\/escacsescola\/wp-content\/uploads\/usu2498\/2025\/04\/Trobada-Montsant-1.jpeg 1478w\" sizes=\"auto, (max-width: 221px) 100vw, 221px\" \/><\/a>\n\t\t\t<\/dt>\n\t\t\t\t<dd class='wp-caption-text gallery-caption' id='gallery-1-8704'>\n\t\t\t\tFrancesc X. Farran jugant a la cega.\n\t\t\t\t<\/dd><\/dl><dl class='gallery-item'>\n\t\t\t<dt class='gallery-icon portrait'>\n\t\t\t\t<a href='https:\/\/projectes.xtec.cat\/escacsescola\/general\/tornen-les-trobades-dalumnes-al-priorat-el-tarragones-i-el-baix-camp\/attachment\/trobada-montsant-2\/'><img loading=\"lazy\" decoding=\"async\" width=\"225\" height=\"300\" src=\"https:\/\/projectes.xtec.cat\/escacsescola\/wp-content\/uploads\/usu2498\/2025\/04\/Trobada-Montsant-2-225x300.jpeg\" class=\"attachment-medium size-medium\" alt=\"\" aria-describedby=\"gallery-1-8705\" srcset=\"https:\/\/projectes.xtec.cat\/escacsescola\/wp-content\/uploads\/usu2498\/2025\/04\/Trobada-Montsant-2-225x300.jpeg 225w, https:\/\/projectes.xtec.cat\/escacsescola\/wp-content\/uploads\/usu2498\/2025\/04\/Trobada-Montsant-2-768x1024.jpeg 768w, https:\/\/projectes.xtec.cat\/escacsescola\/wp-content\/uploads\/usu2498\/2025\/04\/Trobada-Montsant-2-1152x1536.jpeg 1152w, https:\/\/projectes.xtec.cat\/escacsescola\/wp-content\/uploads\/usu2498\/2025\/04\/Trobada-Montsant-2.jpeg 1536w\" sizes=\"auto, (max-width: 225px) 100vw, 225px\" \/><\/a>\n\t\t\t<\/dt>\n\t\t\t\t<dd class='wp-caption-text gallery-caption' id='gallery-1-8705'>\n\t\t\t\tF.X. Farran durant una explicaci\u00f3.\n\t\t\t\t<\/dd><\/dl><dl class='gallery-item'>\n\t\t\t<dt class='gallery-icon portrait'>\n\t\t\t\t<a href='https:\/\/projectes.xtec.cat\/escacsescola\/general\/tornen-les-trobades-dalumnes-al-priorat-el-tarragones-i-el-baix-camp\/attachment\/trobada-montsant-2025\/'><img loading=\"lazy\" decoding=\"async\" width=\"212\" height=\"300\" src=\"https:\/\/projectes.xtec.cat\/escacsescola\/wp-content\/uploads\/usu2498\/2025\/04\/Trobada-Montsant-2025-212x300.jpg\" class=\"attachment-medium size-medium\" alt=\"\" aria-describedby=\"gallery-1-8703\" srcset=\"https:\/\/projectes.xtec.cat\/escacsescola\/wp-content\/uploads\/usu2498\/2025\/04\/Trobada-Montsant-2025-212x300.jpg 212w, https:\/\/projectes.xtec.cat\/escacsescola\/wp-content\/uploads\/usu2498\/2025\/04\/Trobada-Montsant-2025-724x1024.jpg 724w, https:\/\/projectes.xtec.cat\/escacsescola\/wp-content\/uploads\/usu2498\/2025\/04\/Trobada-Montsant-2025-768x1086.jpg 768w, https:\/\/projectes.xtec.cat\/escacsescola\/wp-content\/uploads\/usu2498\/2025\/04\/Trobada-Montsant-2025-1087x1536.jpg 1087w, https:\/\/projectes.xtec.cat\/escacsescola\/wp-content\/uploads\/usu2498\/2025\/04\/Trobada-Montsant-2025.jpg 1122w\" sizes=\"auto, (max-width: 212px) 100vw, 212px\" \/><\/a>\n\t\t\t<\/dt>\n\t\t\t\t<dd class='wp-caption-text gallery-caption' id='gallery-1-8703'>\n\t\t\t\tCartell de la trobada Priorat 2025\n\t\t\t\t<\/dd><\/dl><br style=\"clear: both\" \/>\n\t\t<\/div>\n\n<p style=\"text-align: justify;\"><b>Trobada de la comarca del Tarragon\u00e8s<\/b><\/p>\n<p style=\"text-align: justify;\"><span style=\"font-weight: 400;\">El dia 9 d\u2019abril es va celebrar al Complex Educatiu de Tarragona una trobada entre cinc centres educatius del Tarragon\u00e8s: Escola Ponent (Tarragona), Escola Sant Bernat Calv\u00f3 (Vila-seca), Escola La Canonja (La Canonja), Escola Salou i Escola Europa (Salou).<\/span><\/p>\n<p style=\"text-align: justify;\"><span style=\"font-weight: 400;\">En aquest cas, van participar-hi 240 alumnes de 3r curs d\u2019educaci\u00f3 prim\u00e0ria, els quals van dur a terme diverses partides d\u2019escacs durant el mat\u00ed. Com a cloenda de l\u2019acte, es va lliurar un obsequi i un diploma a les escoles participants.\u00a0<\/span><\/p>\n\n\t\t<style type=\"text\/css\">\n\t\t\t#gallery-2 {\n\t\t\t\tmargin: auto;\n\t\t\t}\n\t\t\t#gallery-2 .gallery-item {\n\t\t\t\tfloat: left;\n\t\t\t\tmargin-top: 10px;\n\t\t\t\ttext-align: center;\n\t\t\t\twidth: 33%;\n\t\t\t}\n\t\t\t#gallery-2 img {\n\t\t\t\tborder: 2px solid #cfcfcf;\n\t\t\t}\n\t\t\t#gallery-2 .gallery-caption {\n\t\t\t\tmargin-left: 0;\n\t\t\t}\n\t\t\t\/* see gallery_shortcode() in wp-includes\/media.php *\/\n\t\t<\/style>\n\t\t<div id='gallery-2' class='gallery galleryid-8702 gallery-columns-3 gallery-size-medium'><dl class='gallery-item'>\n\t\t\t<dt class='gallery-icon landscape'>\n\t\t\t\t<a href='https:\/\/projectes.xtec.cat\/escacsescola\/general\/tornen-les-trobades-dalumnes-al-priorat-el-tarragones-i-el-baix-camp\/attachment\/trobada-tgn-2025\/'><img loading=\"lazy\" decoding=\"async\" width=\"300\" height=\"300\" src=\"https:\/\/projectes.xtec.cat\/escacsescola\/wp-content\/uploads\/usu2498\/2025\/04\/Trobada-TGN-2025-300x300.png\" class=\"attachment-medium size-medium\" alt=\"\" aria-describedby=\"gallery-2-8713\" srcset=\"https:\/\/projectes.xtec.cat\/escacsescola\/wp-content\/uploads\/usu2498\/2025\/04\/Trobada-TGN-2025-300x300.png 300w, https:\/\/projectes.xtec.cat\/escacsescola\/wp-content\/uploads\/usu2498\/2025\/04\/Trobada-TGN-2025-1024x1024.png 1024w, https:\/\/projectes.xtec.cat\/escacsescola\/wp-content\/uploads\/usu2498\/2025\/04\/Trobada-TGN-2025-150x150.png 150w, https:\/\/projectes.xtec.cat\/escacsescola\/wp-content\/uploads\/usu2498\/2025\/04\/Trobada-TGN-2025-768x768.png 768w, https:\/\/projectes.xtec.cat\/escacsescola\/wp-content\/uploads\/usu2498\/2025\/04\/Trobada-TGN-2025.png 1080w\" sizes=\"auto, (max-width: 300px) 100vw, 300px\" \/><\/a>\n\t\t\t<\/dt>\n\t\t\t\t<dd class='wp-caption-text gallery-caption' id='gallery-2-8713'>\n\t\t\t\tCartell trobada TGN 2025\n\t\t\t\t<\/dd><\/dl><dl class='gallery-item'>\n\t\t\t<dt class='gallery-icon landscape'>\n\t\t\t\t<a href='https:\/\/projectes.xtec.cat\/escacsescola\/general\/tornen-les-trobades-dalumnes-al-priorat-el-tarragones-i-el-baix-camp\/attachment\/trobada-tarragones-2\/'><img loading=\"lazy\" decoding=\"async\" width=\"300\" height=\"300\" src=\"https:\/\/projectes.xtec.cat\/escacsescola\/wp-content\/uploads\/usu2498\/2025\/04\/Trobada-Tarragones-2-300x300.png\" class=\"attachment-medium size-medium\" alt=\"\" aria-describedby=\"gallery-2-8708\" srcset=\"https:\/\/projectes.xtec.cat\/escacsescola\/wp-content\/uploads\/usu2498\/2025\/04\/Trobada-Tarragones-2-300x300.png 300w, https:\/\/projectes.xtec.cat\/escacsescola\/wp-content\/uploads\/usu2498\/2025\/04\/Trobada-Tarragones-2-1024x1024.png 1024w, https:\/\/projectes.xtec.cat\/escacsescola\/wp-content\/uploads\/usu2498\/2025\/04\/Trobada-Tarragones-2-150x150.png 150w, https:\/\/projectes.xtec.cat\/escacsescola\/wp-content\/uploads\/usu2498\/2025\/04\/Trobada-Tarragones-2-768x768.png 768w, https:\/\/projectes.xtec.cat\/escacsescola\/wp-content\/uploads\/usu2498\/2025\/04\/Trobada-Tarragones-2.png 1080w\" sizes=\"auto, (max-width: 300px) 100vw, 300px\" \/><\/a>\n\t\t\t<\/dt>\n\t\t\t\t<dd class='wp-caption-text gallery-caption' id='gallery-2-8708'>\n\t\t\t\tSala de joc trobada Tarragona 2025\n\t\t\t\t<\/dd><\/dl><dl class='gallery-item'>\n\t\t\t<dt class='gallery-icon landscape'>\n\t\t\t\t<a href='https:\/\/projectes.xtec.cat\/escacsescola\/general\/tornen-les-trobades-dalumnes-al-priorat-el-tarragones-i-el-baix-camp\/attachment\/trobada-tarragones-3\/'><img loading=\"lazy\" decoding=\"async\" width=\"300\" height=\"300\" src=\"https:\/\/projectes.xtec.cat\/escacsescola\/wp-content\/uploads\/usu2498\/2025\/04\/Trobada-Tarragones-3-300x300.png\" class=\"attachment-medium size-medium\" alt=\"\" aria-describedby=\"gallery-2-8709\" srcset=\"https:\/\/projectes.xtec.cat\/escacsescola\/wp-content\/uploads\/usu2498\/2025\/04\/Trobada-Tarragones-3-300x300.png 300w, https:\/\/projectes.xtec.cat\/escacsescola\/wp-content\/uploads\/usu2498\/2025\/04\/Trobada-Tarragones-3-1024x1024.png 1024w, https:\/\/projectes.xtec.cat\/escacsescola\/wp-content\/uploads\/usu2498\/2025\/04\/Trobada-Tarragones-3-150x150.png 150w, https:\/\/projectes.xtec.cat\/escacsescola\/wp-content\/uploads\/usu2498\/2025\/04\/Trobada-Tarragones-3-768x768.png 768w, https:\/\/projectes.xtec.cat\/escacsescola\/wp-content\/uploads\/usu2498\/2025\/04\/Trobada-Tarragones-3.png 1080w\" sizes=\"auto, (max-width: 300px) 100vw, 300px\" \/><\/a>\n\t\t\t<\/dt>\n\t\t\t\t<dd class='wp-caption-text gallery-caption' id='gallery-2-8709'>\n\t\t\t\tCloenda Trobada TGN 2025\n\t\t\t\t<\/dd><\/dl><br style=\"clear: both\" \/>\n\t\t<\/div>\n\n<p style=\"text-align: justify;\"><b>Trobada de la comarca del Baix Camp<\/b><\/p>\n<p style=\"text-align: justify;\"><span style=\"font-weight: 400;\">El dia 9 d\u2019abril tamb\u00e9 es va dur a terme la trobada de centres del Baix Camp. Com el curs passat, l\u2019activitat va tenir lloc a l\u2019Escola Alberich i Casas, de Reus, concretament al pavell\u00f3 poliesportiu annex a l\u2019escola.\u00a0<\/span><\/p>\n<p style=\"text-align: justify;\"><span style=\"font-weight: 400;\">L\u2019activitat va comptar amb la participaci\u00f3 de 215 alumnes de 3r i 4t de prim\u00e0ria de vuit centres de la comarca: Escola Josep M. Soler i Gen\u00e9 (Montbri\u00f3 del Camp), Escola Josep Fust\u00e9 (Alforja), Escola Ramon Sugra\u00f1es (Almoster), Col\u00b7legi Sant Rafael (La Selva del Camp) i quatre escoles de Reus: Escola Mari\u00e0 Fortuny, Escola La Vitxeta, Escola Montsant i Escola Alberich i Casas.\u00a0<\/span><\/p>\n<p style=\"text-align: justify;\"><span style=\"font-weight: 400;\">L\u2019alumnat va gaudir d\u2019un mat\u00ed de partides d\u2019escacs i altres activitats i tallers relacionats amb aquest joc, i a continuaci\u00f3 va anar a dinar en un parc proper a l\u2019escola. L\u2019acte va cloure amb el lliurament de diplomes i un obsequi per a les escoles participants.\u00a0<\/span><\/p>\n\n\t\t<style type=\"text\/css\">\n\t\t\t#gallery-3 {\n\t\t\t\tmargin: auto;\n\t\t\t}\n\t\t\t#gallery-3 .gallery-item {\n\t\t\t\tfloat: left;\n\t\t\t\tmargin-top: 10px;\n\t\t\t\ttext-align: center;\n\t\t\t\twidth: 33%;\n\t\t\t}\n\t\t\t#gallery-3 img {\n\t\t\t\tborder: 2px solid #cfcfcf;\n\t\t\t}\n\t\t\t#gallery-3 .gallery-caption {\n\t\t\t\tmargin-left: 0;\n\t\t\t}\n\t\t\t\/* see gallery_shortcode() in wp-includes\/media.php *\/\n\t\t<\/style>\n\t\t<div id='gallery-3' class='gallery galleryid-8702 gallery-columns-3 gallery-size-medium'><dl class='gallery-item'>\n\t\t\t<dt class='gallery-icon landscape'>\n\t\t\t\t<a href='https:\/\/projectes.xtec.cat\/escacsescola\/general\/tornen-les-trobades-dalumnes-al-priorat-el-tarragones-i-el-baix-camp\/attachment\/disseny-sense-titol-5\/'><img loading=\"lazy\" decoding=\"async\" width=\"300\" height=\"300\" src=\"https:\/\/projectes.xtec.cat\/escacsescola\/wp-content\/uploads\/usu2498\/2025\/04\/Disseny-sense-titol-5-300x300.png\" class=\"attachment-medium size-medium\" alt=\"\" aria-describedby=\"gallery-3-8711\" srcset=\"https:\/\/projectes.xtec.cat\/escacsescola\/wp-content\/uploads\/usu2498\/2025\/04\/Disseny-sense-titol-5-300x300.png 300w, https:\/\/projectes.xtec.cat\/escacsescola\/wp-content\/uploads\/usu2498\/2025\/04\/Disseny-sense-titol-5-1024x1024.png 1024w, https:\/\/projectes.xtec.cat\/escacsescola\/wp-content\/uploads\/usu2498\/2025\/04\/Disseny-sense-titol-5-150x150.png 150w, https:\/\/projectes.xtec.cat\/escacsescola\/wp-content\/uploads\/usu2498\/2025\/04\/Disseny-sense-titol-5-768x768.png 768w, https:\/\/projectes.xtec.cat\/escacsescola\/wp-content\/uploads\/usu2498\/2025\/04\/Disseny-sense-titol-5.png 1080w\" sizes=\"auto, (max-width: 300px) 100vw, 300px\" \/><\/a>\n\t\t\t<\/dt>\n\t\t\t\t<dd class='wp-caption-text gallery-caption' id='gallery-3-8711'>\n\t\t\t\tCartell Trobada Reus 2025\n\t\t\t\t<\/dd><\/dl><dl class='gallery-item'>\n\t\t\t<dt class='gallery-icon landscape'>\n\t\t\t\t<a href='https:\/\/projectes.xtec.cat\/escacsescola\/general\/tornen-les-trobades-dalumnes-al-priorat-el-tarragones-i-el-baix-camp\/attachment\/trobada-reus-2025_1\/'><img loading=\"lazy\" decoding=\"async\" width=\"300\" height=\"300\" src=\"https:\/\/projectes.xtec.cat\/escacsescola\/wp-content\/uploads\/usu2498\/2025\/04\/Trobada-Reus-2025_1-300x300.png\" class=\"attachment-medium size-medium\" alt=\"\" aria-describedby=\"gallery-3-8714\" srcset=\"https:\/\/projectes.xtec.cat\/escacsescola\/wp-content\/uploads\/usu2498\/2025\/04\/Trobada-Reus-2025_1-300x300.png 300w, https:\/\/projectes.xtec.cat\/escacsescola\/wp-content\/uploads\/usu2498\/2025\/04\/Trobada-Reus-2025_1-1024x1024.png 1024w, https:\/\/projectes.xtec.cat\/escacsescola\/wp-content\/uploads\/usu2498\/2025\/04\/Trobada-Reus-2025_1-150x150.png 150w, https:\/\/projectes.xtec.cat\/escacsescola\/wp-content\/uploads\/usu2498\/2025\/04\/Trobada-Reus-2025_1-768x768.png 768w, https:\/\/projectes.xtec.cat\/escacsescola\/wp-content\/uploads\/usu2498\/2025\/04\/Trobada-Reus-2025_1.png 1080w\" sizes=\"auto, (max-width: 300px) 100vw, 300px\" \/><\/a>\n\t\t\t<\/dt>\n\t\t\t\t<dd class='wp-caption-text gallery-caption' id='gallery-3-8714'>\n\t\t\t\tPavell\u00f3 trobada Reus 2025\n\t\t\t\t<\/dd><\/dl><dl class='gallery-item'>\n\t\t\t<dt class='gallery-icon landscape'>\n\t\t\t\t<a href='https:\/\/projectes.xtec.cat\/escacsescola\/general\/tornen-les-trobades-dalumnes-al-priorat-el-tarragones-i-el-baix-camp\/attachment\/trobada-reus-2025_5\/'><img loading=\"lazy\" decoding=\"async\" width=\"300\" height=\"300\" src=\"https:\/\/projectes.xtec.cat\/escacsescola\/wp-content\/uploads\/usu2498\/2025\/04\/Trobada-Reus-2025_5-300x300.png\" class=\"attachment-medium size-medium\" alt=\"\" aria-describedby=\"gallery-3-8718\" srcset=\"https:\/\/projectes.xtec.cat\/escacsescola\/wp-content\/uploads\/usu2498\/2025\/04\/Trobada-Reus-2025_5-300x300.png 300w, https:\/\/projectes.xtec.cat\/escacsescola\/wp-content\/uploads\/usu2498\/2025\/04\/Trobada-Reus-2025_5-1024x1024.png 1024w, https:\/\/projectes.xtec.cat\/escacsescola\/wp-content\/uploads\/usu2498\/2025\/04\/Trobada-Reus-2025_5-150x150.png 150w, https:\/\/projectes.xtec.cat\/escacsescola\/wp-content\/uploads\/usu2498\/2025\/04\/Trobada-Reus-2025_5-768x768.png 768w, https:\/\/projectes.xtec.cat\/escacsescola\/wp-content\/uploads\/usu2498\/2025\/04\/Trobada-Reus-2025_5.png 1080w\" sizes=\"auto, (max-width: 300px) 100vw, 300px\" \/><\/a>\n\t\t\t<\/dt>\n\t\t\t\t<dd class='wp-caption-text gallery-caption' id='gallery-3-8718'>\n\t\t\t\tBenvinguda &#8211; Reus 2025\n\t\t\t\t<\/dd><\/dl><br style=\"clear: both\" \/><dl class='gallery-item'>\n\t\t\t<dt class='gallery-icon landscape'>\n\t\t\t\t<a href='https:\/\/projectes.xtec.cat\/escacsescola\/general\/tornen-les-trobades-dalumnes-al-priorat-el-tarragones-i-el-baix-camp\/attachment\/trobada-reus-2025_3\/'><img loading=\"lazy\" decoding=\"async\" width=\"300\" height=\"300\" src=\"https:\/\/projectes.xtec.cat\/escacsescola\/wp-content\/uploads\/usu2498\/2025\/04\/Trobada-Reus-2025_3-300x300.png\" class=\"attachment-medium size-medium\" alt=\"\" aria-describedby=\"gallery-3-8715\" srcset=\"https:\/\/projectes.xtec.cat\/escacsescola\/wp-content\/uploads\/usu2498\/2025\/04\/Trobada-Reus-2025_3-300x300.png 300w, https:\/\/projectes.xtec.cat\/escacsescola\/wp-content\/uploads\/usu2498\/2025\/04\/Trobada-Reus-2025_3-1024x1024.png 1024w, https:\/\/projectes.xtec.cat\/escacsescola\/wp-content\/uploads\/usu2498\/2025\/04\/Trobada-Reus-2025_3-150x150.png 150w, https:\/\/projectes.xtec.cat\/escacsescola\/wp-content\/uploads\/usu2498\/2025\/04\/Trobada-Reus-2025_3-768x768.png 768w, https:\/\/projectes.xtec.cat\/escacsescola\/wp-content\/uploads\/usu2498\/2025\/04\/Trobada-Reus-2025_3.png 1080w\" sizes=\"auto, (max-width: 300px) 100vw, 300px\" \/><\/a>\n\t\t\t<\/dt>\n\t\t\t\t<dd class='wp-caption-text gallery-caption' id='gallery-3-8715'>\n\t\t\t\tTallers \n\t\t\t\t<\/dd><\/dl><dl class='gallery-item'>\n\t\t\t<dt class='gallery-icon landscape'>\n\t\t\t\t<a href='https:\/\/projectes.xtec.cat\/escacsescola\/general\/tornen-les-trobades-dalumnes-al-priorat-el-tarragones-i-el-baix-camp\/attachment\/trobada-reus-2025_2\/'><img loading=\"lazy\" decoding=\"async\" width=\"300\" height=\"300\" src=\"https:\/\/projectes.xtec.cat\/escacsescola\/wp-content\/uploads\/usu2498\/2025\/04\/Trobada-Reus-2025_2-300x300.png\" class=\"attachment-medium size-medium\" alt=\"\" aria-describedby=\"gallery-3-8716\" srcset=\"https:\/\/projectes.xtec.cat\/escacsescola\/wp-content\/uploads\/usu2498\/2025\/04\/Trobada-Reus-2025_2-300x300.png 300w, https:\/\/projectes.xtec.cat\/escacsescola\/wp-content\/uploads\/usu2498\/2025\/04\/Trobada-Reus-2025_2-1024x1024.png 1024w, https:\/\/projectes.xtec.cat\/escacsescola\/wp-content\/uploads\/usu2498\/2025\/04\/Trobada-Reus-2025_2-150x150.png 150w, https:\/\/projectes.xtec.cat\/escacsescola\/wp-content\/uploads\/usu2498\/2025\/04\/Trobada-Reus-2025_2-768x768.png 768w, https:\/\/projectes.xtec.cat\/escacsescola\/wp-content\/uploads\/usu2498\/2025\/04\/Trobada-Reus-2025_2.png 1080w\" sizes=\"auto, (max-width: 300px) 100vw, 300px\" \/><\/a>\n\t\t\t<\/dt>\n\t\t\t\t<dd class='wp-caption-text gallery-caption' id='gallery-3-8716'>\n\t\t\t\tTallers\n\t\t\t\t<\/dd><\/dl><dl class='gallery-item'>\n\t\t\t<dt class='gallery-icon landscape'>\n\t\t\t\t<a href='https:\/\/projectes.xtec.cat\/escacsescola\/general\/tornen-les-trobades-dalumnes-al-priorat-el-tarragones-i-el-baix-camp\/attachment\/disseny-sense-titol-6\/'><img loading=\"lazy\" decoding=\"async\" width=\"300\" height=\"300\" src=\"https:\/\/projectes.xtec.cat\/escacsescola\/wp-content\/uploads\/usu2498\/2025\/04\/Disseny-sense-titol-6-300x300.png\" class=\"attachment-medium size-medium\" alt=\"\" aria-describedby=\"gallery-3-8722\" srcset=\"https:\/\/projectes.xtec.cat\/escacsescola\/wp-content\/uploads\/usu2498\/2025\/04\/Disseny-sense-titol-6-300x300.png 300w, https:\/\/projectes.xtec.cat\/escacsescola\/wp-content\/uploads\/usu2498\/2025\/04\/Disseny-sense-titol-6-1024x1024.png 1024w, https:\/\/projectes.xtec.cat\/escacsescola\/wp-content\/uploads\/usu2498\/2025\/04\/Disseny-sense-titol-6-150x150.png 150w, https:\/\/projectes.xtec.cat\/escacsescola\/wp-content\/uploads\/usu2498\/2025\/04\/Disseny-sense-titol-6-768x768.png 768w, https:\/\/projectes.xtec.cat\/escacsescola\/wp-content\/uploads\/usu2498\/2025\/04\/Disseny-sense-titol-6.png 1080w\" sizes=\"auto, (max-width: 300px) 100vw, 300px\" \/><\/a>\n\t\t\t<\/dt>\n\t\t\t\t<dd class='wp-caption-text gallery-caption' id='gallery-3-8722'>\n\t\t\t\tEspai de partides\n\t\t\t\t<\/dd><\/dl><br style=\"clear: both\" \/>\n\t\t<\/div>\n\n<p style=\"text-align: justify;\"><b>Agra\u00efments<\/b><\/p>\n<p style=\"text-align: justify;\"><span style=\"font-weight: 400;\">Aprofitem aquestes l\u00ednies per felicitar i donar les gr\u00e0cies a tot el professorat de les escoles participants que va fer possible l\u2019organitzaci\u00f3 de les jornades; permeteu-nos fer una menci\u00f3 especial als docents coordinadors de cadascuna d\u2019elles, Sr. Jordi Franquet (Tarragon\u00e8s) i Sr. Francesc Xavier Torrell (Baix Camp).<\/span><\/p>\n<p style=\"text-align: justify;\"><span style=\"font-weight: 400;\">Tamb\u00e9 volem agrair al Consell Esportiu del Tarragon\u00e8s, al Complex Educatiu de Tarragona, l\u2019Ajuntament de Reus, la Diputaci\u00f3 de Tarragona i la Federaci\u00f3 Catalana d\u2019Escacs el seu suport i col\u00b7laboraci\u00f3 per poder dur a terme les activitats, aix\u00ed com que ens acompanyessin els seus representants en els actes d\u2019inauguraci\u00f3 o cloenda a les respectives trobades: Sr. Manel Sales (director del CRP del Tarragon\u00e8s), Sra. Mireia Benaiges (membre del CRP del Tarragon\u00e8s i referent de Cultura Digital), Sr. Enrique Mart\u00edn Dom\u00ednguez (regidor d\u2019Esports i Salut P\u00fablica de l\u2019Ajuntament de Reus) i la Sra. Pilar L\u00f3pez Bastida (regidora d\u2019Educaci\u00f3 i Ciutadania de l\u2019Ajuntament de Reus) i la Sra. Marta Amig\u00f3 (coordinadora del Programa Escacs a l\u2019escola al Departament d\u2019Educaci\u00f3 i vicepresidenta segona de la Federaci\u00f3 Catalana d\u2019Escacs).<\/span><\/p>\n","protected":false},"excerpt":{"rendered":"<p>Com ja es costum aquests \u00faltims anys, l\u2019arribada de la primavera ens porta tamb\u00e9 les trobades d\u2019alumnes del programa Escacs a l\u2019escola.\u00a0<br \/>\nAquests \u00faltims dies, s\u2019han dut a terme trobades al Priorat, Baix Camp i Tarragon\u00e8s, en les quals hi han participat m\u00e9s de 500 alumnes&hellip;  <a href=\"https:\/\/projectes.xtec.cat\/escacsescola\/general\/tornen-les-trobades-dalumnes-al-priorat-el-tarragones-i-el-baix-camp\/\" title=\"Read Tornen les trobades d&#8217;alumnes al Priorat, el Tarragon\u00e8s i el Baix Camp!\">Llegeix m\u00e9s\u00bb<\/a><\/p>\n","protected":false},"author":6,"featured_media":8726,"comment_status":"open","ping_status":"closed","sticky":false,"template":"","format":"standard","meta":{"_bbp_topic_count":0,"_bbp_reply_count":0,"_bbp_total_topic_count":0,"_bbp_total_reply_count":0,"_bbp_voice_count":0,"_bbp_anonymous_reply_count":0,"_bbp_topic_count_hidden":0,"_bbp_reply_count_hidden":0,"_bbp_forum_subforum_count":0,"footnotes":""},"categories":[1,29,290],"tags":[307],"class_list":["post-8702","post","type-post","status-publish","format-standard","has-post-thumbnail","hentry","category-general","category-portada","category-primaria","tag-trobada"],"post_mailing_queue_ids":[],"_links":{"self":[{"href":"https:\/\/projectes.xtec.cat\/escacsescola\/wp-json\/wp\/v2\/posts\/8702","targetHints":{"allow":["GET"]}}],"collection":[{"href":"https:\/\/projectes.xtec.cat\/escacsescola\/wp-json\/wp\/v2\/posts"}],"about":[{"href":"https:\/\/projectes.xtec.cat\/escacsescola\/wp-json\/wp\/v2\/types\/post"}],"author":[{"embeddable":true,"href":"https:\/\/projectes.xtec.cat\/escacsescola\/wp-json\/wp\/v2\/users\/6"}],"replies":[{"embeddable":true,"href":"https:\/\/projectes.xtec.cat\/escacsescola\/wp-json\/wp\/v2\/comments?post=8702"}],"version-history":[{"count":6,"href":"https:\/\/projectes.xtec.cat\/escacsescola\/wp-json\/wp\/v2\/posts\/8702\/revisions"}],"predecessor-version":[{"id":8724,"href":"https:\/\/projectes.xtec.cat\/escacsescola\/wp-json\/wp\/v2\/posts\/8702\/revisions\/8724"}],"wp:featuredmedia":[{"embeddable":true,"href":"https:\/\/projectes.xtec.cat\/escacsescola\/wp-json\/wp\/v2\/media\/8726"}],"wp:attachment":[{"href":"https:\/\/projectes.xtec.cat\/escacsescola\/wp-json\/wp\/v2\/media?parent=8702"}],"wp:term":[{"taxonomy":"category","embeddable":true,"href":"https:\/\/projectes.xtec.cat\/escacsescola\/wp-json\/wp\/v2\/categories?post=8702"},{"taxonomy":"post_tag","embeddable":true,"href":"https:\/\/projectes.xtec.cat\/escacsescola\/wp-json\/wp\/v2\/tags?post=8702"}],"curies":[{"name":"wp","href":"https:\/\/api.w.org\/{rel}","templated":true}]}}