{"id":8904,"date":"2026-04-29T15:42:24","date_gmt":"2026-04-29T13:42:24","guid":{"rendered":"https:\/\/projectes.xtec.cat\/escacsescola\/?p=8904"},"modified":"2026-04-29T15:42:24","modified_gmt":"2026-04-29T13:42:24","slug":"comencen-les-trobades-dalumnes-del-programa-escacs-a-lescola-2","status":"publish","type":"post","link":"https:\/\/projectes.xtec.cat\/escacsescola\/general\/comencen-les-trobades-dalumnes-del-programa-escacs-a-lescola-2\/","title":{"rendered":"Comencen les trobades d\u2019alumnes del programa Escacs a l\u2019Escola"},"content":{"rendered":"<p style=\"text-align: justify;\"><span style=\"font-weight: 400;\">Aquest mes d\u2019abril han comen\u00e7at les trobades d\u2019escacs entre alumnes de centres participants al programa Escacs a l\u2019Escola, amb l\u2019objectiu de promoure la conviv\u00e8ncia entre els infants, fomentar valors i compartir experi\u00e8ncies de gaudi entorn els escacs.\u00a0<\/span><\/p>\n<p style=\"text-align: justify;\"><span style=\"font-weight: 400;\">Les dues primeres van tenir lloc el dia 15 d\u2019abril a Tarragona i Reus, i la seg\u00fcent es va celebrar a Santa Coloma de Gramenet el passat 24 d\u2019abril. En total, gaireb\u00e9 900 infants hi van participar.\u00a0<\/span><\/p>\n<h3 style=\"text-align: justify;\"><b>Trobada al Tarragon\u00e8s<\/b><\/h3>\n<p style=\"text-align: justify;\"><span style=\"font-weight: 400;\">El Complex Educatiu de Tarragona va acollir el passat 15 d\u2019abril la IX Trobada del programa Escacs a l\u2019Escola en aquesta zona. En total, van participar-hi 172 alumnes de quatre escoles de la comarca, majorit\u00e0riament de 3r d\u2019Educaci\u00f3 Prim\u00e0ria, els quals van disputar diverses partides d\u2019escacs durant el mat\u00ed.\u00a0<\/span><\/p>\n<p style=\"text-align: justify;\"><span style=\"font-weight: 400;\">Com a tancament de l\u2019activitat, es va dur a terme un lliurament de diplomes als centres participants:\u00a0<\/span><\/p>\n<ul>\n<li><span style=\"font-weight: 400;\">Escola Ponent (Tarragona)<\/span><\/li>\n<li><span style=\"font-weight: 400;\">Escola Bonavista (Tarragona)<\/span><\/li>\n<li><span style=\"font-weight: 400;\">Escola Sant Bernat Calv\u00f3 (Vila-seca)<\/span><\/li>\n<li><span style=\"font-weight: 400;\">Escola Torroja i Miret (Vila-seca)<\/span><\/li>\n<\/ul>\n<p style=\"text-align: justify;\"><span style=\"font-weight: 400;\">L\u2019activitat va ser organitzada pels mestres de les escoles participants i tamb\u00e9 va comptar amb la col\u00b7laboraci\u00f3 i el suport del Consell Esportiu del Tarragon\u00e8s, el Centre de Recursos Pedag\u00f2gics del Tarragon\u00e8s i la Federaci\u00f3 Catalana d\u2019Escacs.<\/span><\/p>\n\n\t\t<style type=\"text\/css\">\n\t\t\t#gallery-1 {\n\t\t\t\tmargin: auto;\n\t\t\t}\n\t\t\t#gallery-1 .gallery-item {\n\t\t\t\tfloat: left;\n\t\t\t\tmargin-top: 10px;\n\t\t\t\ttext-align: center;\n\t\t\t\twidth: 33%;\n\t\t\t}\n\t\t\t#gallery-1 img {\n\t\t\t\tborder: 2px solid #cfcfcf;\n\t\t\t}\n\t\t\t#gallery-1 .gallery-caption {\n\t\t\t\tmargin-left: 0;\n\t\t\t}\n\t\t\t\/* see gallery_shortcode() in wp-includes\/media.php *\/\n\t\t<\/style>\n\t\t<div id='gallery-1' class='gallery galleryid-8904 gallery-columns-3 gallery-size-medium'><dl class='gallery-item'>\n\t\t\t<dt class='gallery-icon landscape'>\n\t\t\t\t<a href='https:\/\/projectes.xtec.cat\/escacsescola\/general\/comencen-les-trobades-dalumnes-del-programa-escacs-a-lescola-2\/attachment\/trobada-tarragones_cartell\/'><img loading=\"lazy\" decoding=\"async\" width=\"300\" height=\"300\" src=\"https:\/\/projectes.xtec.cat\/escacsescola\/wp-content\/uploads\/usu2498\/2026\/04\/Trobada-Tarragones_cartell-300x300.png\" class=\"attachment-medium size-medium\" alt=\"\" aria-describedby=\"gallery-1-8905\" srcset=\"https:\/\/projectes.xtec.cat\/escacsescola\/wp-content\/uploads\/usu2498\/2026\/04\/Trobada-Tarragones_cartell-300x300.png 300w, https:\/\/projectes.xtec.cat\/escacsescola\/wp-content\/uploads\/usu2498\/2026\/04\/Trobada-Tarragones_cartell-1024x1024.png 1024w, https:\/\/projectes.xtec.cat\/escacsescola\/wp-content\/uploads\/usu2498\/2026\/04\/Trobada-Tarragones_cartell-150x150.png 150w, https:\/\/projectes.xtec.cat\/escacsescola\/wp-content\/uploads\/usu2498\/2026\/04\/Trobada-Tarragones_cartell-768x768.png 768w, https:\/\/projectes.xtec.cat\/escacsescola\/wp-content\/uploads\/usu2498\/2026\/04\/Trobada-Tarragones_cartell-1536x1536.png 1536w, https:\/\/projectes.xtec.cat\/escacsescola\/wp-content\/uploads\/usu2498\/2026\/04\/Trobada-Tarragones_cartell.png 1890w\" sizes=\"auto, (max-width: 300px) 100vw, 300px\" \/><\/a>\n\t\t\t<\/dt>\n\t\t\t\t<dd class='wp-caption-text gallery-caption' id='gallery-1-8905'>\n\t\t\t\tCartell informatiu\n\t\t\t\t<\/dd><\/dl><dl class='gallery-item'>\n\t\t\t<dt class='gallery-icon landscape'>\n\t\t\t\t<a href='https:\/\/projectes.xtec.cat\/escacsescola\/general\/comencen-les-trobades-dalumnes-del-programa-escacs-a-lescola-2\/attachment\/trobada-tarragones_sala-1\/'><img loading=\"lazy\" decoding=\"async\" width=\"300\" height=\"300\" src=\"https:\/\/projectes.xtec.cat\/escacsescola\/wp-content\/uploads\/usu2498\/2026\/04\/Trobada-Tarragones_sala-1-300x300.jpg\" class=\"attachment-medium size-medium\" alt=\"\" aria-describedby=\"gallery-1-8906\" srcset=\"https:\/\/projectes.xtec.cat\/escacsescola\/wp-content\/uploads\/usu2498\/2026\/04\/Trobada-Tarragones_sala-1-300x300.jpg 300w, https:\/\/projectes.xtec.cat\/escacsescola\/wp-content\/uploads\/usu2498\/2026\/04\/Trobada-Tarragones_sala-1-1024x1024.jpg 1024w, https:\/\/projectes.xtec.cat\/escacsescola\/wp-content\/uploads\/usu2498\/2026\/04\/Trobada-Tarragones_sala-1-150x150.jpg 150w, https:\/\/projectes.xtec.cat\/escacsescola\/wp-content\/uploads\/usu2498\/2026\/04\/Trobada-Tarragones_sala-1-768x768.jpg 768w, https:\/\/projectes.xtec.cat\/escacsescola\/wp-content\/uploads\/usu2498\/2026\/04\/Trobada-Tarragones_sala-1.jpg 1215w\" sizes=\"auto, (max-width: 300px) 100vw, 300px\" \/><\/a>\n\t\t\t<\/dt>\n\t\t\t\t<dd class='wp-caption-text gallery-caption' id='gallery-1-8906'>\n\t\t\t\tVista general \n\t\t\t\t<\/dd><\/dl><dl class='gallery-item'>\n\t\t\t<dt class='gallery-icon landscape'>\n\t\t\t\t<a href='https:\/\/projectes.xtec.cat\/escacsescola\/general\/comencen-les-trobades-dalumnes-del-programa-escacs-a-lescola-2\/attachment\/trobada-tarragones_diplomes\/'><img loading=\"lazy\" decoding=\"async\" width=\"300\" height=\"300\" src=\"https:\/\/projectes.xtec.cat\/escacsescola\/wp-content\/uploads\/usu2498\/2026\/04\/Trobada-Tarragones_diplomes-300x300.png\" class=\"attachment-medium size-medium\" alt=\"\" aria-describedby=\"gallery-1-8907\" srcset=\"https:\/\/projectes.xtec.cat\/escacsescola\/wp-content\/uploads\/usu2498\/2026\/04\/Trobada-Tarragones_diplomes-300x300.png 300w, https:\/\/projectes.xtec.cat\/escacsescola\/wp-content\/uploads\/usu2498\/2026\/04\/Trobada-Tarragones_diplomes-1024x1024.png 1024w, https:\/\/projectes.xtec.cat\/escacsescola\/wp-content\/uploads\/usu2498\/2026\/04\/Trobada-Tarragones_diplomes-150x150.png 150w, https:\/\/projectes.xtec.cat\/escacsescola\/wp-content\/uploads\/usu2498\/2026\/04\/Trobada-Tarragones_diplomes-768x768.png 768w, https:\/\/projectes.xtec.cat\/escacsescola\/wp-content\/uploads\/usu2498\/2026\/04\/Trobada-Tarragones_diplomes.png 1080w\" sizes=\"auto, (max-width: 300px) 100vw, 300px\" \/><\/a>\n\t\t\t<\/dt>\n\t\t\t\t<dd class='wp-caption-text gallery-caption' id='gallery-1-8907'>\n\t\t\t\tLliurament de diplomes\n\t\t\t\t<\/dd><\/dl><br style=\"clear: both\" \/>\n\t\t<\/div>\n\n<h3 style=\"text-align: justify;\"><b>Trobada al Baix Camp<\/b><\/h3>\n<p style=\"text-align: justify;\"><span style=\"font-weight: 400;\">El 15 d\u2019abril tamb\u00e9 es va celebrar la IX Trobada Escolar d&#8217;Escacs del Baix Camp, la qual es va dur a terme a l\u2019Escola Alberich i Casas de Reus i va aplegar 199 alumnes de 3r i 4t d\u2019Educaci\u00f3 Prim\u00e0ria de set escoles de la comarca.\u00a0<\/span><\/p>\n<p style=\"text-align: justify;\"><span style=\"font-weight: 400;\">Durant el mat\u00ed, els infants van realitzar diferents activitats entorn als escacs, com partides cl\u00e0ssiques, diversos tallers i tamb\u00e9 van con\u00e8ixer el jugador Marc Narciso, Gran Mestre Internacional d\u2019Escacs catal\u00e0. Narciso va respondre les preguntes que els alumnes havien preparat i tamb\u00e9 els va explicar an\u00e8cdotes viscudes i va proposar-los de resoldre diferents problemes d&#8217;escacs. L\u2019activitat va finalitzar amb una partida de peons en la qual el Gran Mestre va jugar a la cega, amb els ulls tapats.\u00a0<\/span><\/p>\n<p style=\"text-align: justify;\"><span style=\"font-weight: 400;\">Les escoles participants van ser les seg\u00fcents:\u00a0<\/span><\/p>\n<ul style=\"text-align: justify;\">\n<li style=\"font-weight: 400;\" aria-level=\"1\"><span style=\"font-weight: 400;\">Escola Mari\u00e0 Fortuny (Reus)\u00a0<\/span><\/li>\n<li style=\"font-weight: 400;\" aria-level=\"1\"><span style=\"font-weight: 400;\">Escola Montsant (Reus)\u00a0<\/span><\/li>\n<li style=\"font-weight: 400;\" aria-level=\"1\"><span style=\"font-weight: 400;\">Escola La Vitxeta (Reus)\u00a0<\/span><\/li>\n<li style=\"font-weight: 400;\" aria-level=\"1\"><span style=\"font-weight: 400;\">Escola Dr. Alberich i Casas (Reus)\u00a0<\/span><\/li>\n<li style=\"font-weight: 400;\" aria-level=\"1\"><span style=\"font-weight: 400;\">Escola Josep Fust\u00e9 (Alforja)\u00a0<\/span><\/li>\n<li style=\"font-weight: 400;\" aria-level=\"1\"><span style=\"font-weight: 400;\">Escola Josep M. Soler i Gen\u00e9 (Montbri\u00f3 del Camp)\u00a0<\/span><\/li>\n<li style=\"font-weight: 400;\" aria-level=\"1\"><span style=\"font-weight: 400;\">Escola Ramon Sugra\u00f1es (Almoster)<\/span><\/li>\n<\/ul>\n<p style=\"text-align: justify;\"><span style=\"font-weight: 400;\">L\u2019activitat va ser organitzada pels mestres de les escoles participants i tamb\u00e9 va comptar amb la col\u00b7laboraci\u00f3 i el suport del Centre de Recursos Pedag\u00f2gics del Baix Camp, la Federaci\u00f3 Catalana d\u2019Escacs i la Diputaci\u00f3 de Tarragona.<\/span><\/p>\n\n\t\t<style type=\"text\/css\">\n\t\t\t#gallery-2 {\n\t\t\t\tmargin: auto;\n\t\t\t}\n\t\t\t#gallery-2 .gallery-item {\n\t\t\t\tfloat: left;\n\t\t\t\tmargin-top: 10px;\n\t\t\t\ttext-align: center;\n\t\t\t\twidth: 33%;\n\t\t\t}\n\t\t\t#gallery-2 img {\n\t\t\t\tborder: 2px solid #cfcfcf;\n\t\t\t}\n\t\t\t#gallery-2 .gallery-caption {\n\t\t\t\tmargin-left: 0;\n\t\t\t}\n\t\t\t\/* see gallery_shortcode() in wp-includes\/media.php *\/\n\t\t<\/style>\n\t\t<div id='gallery-2' class='gallery galleryid-8904 gallery-columns-3 gallery-size-medium'><dl class='gallery-item'>\n\t\t\t<dt class='gallery-icon landscape'>\n\t\t\t\t<a href='https:\/\/projectes.xtec.cat\/escacsescola\/general\/comencen-les-trobades-dalumnes-del-programa-escacs-a-lescola-2\/attachment\/1\/'><img loading=\"lazy\" decoding=\"async\" width=\"300\" height=\"300\" src=\"https:\/\/projectes.xtec.cat\/escacsescola\/wp-content\/uploads\/usu2498\/2026\/04\/1-300x300.jpg\" class=\"attachment-medium size-medium\" alt=\"\" aria-describedby=\"gallery-2-8910\" srcset=\"https:\/\/projectes.xtec.cat\/escacsescola\/wp-content\/uploads\/usu2498\/2026\/04\/1-300x300.jpg 300w, https:\/\/projectes.xtec.cat\/escacsescola\/wp-content\/uploads\/usu2498\/2026\/04\/1-1024x1024.jpg 1024w, https:\/\/projectes.xtec.cat\/escacsescola\/wp-content\/uploads\/usu2498\/2026\/04\/1-150x150.jpg 150w, https:\/\/projectes.xtec.cat\/escacsescola\/wp-content\/uploads\/usu2498\/2026\/04\/1-768x768.jpg 768w, https:\/\/projectes.xtec.cat\/escacsescola\/wp-content\/uploads\/usu2498\/2026\/04\/1.jpg 1350w\" sizes=\"auto, (max-width: 300px) 100vw, 300px\" \/><\/a>\n\t\t\t<\/dt>\n\t\t\t\t<dd class='wp-caption-text gallery-caption' id='gallery-2-8910'>\n\t\t\t\tCartell\n\t\t\t\t<\/dd><\/dl><dl class='gallery-item'>\n\t\t\t<dt class='gallery-icon landscape'>\n\t\t\t\t<a href='https:\/\/projectes.xtec.cat\/escacsescola\/general\/comencen-les-trobades-dalumnes-del-programa-escacs-a-lescola-2\/attachment\/trobada-baix-camp_tallers-2\/'><img loading=\"lazy\" decoding=\"async\" width=\"300\" height=\"300\" src=\"https:\/\/projectes.xtec.cat\/escacsescola\/wp-content\/uploads\/usu2498\/2026\/04\/Trobada-Baix-Camp_tallers-2-300x300.jpg\" class=\"attachment-medium size-medium\" alt=\"\" aria-describedby=\"gallery-2-8917\" srcset=\"https:\/\/projectes.xtec.cat\/escacsescola\/wp-content\/uploads\/usu2498\/2026\/04\/Trobada-Baix-Camp_tallers-2-300x300.jpg 300w, https:\/\/projectes.xtec.cat\/escacsescola\/wp-content\/uploads\/usu2498\/2026\/04\/Trobada-Baix-Camp_tallers-2-1024x1024.jpg 1024w, https:\/\/projectes.xtec.cat\/escacsescola\/wp-content\/uploads\/usu2498\/2026\/04\/Trobada-Baix-Camp_tallers-2-150x150.jpg 150w, https:\/\/projectes.xtec.cat\/escacsescola\/wp-content\/uploads\/usu2498\/2026\/04\/Trobada-Baix-Camp_tallers-2-768x768.jpg 768w, https:\/\/projectes.xtec.cat\/escacsescola\/wp-content\/uploads\/usu2498\/2026\/04\/Trobada-Baix-Camp_tallers-2.jpg 1350w\" sizes=\"auto, (max-width: 300px) 100vw, 300px\" \/><\/a>\n\t\t\t<\/dt>\n\t\t\t\t<dd class='wp-caption-text gallery-caption' id='gallery-2-8917'>\n\t\t\t\tEspai tallers\n\t\t\t\t<\/dd><\/dl><dl class='gallery-item'>\n\t\t\t<dt class='gallery-icon landscape'>\n\t\t\t\t<a href='https:\/\/projectes.xtec.cat\/escacsescola\/general\/comencen-les-trobades-dalumnes-del-programa-escacs-a-lescola-2\/attachment\/trobada-baix-camp_tallers_solitari\/'><img loading=\"lazy\" decoding=\"async\" width=\"300\" height=\"300\" src=\"https:\/\/projectes.xtec.cat\/escacsescola\/wp-content\/uploads\/usu2498\/2026\/04\/Trobada-Baix-Camp_tallers_Solitari-300x300.jpg\" class=\"attachment-medium size-medium\" alt=\"\" aria-describedby=\"gallery-2-8918\" srcset=\"https:\/\/projectes.xtec.cat\/escacsescola\/wp-content\/uploads\/usu2498\/2026\/04\/Trobada-Baix-Camp_tallers_Solitari-300x300.jpg 300w, https:\/\/projectes.xtec.cat\/escacsescola\/wp-content\/uploads\/usu2498\/2026\/04\/Trobada-Baix-Camp_tallers_Solitari-1024x1024.jpg 1024w, https:\/\/projectes.xtec.cat\/escacsescola\/wp-content\/uploads\/usu2498\/2026\/04\/Trobada-Baix-Camp_tallers_Solitari-150x150.jpg 150w, https:\/\/projectes.xtec.cat\/escacsescola\/wp-content\/uploads\/usu2498\/2026\/04\/Trobada-Baix-Camp_tallers_Solitari-768x768.jpg 768w, https:\/\/projectes.xtec.cat\/escacsescola\/wp-content\/uploads\/usu2498\/2026\/04\/Trobada-Baix-Camp_tallers_Solitari.jpg 1350w\" sizes=\"auto, (max-width: 300px) 100vw, 300px\" \/><\/a>\n\t\t\t<\/dt>\n\t\t\t\t<dd class='wp-caption-text gallery-caption' id='gallery-2-8918'>\n\t\t\t\tEspai tallers\n\t\t\t\t<\/dd><\/dl><br style=\"clear: both\" \/><dl class='gallery-item'>\n\t\t\t<dt class='gallery-icon landscape'>\n\t\t\t\t<a href='https:\/\/projectes.xtec.cat\/escacsescola\/general\/comencen-les-trobades-dalumnes-del-programa-escacs-a-lescola-2\/attachment\/trobada-baix-camp_salajoc\/'><img loading=\"lazy\" decoding=\"async\" width=\"300\" height=\"300\" src=\"https:\/\/projectes.xtec.cat\/escacsescola\/wp-content\/uploads\/usu2498\/2026\/04\/Trobada-Baix-Camp_salajoc-300x300.jpg\" class=\"attachment-medium size-medium\" alt=\"\" aria-describedby=\"gallery-2-8916\" srcset=\"https:\/\/projectes.xtec.cat\/escacsescola\/wp-content\/uploads\/usu2498\/2026\/04\/Trobada-Baix-Camp_salajoc-300x300.jpg 300w, https:\/\/projectes.xtec.cat\/escacsescola\/wp-content\/uploads\/usu2498\/2026\/04\/Trobada-Baix-Camp_salajoc-1024x1024.jpg 1024w, https:\/\/projectes.xtec.cat\/escacsescola\/wp-content\/uploads\/usu2498\/2026\/04\/Trobada-Baix-Camp_salajoc-150x150.jpg 150w, https:\/\/projectes.xtec.cat\/escacsescola\/wp-content\/uploads\/usu2498\/2026\/04\/Trobada-Baix-Camp_salajoc-768x768.jpg 768w, https:\/\/projectes.xtec.cat\/escacsescola\/wp-content\/uploads\/usu2498\/2026\/04\/Trobada-Baix-Camp_salajoc.jpg 1350w\" sizes=\"auto, (max-width: 300px) 100vw, 300px\" \/><\/a>\n\t\t\t<\/dt>\n\t\t\t\t<dd class='wp-caption-text gallery-caption' id='gallery-2-8916'>\n\t\t\t\tEspai partides\n\t\t\t\t<\/dd><\/dl><dl class='gallery-item'>\n\t\t\t<dt class='gallery-icon landscape'>\n\t\t\t\t<a href='https:\/\/projectes.xtec.cat\/escacsescola\/general\/comencen-les-trobades-dalumnes-del-programa-escacs-a-lescola-2\/attachment\/trobada-baix-camp_narciso_cega\/'><img loading=\"lazy\" decoding=\"async\" width=\"300\" height=\"300\" src=\"https:\/\/projectes.xtec.cat\/escacsescola\/wp-content\/uploads\/usu2498\/2026\/04\/Trobada-Baix-Camp_Narciso_cega-300x300.jpg\" class=\"attachment-medium size-medium\" alt=\"\" aria-describedby=\"gallery-2-8913\" srcset=\"https:\/\/projectes.xtec.cat\/escacsescola\/wp-content\/uploads\/usu2498\/2026\/04\/Trobada-Baix-Camp_Narciso_cega-300x300.jpg 300w, https:\/\/projectes.xtec.cat\/escacsescola\/wp-content\/uploads\/usu2498\/2026\/04\/Trobada-Baix-Camp_Narciso_cega-1024x1024.jpg 1024w, https:\/\/projectes.xtec.cat\/escacsescola\/wp-content\/uploads\/usu2498\/2026\/04\/Trobada-Baix-Camp_Narciso_cega-150x150.jpg 150w, https:\/\/projectes.xtec.cat\/escacsescola\/wp-content\/uploads\/usu2498\/2026\/04\/Trobada-Baix-Camp_Narciso_cega-768x768.jpg 768w, https:\/\/projectes.xtec.cat\/escacsescola\/wp-content\/uploads\/usu2498\/2026\/04\/Trobada-Baix-Camp_Narciso_cega.jpg 1350w\" sizes=\"auto, (max-width: 300px) 100vw, 300px\" \/><\/a>\n\t\t\t<\/dt>\n\t\t\t\t<dd class='wp-caption-text gallery-caption' id='gallery-2-8913'>\n\t\t\t\tM. Narciso jugant a la cega\n\t\t\t\t<\/dd><\/dl><dl class='gallery-item'>\n\t\t\t<dt class='gallery-icon landscape'>\n\t\t\t\t<a href='https:\/\/projectes.xtec.cat\/escacsescola\/general\/comencen-les-trobades-dalumnes-del-programa-escacs-a-lescola-2\/attachment\/trobada-baix-camp_narciso_signant2\/'><img loading=\"lazy\" decoding=\"async\" width=\"300\" height=\"300\" src=\"https:\/\/projectes.xtec.cat\/escacsescola\/wp-content\/uploads\/usu2498\/2026\/04\/Trobada-Baix-Camp_Narciso_signant2-300x300.jpg\" class=\"attachment-medium size-medium\" alt=\"\" aria-describedby=\"gallery-2-8915\" srcset=\"https:\/\/projectes.xtec.cat\/escacsescola\/wp-content\/uploads\/usu2498\/2026\/04\/Trobada-Baix-Camp_Narciso_signant2-300x300.jpg 300w, https:\/\/projectes.xtec.cat\/escacsescola\/wp-content\/uploads\/usu2498\/2026\/04\/Trobada-Baix-Camp_Narciso_signant2-1024x1024.jpg 1024w, https:\/\/projectes.xtec.cat\/escacsescola\/wp-content\/uploads\/usu2498\/2026\/04\/Trobada-Baix-Camp_Narciso_signant2-150x150.jpg 150w, https:\/\/projectes.xtec.cat\/escacsescola\/wp-content\/uploads\/usu2498\/2026\/04\/Trobada-Baix-Camp_Narciso_signant2-768x768.jpg 768w, https:\/\/projectes.xtec.cat\/escacsescola\/wp-content\/uploads\/usu2498\/2026\/04\/Trobada-Baix-Camp_Narciso_signant2.jpg 1350w\" sizes=\"auto, (max-width: 300px) 100vw, 300px\" \/><\/a>\n\t\t\t<\/dt>\n\t\t\t\t<dd class='wp-caption-text gallery-caption' id='gallery-2-8915'>\n\t\t\t\tMarc Narciso firmant aut\u00f2grafs\n\t\t\t\t<\/dd><\/dl><br style=\"clear: both\" \/>\n\t\t<\/div>\n\n<h3 style=\"text-align: justify;\"><b>Trobada a Santa Coloma de Gramenet<\/b><\/h3>\n<p style=\"text-align: justify;\"><span style=\"font-weight: 400;\">El passat 24 d\u2019abril, el Poliesportiu Prat de la Riba de Santa Coloma de Gramenet va acollir la VII Jornada d\u2019Escacs del programa Escacs a l\u2019escola en aquesta ciutat. L&#8217;activitat va comptar amb la participaci\u00f3 de gaireb\u00e9 500 alumnes de cicle mitj\u00e0 i cicle superior de set escoles, els quals <\/span><span style=\"font-weight: 400;\">van gaudir d\u2019un mat\u00ed d\u2019escacs realitzant diferents partides d\u2019escacs amb altres infants. Com a tancament de la jornada es va dur a terme un lliurament de medalles per a tots els participants.<\/span><\/p>\n<p style=\"text-align: justify;\"><span style=\"font-weight: 400;\">Centres que van participar-hi:<\/span><\/p>\n<ul style=\"text-align: justify;\">\n<li style=\"font-weight: 400;\" aria-level=\"1\"><span style=\"font-weight: 400;\">Escola Antoni Gaud\u00ed<\/span><\/li>\n<li style=\"font-weight: 400;\" aria-level=\"1\"><span style=\"font-weight: 400;\">Escola Primavera<\/span><\/li>\n<li style=\"font-weight: 400;\" aria-level=\"1\"><span style=\"font-weight: 400;\">Escola Ferran de Sagarra<\/span><\/li>\n<li style=\"font-weight: 400;\" aria-level=\"1\"><span style=\"font-weight: 400;\">Col\u00b7legi Fuster<\/span><\/li>\n<li style=\"font-weight: 400;\" aria-level=\"1\"><span style=\"font-weight: 400;\">Escola Fray Lu\u00eds de Le\u00f3n<\/span><\/li>\n<li style=\"font-weight: 400;\" aria-level=\"1\"><span style=\"font-weight: 400;\">Escola Santa Coloma<\/span><\/li>\n<li style=\"font-weight: 400;\" aria-level=\"1\"><span style=\"font-weight: 400;\">Escola Les Palmeres<\/span><\/li>\n<\/ul>\n<p style=\"text-align: justify;\"><span style=\"font-weight: 400;\">L\u2019activitat, organitzada pels docents dels centres educatius participants i el Centre de Recursos Pedag\u00f2gics de Santa Coloma de Gramenet, va comptar amb el suport i la col\u00b7laboraci\u00f3 de l\u2019Ajuntament de Santa Coloma de Gramenet, la Federaci\u00f3 Catalana d\u2019Escacs, el Consell Esportiu del Barcelon\u00e8s Nord i el Club d\u2019Escacs Gramenet.<\/span><\/p>\n\n\t\t<style type=\"text\/css\">\n\t\t\t#gallery-3 {\n\t\t\t\tmargin: auto;\n\t\t\t}\n\t\t\t#gallery-3 .gallery-item {\n\t\t\t\tfloat: left;\n\t\t\t\tmargin-top: 10px;\n\t\t\t\ttext-align: center;\n\t\t\t\twidth: 33%;\n\t\t\t}\n\t\t\t#gallery-3 img {\n\t\t\t\tborder: 2px solid #cfcfcf;\n\t\t\t}\n\t\t\t#gallery-3 .gallery-caption {\n\t\t\t\tmargin-left: 0;\n\t\t\t}\n\t\t\t\/* see gallery_shortcode() in wp-includes\/media.php *\/\n\t\t<\/style>\n\t\t<div id='gallery-3' class='gallery galleryid-8904 gallery-columns-3 gallery-size-medium'><dl class='gallery-item'>\n\t\t\t<dt class='gallery-icon landscape'>\n\t\t\t\t<a href='https:\/\/projectes.xtec.cat\/escacsescola\/general\/comencen-les-trobades-dalumnes-del-programa-escacs-a-lescola-2\/attachment\/trobada-santa-coloma-gramenet\/'><img loading=\"lazy\" decoding=\"async\" width=\"300\" height=\"300\" src=\"https:\/\/projectes.xtec.cat\/escacsescola\/wp-content\/uploads\/usu2498\/2026\/04\/Trobada-Santa-Coloma-Gramenet-300x300.jpg\" class=\"attachment-medium size-medium\" alt=\"\" aria-describedby=\"gallery-3-8921\" srcset=\"https:\/\/projectes.xtec.cat\/escacsescola\/wp-content\/uploads\/usu2498\/2026\/04\/Trobada-Santa-Coloma-Gramenet-300x300.jpg 300w, https:\/\/projectes.xtec.cat\/escacsescola\/wp-content\/uploads\/usu2498\/2026\/04\/Trobada-Santa-Coloma-Gramenet-1024x1024.jpg 1024w, https:\/\/projectes.xtec.cat\/escacsescola\/wp-content\/uploads\/usu2498\/2026\/04\/Trobada-Santa-Coloma-Gramenet-150x150.jpg 150w, https:\/\/projectes.xtec.cat\/escacsescola\/wp-content\/uploads\/usu2498\/2026\/04\/Trobada-Santa-Coloma-Gramenet-768x768.jpg 768w, https:\/\/projectes.xtec.cat\/escacsescola\/wp-content\/uploads\/usu2498\/2026\/04\/Trobada-Santa-Coloma-Gramenet.jpg 1350w\" sizes=\"auto, (max-width: 300px) 100vw, 300px\" \/><\/a>\n\t\t\t<\/dt>\n\t\t\t\t<dd class='wp-caption-text gallery-caption' id='gallery-3-8921'>\n\t\t\t\tTot a punt per a l&#8217;inici!\n\t\t\t\t<\/dd><\/dl><dl class='gallery-item'>\n\t\t\t<dt class='gallery-icon landscape'>\n\t\t\t\t<a href='https:\/\/projectes.xtec.cat\/escacsescola\/general\/comencen-les-trobades-dalumnes-del-programa-escacs-a-lescola-2\/attachment\/trobada-santa-coloma-gramenet_medalles\/'><img loading=\"lazy\" decoding=\"async\" width=\"300\" height=\"300\" src=\"https:\/\/projectes.xtec.cat\/escacsescola\/wp-content\/uploads\/usu2498\/2026\/04\/Trobada-Santa-Coloma-Gramenet_medalles-300x300.jpg\" class=\"attachment-medium size-medium\" alt=\"\" aria-describedby=\"gallery-3-8922\" srcset=\"https:\/\/projectes.xtec.cat\/escacsescola\/wp-content\/uploads\/usu2498\/2026\/04\/Trobada-Santa-Coloma-Gramenet_medalles-300x300.jpg 300w, https:\/\/projectes.xtec.cat\/escacsescola\/wp-content\/uploads\/usu2498\/2026\/04\/Trobada-Santa-Coloma-Gramenet_medalles-1024x1024.jpg 1024w, https:\/\/projectes.xtec.cat\/escacsescola\/wp-content\/uploads\/usu2498\/2026\/04\/Trobada-Santa-Coloma-Gramenet_medalles-150x150.jpg 150w, https:\/\/projectes.xtec.cat\/escacsescola\/wp-content\/uploads\/usu2498\/2026\/04\/Trobada-Santa-Coloma-Gramenet_medalles-768x768.jpg 768w, https:\/\/projectes.xtec.cat\/escacsescola\/wp-content\/uploads\/usu2498\/2026\/04\/Trobada-Santa-Coloma-Gramenet_medalles.jpg 1350w\" sizes=\"auto, (max-width: 300px) 100vw, 300px\" \/><\/a>\n\t\t\t<\/dt>\n\t\t\t\t<dd class='wp-caption-text gallery-caption' id='gallery-3-8922'>\n\t\t\t\tMedalles per als participants\n\t\t\t\t<\/dd><\/dl><dl class='gallery-item'>\n\t\t\t<dt class='gallery-icon landscape'>\n\t\t\t\t<a href='https:\/\/projectes.xtec.cat\/escacsescola\/general\/comencen-les-trobades-dalumnes-del-programa-escacs-a-lescola-2\/attachment\/trobada-santa-coloma-gramenet_participants\/'><img loading=\"lazy\" decoding=\"async\" width=\"300\" height=\"300\" src=\"https:\/\/projectes.xtec.cat\/escacsescola\/wp-content\/uploads\/usu2498\/2026\/04\/Trobada-Santa-Coloma-Gramenet_participants-300x300.jpg\" class=\"attachment-medium size-medium\" alt=\"\" aria-describedby=\"gallery-3-8923\" srcset=\"https:\/\/projectes.xtec.cat\/escacsescola\/wp-content\/uploads\/usu2498\/2026\/04\/Trobada-Santa-Coloma-Gramenet_participants-300x300.jpg 300w, https:\/\/projectes.xtec.cat\/escacsescola\/wp-content\/uploads\/usu2498\/2026\/04\/Trobada-Santa-Coloma-Gramenet_participants-1024x1024.jpg 1024w, https:\/\/projectes.xtec.cat\/escacsescola\/wp-content\/uploads\/usu2498\/2026\/04\/Trobada-Santa-Coloma-Gramenet_participants-150x150.jpg 150w, https:\/\/projectes.xtec.cat\/escacsescola\/wp-content\/uploads\/usu2498\/2026\/04\/Trobada-Santa-Coloma-Gramenet_participants-768x768.jpg 768w, https:\/\/projectes.xtec.cat\/escacsescola\/wp-content\/uploads\/usu2498\/2026\/04\/Trobada-Santa-Coloma-Gramenet_participants.jpg 1350w\" sizes=\"auto, (max-width: 300px) 100vw, 300px\" \/><\/a>\n\t\t\t<\/dt>\n\t\t\t\t<dd class='wp-caption-text gallery-caption' id='gallery-3-8923'>\n\t\t\t\tEspai de joc\n\t\t\t\t<\/dd><\/dl><br style=\"clear: both\" \/>\n\t\t<\/div>\n\n<h3 style=\"text-align: justify;\"><b>Agra\u00efment<\/b><\/h3>\n<p style=\"text-align: justify;\"><span style=\"font-weight: 400;\">Des del programa Escacs a l\u2019Escola donem les gr\u00e0cies a tot el professorat, altres persones, entitats i institucions que han col\u00b7laborat en fer realitat aquestes trobades d\u2019alumnes, les quals proporcionen als infants bones experi\u00e8ncies educatives i fomenten la conviv\u00e8ncia a trav\u00e9s dels escacs.\u00a0<\/span><\/p>\n","protected":false},"excerpt":{"rendered":"<p>Aquest mes d\u2019abril han comen\u00e7at les trobades d\u2019escacs entre alumnes de centres participants al programa Escacs a l\u2019Escola, amb l\u2019objectiu de promoure la conviv\u00e8ncia entre els infants, fomentar valors i compartir experi\u00e8ncies de gaudi entorn els escacs.\u00a0<br \/>\nLes dues primeres van tenir lloc el dia 15&hellip;  <a href=\"https:\/\/projectes.xtec.cat\/escacsescola\/general\/comencen-les-trobades-dalumnes-del-programa-escacs-a-lescola-2\/\" title=\"Read Comencen les trobades d\u2019alumnes del programa Escacs a l\u2019Escola\">Llegeix m\u00e9s\u00bb<\/a><\/p>\n","protected":false},"author":6,"featured_media":8917,"comment_status":"open","ping_status":"open","sticky":false,"template":"","format":"standard","meta":{"_bbp_topic_count":0,"_bbp_reply_count":0,"_bbp_total_topic_count":0,"_bbp_total_reply_count":0,"_bbp_voice_count":0,"_bbp_anonymous_reply_count":0,"_bbp_topic_count_hidden":0,"_bbp_reply_count_hidden":0,"_bbp_forum_subforum_count":0,"footnotes":""},"categories":[1,289,29,290],"tags":[297,307],"class_list":["post-8904","post","type-post","status-publish","format-standard","has-post-thumbnail","hentry","category-general","category-infantil","category-portada","category-primaria","tag-jornada","tag-trobada"],"post_mailing_queue_ids":[],"_links":{"self":[{"href":"https:\/\/projectes.xtec.cat\/escacsescola\/wp-json\/wp\/v2\/posts\/8904","targetHints":{"allow":["GET"]}}],"collection":[{"href":"https:\/\/projectes.xtec.cat\/escacsescola\/wp-json\/wp\/v2\/posts"}],"about":[{"href":"https:\/\/projectes.xtec.cat\/escacsescola\/wp-json\/wp\/v2\/types\/post"}],"author":[{"embeddable":true,"href":"https:\/\/projectes.xtec.cat\/escacsescola\/wp-json\/wp\/v2\/users\/6"}],"replies":[{"embeddable":true,"href":"https:\/\/projectes.xtec.cat\/escacsescola\/wp-json\/wp\/v2\/comments?post=8904"}],"version-history":[{"count":6,"href":"https:\/\/projectes.xtec.cat\/escacsescola\/wp-json\/wp\/v2\/posts\/8904\/revisions"}],"predecessor-version":[{"id":8935,"href":"https:\/\/projectes.xtec.cat\/escacsescola\/wp-json\/wp\/v2\/posts\/8904\/revisions\/8935"}],"wp:featuredmedia":[{"embeddable":true,"href":"https:\/\/projectes.xtec.cat\/escacsescola\/wp-json\/wp\/v2\/media\/8917"}],"wp:attachment":[{"href":"https:\/\/projectes.xtec.cat\/escacsescola\/wp-json\/wp\/v2\/media?parent=8904"}],"wp:term":[{"taxonomy":"category","embeddable":true,"href":"https:\/\/projectes.xtec.cat\/escacsescola\/wp-json\/wp\/v2\/categories?post=8904"},{"taxonomy":"post_tag","embeddable":true,"href":"https:\/\/projectes.xtec.cat\/escacsescola\/wp-json\/wp\/v2\/tags?post=8904"}],"curies":[{"name":"wp","href":"https:\/\/api.w.org\/{rel}","templated":true}]}}