{"id":10954,"date":"2023-01-30T12:46:57","date_gmt":"2023-01-30T11:46:57","guid":{"rendered":"https:\/\/projectes.xtec.cat\/gep\/?p=10954"},"modified":"2023-11-08T09:41:17","modified_gmt":"2023-11-08T08:41:17","slug":"iii-cicle-de-webinars-enregistraments-a-punt","status":"publish","type":"post","link":"https:\/\/projectes.xtec.cat\/gep\/portada\/iii-cicle-de-webinars-enregistraments-a-punt\/","title":{"rendered":"III Cicle de webinars: Enregistraments a punt!"},"content":{"rendered":"<p>Ja teniu a punt el recull d&#8217;enregistraments dels webinars del III Cicle de webinars \u201cNous horitzons en l\u2019ensenyament i aprenentatge de les lleng\u00fces\u201d. Peri\u00f2dicament anirem actualitzant l&#8217;espai amb l&#8217;enregistrament de l&#8217;\u00faltim webinar em\u00e8s.<\/p>\n<h6>Clica la imatge i fes-hi un cop d&#8217;ull!<\/h6>\n<p><a href=\"https:\/\/projectes.xtec.cat\/gep\/nous-horitzons\/iii-cicle-de-webinars-2022-23\/\"><img loading=\"lazy\" decoding=\"async\" class=\"alignnone wp-image-10956\" src=\"https:\/\/projectes.xtec.cat\/gep\/wp-content\/uploads\/usu682\/2023\/01\/preview-1024x1024.jpg\" alt=\"\" width=\"222\" height=\"222\" srcset=\"https:\/\/projectes.xtec.cat\/gep\/wp-content\/uploads\/usu682\/2023\/01\/preview-1024x1024.jpg 1024w, https:\/\/projectes.xtec.cat\/gep\/wp-content\/uploads\/usu682\/2023\/01\/preview-300x300.jpg 300w, https:\/\/projectes.xtec.cat\/gep\/wp-content\/uploads\/usu682\/2023\/01\/preview-150x150.jpg 150w, https:\/\/projectes.xtec.cat\/gep\/wp-content\/uploads\/usu682\/2023\/01\/preview-768x768.jpg 768w, https:\/\/projectes.xtec.cat\/gep\/wp-content\/uploads\/usu682\/2023\/01\/preview.jpg 1300w\" sizes=\"auto, (max-width: 222px) 100vw, 222px\" \/><\/a><\/p>\n<p><a href=\"https:\/\/www.freepik.com\/free-vector\/playing-video-tablet_814633.htm#query=video&amp;position=48&amp;from_view=search&amp;track=sph\">Image by rocketpixel<\/a> on Freepik<\/p>\n","protected":false},"excerpt":{"rendered":"<p>Ja teniu a punt el recull d&#8217;enregistraments dels webinars del III Cicle de webinars \u201cNous horitzons en l\u2019ensenyament i aprenentatge de les lleng\u00fces\u201d. Peri\u00f2dicament anirem actualitzant l&#8217;espai amb l&#8217;enregistrament de l&#8217;\u00faltim webinar em\u00e8s.&hellip;  <a href=\"https:\/\/projectes.xtec.cat\/gep\/portada\/iii-cicle-de-webinars-enregistraments-a-punt\/\" title=\"Read III Cicle de webinars: Enregistraments a punt!\">Llegeix m\u00e9s\u00bb<\/a><\/p>\n","protected":false},"author":42,"featured_media":10956,"comment_status":"open","ping_status":"closed","sticky":false,"template":"","format":"standard","meta":{"_bbp_topic_count":0,"_bbp_reply_count":0,"_bbp_total_topic_count":0,"_bbp_total_reply_count":0,"_bbp_voice_count":0,"_bbp_anonymous_reply_count":0,"_bbp_topic_count_hidden":0,"_bbp_reply_count_hidden":0,"_bbp_forum_subforum_count":0,"footnotes":""},"categories":[29],"tags":[503],"class_list":["post-10954","post","type-post","status-publish","format-standard","has-post-thumbnail","hentry","category-portada","tag-webinars"],"post_mailing_queue_ids":[],"_links":{"self":[{"href":"https:\/\/projectes.xtec.cat\/gep\/wp-json\/wp\/v2\/posts\/10954","targetHints":{"allow":["GET"]}}],"collection":[{"href":"https:\/\/projectes.xtec.cat\/gep\/wp-json\/wp\/v2\/posts"}],"about":[{"href":"https:\/\/projectes.xtec.cat\/gep\/wp-json\/wp\/v2\/types\/post"}],"author":[{"embeddable":true,"href":"https:\/\/projectes.xtec.cat\/gep\/wp-json\/wp\/v2\/users\/42"}],"replies":[{"embeddable":true,"href":"https:\/\/projectes.xtec.cat\/gep\/wp-json\/wp\/v2\/comments?post=10954"}],"version-history":[{"count":3,"href":"https:\/\/projectes.xtec.cat\/gep\/wp-json\/wp\/v2\/posts\/10954\/revisions"}],"predecessor-version":[{"id":11008,"href":"https:\/\/projectes.xtec.cat\/gep\/wp-json\/wp\/v2\/posts\/10954\/revisions\/11008"}],"wp:featuredmedia":[{"embeddable":true,"href":"https:\/\/projectes.xtec.cat\/gep\/wp-json\/wp\/v2\/media\/10956"}],"wp:attachment":[{"href":"https:\/\/projectes.xtec.cat\/gep\/wp-json\/wp\/v2\/media?parent=10954"}],"wp:term":[{"taxonomy":"category","embeddable":true,"href":"https:\/\/projectes.xtec.cat\/gep\/wp-json\/wp\/v2\/categories?post=10954"},{"taxonomy":"post_tag","embeddable":true,"href":"https:\/\/projectes.xtec.cat\/gep\/wp-json\/wp\/v2\/tags?post=10954"}],"curies":[{"name":"wp","href":"https:\/\/api.w.org\/{rel}","templated":true}]}}