{"id":11276,"date":"2023-06-08T08:40:43","date_gmt":"2023-06-08T06:40:43","guid":{"rendered":"https:\/\/projectes.xtec.cat\/gep\/?p=11276"},"modified":"2023-11-07T12:57:27","modified_gmt":"2023-11-07T11:57:27","slug":"webinar-10-%f0%9f%91%a9%e2%80%8d%f0%9f%8f%ab-a-reflective-approach-to-teacher-development-by-dr-steve-mann","status":"publish","type":"post","link":"https:\/\/projectes.xtec.cat\/gep\/general\/webinar-10-%f0%9f%91%a9%e2%80%8d%f0%9f%8f%ab-a-reflective-approach-to-teacher-development-by-dr-steve-mann\/","title":{"rendered":"Webinar 10# \ud83d\udc69\u200d\ud83c\udfeb A reflective approach to teacher development by Dr Steve Mann"},"content":{"rendered":"<p>Dilluns 12 de juny a les 18:00\u202fh arribem al final del cicle de seminaris web &#8220;Nous horitzons en l&#8217;ensenyament i aprenentatge de les lleng\u00fces &#8211; 2023&#8221; amb la pres\u00e8ncia del <a href=\"https:\/\/warwick.ac.uk\/fac\/soc\/al\/people\/mann\/\">Dr. <span class=\"hiddenSpellError\">Steve<\/span>\u00a0<span class=\"hiddenSpellError\">Mann<\/span><\/a>\u00a0que ens parlar\u00e0 de la import\u00e0ncia de la pr\u00e0ctica reflexiva per a la millora professional dels docents. La seva intervenci\u00f3 posar\u00e0 el focus en els detalls imprescindibles i les eines necess\u00e0ries per dur a terme aquest proc\u00e9s reflexiu de manera eficient i exitosa. Coneixerem tamb\u00e9 una nova forma de conversa reflexiva coneguda\u00a0com a\u00a0<em><span class=\"hiddenSpellError\">Cooperative<\/span>\u00a0<span class=\"hiddenSpellError\">Development<\/span><\/em>.<\/p>\n<p><a href=\"https:\/\/projectes.xtec.cat\/gep\/wp-content\/uploads\/usu682\/2023\/06\/Difusio-NODES-18.jpg\"><img loading=\"lazy\" decoding=\"async\" class=\"alignnone size-full wp-image-11277\" src=\"https:\/\/projectes.xtec.cat\/gep\/wp-content\/uploads\/usu682\/2023\/06\/Difusio-NODES-18.jpg\" alt=\"\" width=\"960\" height=\"540\" srcset=\"https:\/\/projectes.xtec.cat\/gep\/wp-content\/uploads\/usu682\/2023\/06\/Difusio-NODES-18.jpg 960w, https:\/\/projectes.xtec.cat\/gep\/wp-content\/uploads\/usu682\/2023\/06\/Difusio-NODES-18-300x169.jpg 300w, https:\/\/projectes.xtec.cat\/gep\/wp-content\/uploads\/usu682\/2023\/06\/Difusio-NODES-18-768x432.jpg 768w\" sizes=\"auto, (max-width: 960px) 100vw, 960px\" \/><\/a><\/p>\n<p>Si no has rebut el correu del Servei de Lleng\u00fces Estrangeres amb l\u2019enlla\u00e7 per a la sessi\u00f3, si et plau, contacta amb nosaltres a l\u2019adre\u00e7a\u00a0<a href=\"mailto:formacio.sle@xtec.cat\">formacio.sle@xtec.cat<\/a>.<\/p>\n<p>Subscriviu-vos a la\u00a0<strong>portada del NODES GEP<\/strong>\u00a0i seguiu-nos a\u00a0<strong>Twitter\u00a0<\/strong><a href=\"https:\/\/twitter.com\/InnovacioSLEO\">@innovacioSLEO<\/a>\u00a0i\u00a0<a href=\"https:\/\/twitter.com\/fle_sleo\">@fle_sleo<\/a>\u00a0per estar al dia de les \u00faltimes novetats!<\/p>\n<h6>Us hi esperem!<\/h6>\n","protected":false},"excerpt":{"rendered":"<p>Dilluns 12 de juny a les 18:00\u202fh arribem al final del cicle de seminaris web &#8220;Nous horitzons en l&#8217;ensenyament i aprenentatge de les lleng\u00fces &#8211; 2023&#8221; amb la pres\u00e8ncia del Dr. Steve\u00a0Mann\u00a0que ens parlar\u00e0 de la import\u00e0ncia de la pr\u00e0ctica reflexiva per a la millora professional dels docents.&hellip;  <a href=\"https:\/\/projectes.xtec.cat\/gep\/general\/webinar-10-%f0%9f%91%a9%e2%80%8d%f0%9f%8f%ab-a-reflective-approach-to-teacher-development-by-dr-steve-mann\/\" title=\"Read Webinar 10# \ud83d\udc69\u200d\ud83c\udfeb A reflective approach to teacher development by Dr Steve Mann\">Llegeix m\u00e9s\u00bb<\/a><\/p>\n","protected":false},"author":42,"featured_media":11277,"comment_status":"open","ping_status":"closed","sticky":false,"template":"","format":"standard","meta":{"_bbp_topic_count":0,"_bbp_reply_count":0,"_bbp_total_topic_count":0,"_bbp_total_reply_count":0,"_bbp_voice_count":0,"_bbp_anonymous_reply_count":0,"_bbp_topic_count_hidden":0,"_bbp_reply_count_hidden":0,"_bbp_forum_subforum_count":0,"footnotes":""},"categories":[1,513,29],"tags":[503],"class_list":["post-11276","post","type-post","status-publish","format-standard","has-post-thumbnail","hentry","category-general","category-nous-horitzons","category-portada","tag-webinars"],"post_mailing_queue_ids":[],"_links":{"self":[{"href":"https:\/\/projectes.xtec.cat\/gep\/wp-json\/wp\/v2\/posts\/11276","targetHints":{"allow":["GET"]}}],"collection":[{"href":"https:\/\/projectes.xtec.cat\/gep\/wp-json\/wp\/v2\/posts"}],"about":[{"href":"https:\/\/projectes.xtec.cat\/gep\/wp-json\/wp\/v2\/types\/post"}],"author":[{"embeddable":true,"href":"https:\/\/projectes.xtec.cat\/gep\/wp-json\/wp\/v2\/users\/42"}],"replies":[{"embeddable":true,"href":"https:\/\/projectes.xtec.cat\/gep\/wp-json\/wp\/v2\/comments?post=11276"}],"version-history":[{"count":1,"href":"https:\/\/projectes.xtec.cat\/gep\/wp-json\/wp\/v2\/posts\/11276\/revisions"}],"predecessor-version":[{"id":11278,"href":"https:\/\/projectes.xtec.cat\/gep\/wp-json\/wp\/v2\/posts\/11276\/revisions\/11278"}],"wp:featuredmedia":[{"embeddable":true,"href":"https:\/\/projectes.xtec.cat\/gep\/wp-json\/wp\/v2\/media\/11277"}],"wp:attachment":[{"href":"https:\/\/projectes.xtec.cat\/gep\/wp-json\/wp\/v2\/media?parent=11276"}],"wp:term":[{"taxonomy":"category","embeddable":true,"href":"https:\/\/projectes.xtec.cat\/gep\/wp-json\/wp\/v2\/categories?post=11276"},{"taxonomy":"post_tag","embeddable":true,"href":"https:\/\/projectes.xtec.cat\/gep\/wp-json\/wp\/v2\/tags?post=11276"}],"curies":[{"name":"wp","href":"https:\/\/api.w.org\/{rel}","templated":true}]}}