{"id":11472,"date":"2023-11-29T14:54:02","date_gmt":"2023-11-29T13:54:02","guid":{"rendered":"https:\/\/projectes.xtec.cat\/gep\/?p=11472"},"modified":"2023-12-14T12:28:01","modified_gmt":"2023-12-14T11:28:01","slug":"%f0%9f%94%94-iv-cicle-de-webinars-nous-horitzons-en-lensenyament-i-laprenentatge-de-les-llengues-inscripcions-obertes-2024","status":"publish","type":"post","link":"https:\/\/projectes.xtec.cat\/gep\/portada\/%f0%9f%94%94-iv-cicle-de-webinars-nous-horitzons-en-lensenyament-i-laprenentatge-de-les-llengues-inscripcions-obertes-2024\/","title":{"rendered":"\ud83d\udd14 IV Cicle de webinars &#8220;Nous Horitzons en l&#8217;ensenyament i l&#8217;aprenentatge de les lleng\u00fces&#8221;: Inscripcions obertes 2024!"},"content":{"rendered":"<p>Ja us podeu inscriure al <strong>IV cicle de webinars \u201cNous horitzons en l\u2019ensenyament i aprenentatge de les lleng\u00fces\u201d<\/strong>. El cicle consta d&#8217;un total de 10 webinars a c\u00e0rrec de diversos ponents i sobre tem\u00e0tiques d&#8217;actualitat en relaci\u00f3 a l&#8217;ensenyament i l&#8217;aprenentatge de les lleng\u00fces. Tots els webinars s\u00f3n en dilluns de les 18:00h a les 19:30h.<\/p>\n<p><a href=\"https:\/\/projectes.xtec.cat\/gep\/wp-content\/uploads\/usu682\/2023\/11\/Nous-Horitzons-2024-vertical.jpg\"><img loading=\"lazy\" decoding=\"async\" class=\"alignnone size-large wp-image-11483\" src=\"https:\/\/projectes.xtec.cat\/gep\/wp-content\/uploads\/usu682\/2023\/11\/Nous-Horitzons-2024-vertical-855x1024.jpg\" alt=\"\" width=\"855\" height=\"1024\" srcset=\"https:\/\/projectes.xtec.cat\/gep\/wp-content\/uploads\/usu682\/2023\/11\/Nous-Horitzons-2024-vertical-855x1024.jpg 855w, https:\/\/projectes.xtec.cat\/gep\/wp-content\/uploads\/usu682\/2023\/11\/Nous-Horitzons-2024-vertical-250x300.jpg 250w, https:\/\/projectes.xtec.cat\/gep\/wp-content\/uploads\/usu682\/2023\/11\/Nous-Horitzons-2024-vertical-768x920.jpg 768w, https:\/\/projectes.xtec.cat\/gep\/wp-content\/uploads\/usu682\/2023\/11\/Nous-Horitzons-2024-vertical-1282x1536.jpg 1282w, https:\/\/projectes.xtec.cat\/gep\/wp-content\/uploads\/usu682\/2023\/11\/Nous-Horitzons-2024-vertical-1710x2048.jpg 1710w, https:\/\/projectes.xtec.cat\/gep\/wp-content\/uploads\/usu682\/2023\/11\/Nous-Horitzons-2024-vertical.jpg 1920w\" sizes=\"auto, (max-width: 855px) 100vw, 855px\" \/><\/a><\/p>\n<p>&nbsp;<\/p>\n<p>Cliqueu la icona per inscriure-us\u00a0 \u00a0<a href=\"https:\/\/aplicacions.gestioeducativa.gencat.cat\/pls\/soloas\/pk_for_mod_ins.p_for_detall_activitat?p_header=Llista%20d%27activitats^pk_for_mod_ins.p_for_cons_activitats?%26p_inici=1%26p_excloure_crp_rec=T&amp;p_codi=9003140542&amp;p_curs=2023-2024\"><img loading=\"lazy\" decoding=\"async\" class=\"alignnone size-full wp-image-11227\" src=\"https:\/\/projectes.xtec.cat\/gep\/wp-content\/uploads\/usu682\/2023\/05\/Formacio-destiu-SLEO-23-Descripcio-Cartell.png\" alt=\"\" width=\"54\" height=\"48\" \/><\/a><\/p>\n<p><strong>Inscripcions obertes fins al 8 de gener de 2024 incl\u00f2s.<\/strong><\/p>\n<p>&nbsp;<\/p>\n<p>Seguiu-nos a\u00a0<a href=\"https:\/\/projectes.xtec.cat\/gep\/wp-content\/uploads\/usu682\/2022\/11\/NODES_icona.png\"><img loading=\"lazy\" decoding=\"async\" class=\"alignnone wp-image-10702\" src=\"https:\/\/projectes.xtec.cat\/gep\/wp-content\/uploads\/usu682\/2022\/11\/NODES_icona.png\" sizes=\"auto, (max-width: 28px) 100vw, 28px\" srcset=\"https:\/\/projectes.xtec.cat\/gep\/wp-content\/uploads\/usu682\/2022\/11\/NODES_icona.png 225w, https:\/\/projectes.xtec.cat\/gep\/wp-content\/uploads\/usu682\/2022\/11\/NODES_icona-150x150.png 150w\" alt=\"\" width=\"28\" height=\"28\" \/><\/a>\u00a0<em>NODES Generaci\u00f3 Pluriling\u00fce<\/em>. Subscriviu-vos al butllet\u00ed de la portada i rebreu totes les novetats puntualment!<\/p>\n<p>Seguiu-nos a <img loading=\"lazy\" decoding=\"async\" class=\"alignnone wp-image-11474\" src=\"https:\/\/projectes.xtec.cat\/gep\/wp-content\/uploads\/usu682\/2023\/11\/sl_z_072523_61700_05-1024x1024.jpg\" alt=\"\" width=\"32\" height=\"32\" srcset=\"https:\/\/projectes.xtec.cat\/gep\/wp-content\/uploads\/usu682\/2023\/11\/sl_z_072523_61700_05-1024x1024.jpg 1024w, https:\/\/projectes.xtec.cat\/gep\/wp-content\/uploads\/usu682\/2023\/11\/sl_z_072523_61700_05-300x300.jpg 300w, https:\/\/projectes.xtec.cat\/gep\/wp-content\/uploads\/usu682\/2023\/11\/sl_z_072523_61700_05-150x150.jpg 150w, https:\/\/projectes.xtec.cat\/gep\/wp-content\/uploads\/usu682\/2023\/11\/sl_z_072523_61700_05-768x768.jpg 768w, https:\/\/projectes.xtec.cat\/gep\/wp-content\/uploads\/usu682\/2023\/11\/sl_z_072523_61700_05-1536x1536.jpg 1536w, https:\/\/projectes.xtec.cat\/gep\/wp-content\/uploads\/usu682\/2023\/11\/sl_z_072523_61700_05-2048x2048.jpg 2048w\" sizes=\"auto, (max-width: 32px) 100vw, 32px\" \/> <em><span class=\"\">@InnovacioSLEO i @fle_sleo<\/span><\/em>\u00a0per estar ben informats!<\/p>\n<p>Us hi esperem!<\/p>\n<p>&nbsp;<\/p>\n","protected":false},"excerpt":{"rendered":"<p>Ja us podeu inscriure al IV cicle de webinars \u201cNous horitzons en l\u2019ensenyament i aprenentatge de les lleng\u00fces\u201d. El cicle consta d&#8217;un total de 10 webinars a c\u00e0rrec de diversos ponents i sobre tem\u00e0tiques d&#8217;actualitat en relaci\u00f3 a l&#8217;ensenyament i l&#8217;aprenentatge de les lleng\u00fces. Tots els webinars s\u00f3n en dilluns de les 18:00h a les 19:30h.&hellip;  <a href=\"https:\/\/projectes.xtec.cat\/gep\/portada\/%f0%9f%94%94-iv-cicle-de-webinars-nous-horitzons-en-lensenyament-i-laprenentatge-de-les-llengues-inscripcions-obertes-2024\/\" title=\"Read \ud83d\udd14 IV Cicle de webinars &#8220;Nous Horitzons en l&#8217;ensenyament i l&#8217;aprenentatge de les lleng\u00fces&#8221;: Inscripcions obertes 2024!\">Llegeix m\u00e9s\u00bb<\/a><\/p>\n","protected":false},"author":42,"featured_media":11485,"comment_status":"open","ping_status":"closed","sticky":false,"template":"","format":"standard","meta":{"_bbp_topic_count":0,"_bbp_reply_count":0,"_bbp_total_topic_count":0,"_bbp_total_reply_count":0,"_bbp_voice_count":0,"_bbp_anonymous_reply_count":0,"_bbp_topic_count_hidden":0,"_bbp_reply_count_hidden":0,"_bbp_forum_subforum_count":0,"footnotes":""},"categories":[513,29],"tags":[503],"class_list":["post-11472","post","type-post","status-publish","format-standard","has-post-thumbnail","hentry","category-nous-horitzons","category-portada","tag-webinars"],"post_mailing_queue_ids":[],"_links":{"self":[{"href":"https:\/\/projectes.xtec.cat\/gep\/wp-json\/wp\/v2\/posts\/11472","targetHints":{"allow":["GET"]}}],"collection":[{"href":"https:\/\/projectes.xtec.cat\/gep\/wp-json\/wp\/v2\/posts"}],"about":[{"href":"https:\/\/projectes.xtec.cat\/gep\/wp-json\/wp\/v2\/types\/post"}],"author":[{"embeddable":true,"href":"https:\/\/projectes.xtec.cat\/gep\/wp-json\/wp\/v2\/users\/42"}],"replies":[{"embeddable":true,"href":"https:\/\/projectes.xtec.cat\/gep\/wp-json\/wp\/v2\/comments?post=11472"}],"version-history":[{"count":6,"href":"https:\/\/projectes.xtec.cat\/gep\/wp-json\/wp\/v2\/posts\/11472\/revisions"}],"predecessor-version":[{"id":11505,"href":"https:\/\/projectes.xtec.cat\/gep\/wp-json\/wp\/v2\/posts\/11472\/revisions\/11505"}],"wp:featuredmedia":[{"embeddable":true,"href":"https:\/\/projectes.xtec.cat\/gep\/wp-json\/wp\/v2\/media\/11485"}],"wp:attachment":[{"href":"https:\/\/projectes.xtec.cat\/gep\/wp-json\/wp\/v2\/media?parent=11472"}],"wp:term":[{"taxonomy":"category","embeddable":true,"href":"https:\/\/projectes.xtec.cat\/gep\/wp-json\/wp\/v2\/categories?post=11472"},{"taxonomy":"post_tag","embeddable":true,"href":"https:\/\/projectes.xtec.cat\/gep\/wp-json\/wp\/v2\/tags?post=11472"}],"curies":[{"name":"wp","href":"https:\/\/api.w.org\/{rel}","templated":true}]}}