{"id":11520,"date":"2024-01-29T15:38:00","date_gmt":"2024-01-29T14:38:00","guid":{"rendered":"https:\/\/projectes.xtec.cat\/gep\/?p=11520"},"modified":"2024-06-07T12:16:15","modified_gmt":"2024-06-07T10:16:15","slug":"iv-cicle-de-webinars-nous-horitzons-en-lensenyament-i-laprenentatge-de-les-llengues-2023-2024","status":"publish","type":"post","link":"https:\/\/projectes.xtec.cat\/gep\/enregistraments-webinars\/iv-cicle-de-webinars-nous-horitzons-en-lensenyament-i-laprenentatge-de-les-llengues-2023-2024\/","title":{"rendered":"IV Cicle de webinars &#8220;Nous Horitzons en l&#8217;ensenyament i l&#8217;aprenentatge de les lleng\u00fces&#8221; 2023-2024"},"content":{"rendered":"<h3><\/h3>\n<table style=\"height: 476px; width: 50.0804%; border-color: #d47633; border-style: double;\">\n<tbody>\n<tr style=\"height: 463px;\">\n<td style=\"width: 100%; height: 463px;\">\n<h3><strong>Webinar 10<\/strong><\/h3>\n<h5><b><i>The teacher as a storyteller<\/i><\/b><\/h5>\n<h5><span style=\"font-weight: 400;\">A c\u00e0rrec de: Jamie Keddie (LessonStream)<\/span><\/h5>\n<h3><strong><iframe loading=\"lazy\" src=\"https:\/\/www.youtube.com\/embed\/Lx0yk3mu6KQ?si=AlZDu129OcWZeMO7\" width=\"560\" height=\"315\" frameborder=\"0\" data-mce-fragment=\"1\"><span data-mce-type=\"bookmark\" style=\"display: inline-block; width: 0px; overflow: hidden; line-height: 0;\" class=\"mce_SELRES_start\">\ufeff<\/span><span data-mce-type=\"bookmark\" style=\"display: inline-block; width: 0px; overflow: hidden; line-height: 0;\" class=\"mce_SELRES_start\">\ufeff<\/span><span data-mce-type=\"bookmark\" style=\"display: inline-block; width: 0px; overflow: hidden; line-height: 0;\" class=\"mce_SELRES_start\">\ufeff<\/span><span data-mce-type=\"bookmark\" style=\"display: inline-block; width: 0px; overflow: hidden; line-height: 0;\" class=\"mce_SELRES_start\">\ufeff<\/span><\/iframe> <\/strong><\/h3>\n<\/td>\n<\/tr>\n<tr style=\"background-color: #d49e33;\">\n<td style=\"width: 100%; height: 33px;\"><\/td>\n<\/tr>\n<tr style=\"height: 463px;\">\n<td style=\"width: 100%; height: 463px;\">\n<h3><strong>Webinar 9<\/strong><\/h3>\n<h5><b><i>Disseny d\u2019activitats per a l\u2019aprenentatge de lleng\u00fces estrangeres en entorns h\u00edbrids i en l\u00ednia<\/i><\/b><\/h5>\n<h5><span style=\"font-weight: 400;\">A c\u00e0rrec de: Dra. Lourdes Gu\u00e0rdia i Dra. Christine Appel (Universitat Oberta de Catalunya)<\/span><\/h5>\n<h3><strong><iframe loading=\"lazy\" src=\"https:\/\/www.youtube.com\/embed\/zfUCSuqdITo?si=nLRvl0SEGQ9X3Olb\" width=\"560\" height=\"315\" frameborder=\"0\" data-mce-fragment=\"1\"><span data-mce-type=\"bookmark\" style=\"display: inline-block; width: 0px; overflow: hidden; line-height: 0;\" class=\"mce_SELRES_start\">\ufeff<\/span><span data-mce-type=\"bookmark\" style=\"display: inline-block; width: 0px; overflow: hidden; line-height: 0;\" class=\"mce_SELRES_start\">\ufeff<\/span><span data-mce-type=\"bookmark\" style=\"display: inline-block; width: 0px; overflow: hidden; line-height: 0;\" class=\"mce_SELRES_start\">\ufeff<\/span><span data-mce-type=\"bookmark\" style=\"display: inline-block; width: 0px; overflow: hidden; line-height: 0;\" class=\"mce_SELRES_start\">\ufeff<\/span><\/iframe> <\/strong><\/h3>\n<\/td>\n<\/tr>\n<tr style=\"background-color: #d49e33;\">\n<td style=\"width: 100%; height: 33px;\"><\/td>\n<\/tr>\n<tr style=\"height: 463px;\">\n<td style=\"width: 100%; height: 463px;\">\n<h3><strong>Webinar 8<\/strong><\/h3>\n<h5><b><i>La inteligencia artificial generativa en el aula de lenguas extranjeras y segundas lenguas: m\u00e1s all\u00e1 de ChatGPT<\/i><\/b><\/h5>\n<h5><span style=\"font-weight: 400;\">A c\u00e0rrec de: Dra. Esperanza Rom\u00e1n Mendoza (George Mason University)<\/span><\/h5>\n<h3><strong><iframe loading=\"lazy\" src=\"https:\/\/www.youtube.com\/embed\/HRiGiulRlG8?si=PvmYu3DRgHyzG6eD\" width=\"560\" height=\"315\" frameborder=\"0\" data-mce-fragment=\"1\"><span data-mce-type=\"bookmark\" style=\"display: inline-block; width: 0px; overflow: hidden; line-height: 0;\" class=\"mce_SELRES_start\">\ufeff<\/span><span data-mce-type=\"bookmark\" style=\"display: inline-block; width: 0px; overflow: hidden; line-height: 0;\" class=\"mce_SELRES_start\">\ufeff<\/span><span data-mce-type=\"bookmark\" style=\"display: inline-block; width: 0px; overflow: hidden; line-height: 0;\" class=\"mce_SELRES_start\">\ufeff<\/span><span data-mce-type=\"bookmark\" style=\"display: inline-block; width: 0px; overflow: hidden; line-height: 0;\" class=\"mce_SELRES_start\">\ufeff<\/span><\/iframe> <\/strong><\/h3>\n<\/td>\n<\/tr>\n<tr style=\"background-color: #d49e33;\">\n<td style=\"width: 100%; height: 33px;\"><\/td>\n<\/tr>\n<tr style=\"height: 463px;\">\n<td style=\"width: 100%; height: 463px;\">\n<h3><strong>Webinar 7<\/strong><\/h3>\n<h5><i>Adapting CLIL for Pre-Primary Education: Exploring the Whys and Hows<\/i><\/h5>\n<h5><span style=\"font-weight: 400;\">A c\u00e0rrec de: Dra. Beatriz Cortina P\u00e9rez (Universidad de Granada)<\/span><\/h5>\n<h3><strong><iframe loading=\"lazy\" src=\"https:\/\/www.youtube.com\/embed\/CGPn3lBG0wU?si=xehPmSiZnyrrW6-a\" width=\"560\" height=\"315\" frameborder=\"0\" data-mce-fragment=\"1\"><span data-mce-type=\"bookmark\" style=\"display: inline-block; width: 0px; overflow: hidden; line-height: 0;\" class=\"mce_SELRES_start\">\ufeff<\/span><span data-mce-type=\"bookmark\" style=\"display: inline-block; width: 0px; overflow: hidden; line-height: 0;\" class=\"mce_SELRES_start\">\ufeff<\/span><\/iframe> <\/strong><\/h3>\n<\/td>\n<\/tr>\n<tr style=\"background-color: #d49e33;\">\n<td style=\"width: 100%; height: 33px;\"><\/td>\n<\/tr>\n<tr style=\"height: 463px;\">\n<td style=\"width: 100%; height: 463px;\">\n<h3><strong>Webinar 6<\/strong><\/h3>\n<h5><i><span style=\"font-weight: 400;\">Els itineraris de lectura, una eina per a lectors literaris<\/span><\/i><\/h5>\n<h5><span style=\"font-weight: 400;\">A c\u00e0rrec de: Dra. Ana Mar\u00eda Margallo Gonz\u00e1lez (UAB)<\/span><\/h5>\n<h3><strong><iframe loading=\"lazy\" src=\"https:\/\/www.youtube.com\/embed\/bhNzT2t-wwQ?si=RCvm9o7buTtVJaq-\" width=\"560\" height=\"315\" frameborder=\"0\" data-mce-fragment=\"1\"><span data-mce-type=\"bookmark\" style=\"display: inline-block; width: 0px; overflow: hidden; line-height: 0;\" class=\"mce_SELRES_start\">\ufeff<\/span><\/iframe> <\/strong><\/h3>\n<\/td>\n<\/tr>\n<tr style=\"background-color: #d49e33;\">\n<td style=\"width: 100%; height: 33px;\"><\/td>\n<\/tr>\n<tr style=\"height: 463px;\">\n<td style=\"width: 100%; height: 463px;\">\n<h3><strong>Webinar 5<\/strong><\/h3>\n<h5><i><span style=\"font-weight: 400;\">Automating task design for foreign language learning<\/span><\/i><\/h5>\n<h5><span style=\"font-weight: 400;\">A c\u00e0rrec de: Dr. Roger Gilabert (UB)<\/span><\/h5>\n<h3><strong><iframe loading=\"lazy\" src=\"https:\/\/www.youtube.com\/embed\/hHav4ZOQo0U?si=R8p673qTj1RwS5Td\" width=\"560\" height=\"315\" frameborder=\"0\" data-mce-fragment=\"1\"><\/iframe> <\/strong><\/h3>\n<\/td>\n<\/tr>\n<tr style=\"background-color: #d49e33;\">\n<td style=\"width: 100%; height: 33px;\"><\/td>\n<\/tr>\n<tr style=\"height: 463px;\">\n<td style=\"width: 100%; height: 463px;\">\n<h3><strong>Webinar 4<\/strong><\/h3>\n<h5><i><span style=\"font-weight: 400;\">Assessing Subjects in Multilingual Contexts: From Theory into Practice<\/span><\/i><\/h5>\n<h5><span style=\"font-weight: 400;\">A c\u00e0rrec de: Dra. Ana Isabel Otto (Universidad Complutense de Mardrid)<\/span><\/h5>\n<h3><strong><iframe loading=\"lazy\" src=\"https:\/\/www.youtube.com\/embed\/rGBqJPlekHs?si=6oM4UbJgaE06yx5e\" width=\"560\" height=\"315\" frameborder=\"0\" data-mce-fragment=\"1\"><\/iframe> <\/strong><\/h3>\n<\/td>\n<\/tr>\n<tr style=\"background-color: #d49e33;\">\n<td style=\"width: 100%; height: 33px;\"><\/td>\n<\/tr>\n<tr style=\"height: 463px;\">\n<td style=\"width: 100%; height: 463px;\">\n<h3><strong>Webinar 3<\/strong><\/h3>\n<h5><i><span style=\"font-weight: 400;\">Learnings from the internationalization of higher education on global competencies and language teaching<\/span><\/i><\/h5>\n<h5><span style=\"font-weight: 400;\">A c\u00e0rrec de: Sra. Marina Casals (URV)<\/span><\/h5>\n<h3><strong><iframe loading=\"lazy\" src=\"https:\/\/www.youtube.com\/embed\/Cjb27HC3bF0?si=5vacplUUONUQI48Y\" width=\"560\" height=\"315\" frameborder=\"0\" data-mce-fragment=\"1\"><\/iframe> <\/strong><\/h3>\n<\/td>\n<\/tr>\n<tr style=\"background-color: #d49e33;\">\n<td style=\"width: 100%; height: 33px;\"><\/td>\n<\/tr>\n<tr style=\"height: 463px;\">\n<td style=\"width: 100%; height: 463px;\">\n<h3><strong>Webinar 2<\/strong><\/h3>\n<h5><i><span style=\"font-weight: 400;\">Melodies and rhythms for learning to read in a foreign language<\/span><\/i><\/h5>\n<h5><span style=\"font-weight: 400;\">A c\u00e0rrec de: Dra. Carmen Fonseca-Mora (Universidad de Huelva)<\/span><\/h5>\n<h3><strong><iframe loading=\"lazy\" src=\"https:\/\/www.youtube.com\/embed\/Gab8SBxKteY?si=a2J1O0K3qu4n0CCp\" width=\"560\" height=\"315\" frameborder=\"0\" data-mce-fragment=\"1\"><span data-mce-type=\"bookmark\" style=\"display: inline-block; width: 0px; overflow: hidden; line-height: 0;\" class=\"mce_SELRES_start\">\ufeff<\/span><\/iframe> <\/strong><\/h3>\n<\/td>\n<\/tr>\n<tr style=\"background-color: #d49e33;\">\n<td style=\"width: 100%; height: 33px;\"><\/td>\n<\/tr>\n<tr style=\"height: 463px;\">\n<td style=\"width: 100%; height: 463px;\">\n<h3><strong>Webinar 1<\/strong><\/h3>\n<h5><i><span style=\"font-weight: 400;\">Reptes i possibilitats per aprendre lleng\u00fces en l\u00ednia<\/span><\/i><\/h5>\n<h5><span style=\"font-weight: 400;\">A c\u00e0rrec de: Dr. Daniel Cassany (UPF)<\/span><\/h5>\n<h3><strong><iframe loading=\"lazy\" src=\"https:\/\/www.youtube.com\/embed\/w7ddk5i8Snc?si=ss-ixgj87iibHjx3\" width=\"560\" height=\"315\" frameborder=\"0\" data-mce-fragment=\"1\"><\/iframe> <\/strong><\/h3>\n<\/td>\n<\/tr>\n<tr style=\"background-color: #d49e33;\">\n<td style=\"width: 100%; height: 33px;\"><\/td>\n<\/tr>\n<\/tbody>\n<\/table>\n","protected":false},"excerpt":{"rendered":"<p>En aquest article trobareu tots els enregistraments dels webinars d&#8217;aquesta edici\u00f3.&hellip;  <a href=\"https:\/\/projectes.xtec.cat\/gep\/enregistraments-webinars\/iv-cicle-de-webinars-nous-horitzons-en-lensenyament-i-laprenentatge-de-les-llengues-2023-2024\/\" title=\"Read IV Cicle de webinars &#8220;Nous Horitzons en l&#8217;ensenyament i l&#8217;aprenentatge de les lleng\u00fces&#8221; 2023-2024\">Llegeix m\u00e9s\u00bb<\/a><\/p>\n","protected":false},"author":42,"featured_media":11485,"comment_status":"open","ping_status":"closed","sticky":false,"template":"","format":"standard","meta":{"_bbp_topic_count":0,"_bbp_reply_count":0,"_bbp_total_topic_count":0,"_bbp_total_reply_count":0,"_bbp_voice_count":0,"_bbp_anonymous_reply_count":0,"_bbp_topic_count_hidden":0,"_bbp_reply_count_hidden":0,"_bbp_forum_subforum_count":0,"footnotes":""},"categories":[544],"tags":[503],"class_list":["post-11520","post","type-post","status-publish","format-standard","has-post-thumbnail","hentry","category-enregistraments-webinars","tag-webinars"],"post_mailing_queue_ids":[],"_links":{"self":[{"href":"https:\/\/projectes.xtec.cat\/gep\/wp-json\/wp\/v2\/posts\/11520","targetHints":{"allow":["GET"]}}],"collection":[{"href":"https:\/\/projectes.xtec.cat\/gep\/wp-json\/wp\/v2\/posts"}],"about":[{"href":"https:\/\/projectes.xtec.cat\/gep\/wp-json\/wp\/v2\/types\/post"}],"author":[{"embeddable":true,"href":"https:\/\/projectes.xtec.cat\/gep\/wp-json\/wp\/v2\/users\/42"}],"replies":[{"embeddable":true,"href":"https:\/\/projectes.xtec.cat\/gep\/wp-json\/wp\/v2\/comments?post=11520"}],"version-history":[{"count":6,"href":"https:\/\/projectes.xtec.cat\/gep\/wp-json\/wp\/v2\/posts\/11520\/revisions"}],"predecessor-version":[{"id":11633,"href":"https:\/\/projectes.xtec.cat\/gep\/wp-json\/wp\/v2\/posts\/11520\/revisions\/11633"}],"wp:featuredmedia":[{"embeddable":true,"href":"https:\/\/projectes.xtec.cat\/gep\/wp-json\/wp\/v2\/media\/11485"}],"wp:attachment":[{"href":"https:\/\/projectes.xtec.cat\/gep\/wp-json\/wp\/v2\/media?parent=11520"}],"wp:term":[{"taxonomy":"category","embeddable":true,"href":"https:\/\/projectes.xtec.cat\/gep\/wp-json\/wp\/v2\/categories?post=11520"},{"taxonomy":"post_tag","embeddable":true,"href":"https:\/\/projectes.xtec.cat\/gep\/wp-json\/wp\/v2\/tags?post=11520"}],"curies":[{"name":"wp","href":"https:\/\/api.w.org\/{rel}","templated":true}]}}