{"id":11665,"date":"2024-10-04T14:20:21","date_gmt":"2024-10-04T12:20:21","guid":{"rendered":"https:\/\/projectes.xtec.cat\/gep\/?p=11665"},"modified":"2025-01-07T12:43:29","modified_gmt":"2025-01-07T11:43:29","slug":"%f0%9f%93%a2-inici-de-la-formacio-td4clilfle","status":"publish","type":"post","link":"https:\/\/projectes.xtec.cat\/gep\/portada\/%f0%9f%93%a2-inici-de-la-formacio-td4clilfle\/","title":{"rendered":"\ud83d\udce2 Inici del programa formatiu TD4CLIL&#038;FLE"},"content":{"rendered":"<p><a href=\"https:\/\/projectes.xtec.cat\/gep\/wp-content\/uploads\/usu682\/2024\/10\/LOGO_TD4CLIFLE.png\"><img loading=\"lazy\" decoding=\"async\" class=\"wp-image-11667 alignleft\" src=\"https:\/\/projectes.xtec.cat\/gep\/wp-content\/uploads\/usu682\/2024\/10\/LOGO_TD4CLIFLE.png\" alt=\"\" width=\"418\" height=\"154\" srcset=\"https:\/\/projectes.xtec.cat\/gep\/wp-content\/uploads\/usu682\/2024\/10\/LOGO_TD4CLIFLE.png 976w, https:\/\/projectes.xtec.cat\/gep\/wp-content\/uploads\/usu682\/2024\/10\/LOGO_TD4CLIFLE-300x111.png 300w, https:\/\/projectes.xtec.cat\/gep\/wp-content\/uploads\/usu682\/2024\/10\/LOGO_TD4CLIFLE-768x283.png 768w\" sizes=\"auto, (max-width: 418px) 100vw, 418px\" \/><\/a>Dem\u00e0, 5 d&#8217;octubre, iniciem el primer dels tres cursos d&#8217;especialitzaci\u00f3 que conformen el programa formatiu &#8220;Teacher Development for CLIL&amp;FLE&#8221;. Aquest programa de la facultat d&#8217;Educaci\u00f3 de la Universitat de Barcelona i promogut pel Departament d&#8217;Educaci\u00f3 i Formaci\u00f3 Professional de la Generalitat de Catalunya t\u00e9 per objectiu formar i empoderar un grup de docents que esdevindran assessors en centres d&#8217;educaci\u00f3 prim\u00e0ria i secund\u00e0ria i els acompanyaran en el seu proc\u00e9s de millora de l&#8217;ensenyament-aprenentatge de l&#8217;angl\u00e8s a l&#8217;educaci\u00f3 b\u00e0sica.<\/p>\n<p>El programa del primer curs posa el focus en la planificaci\u00f3 i l&#8217;avaluaci\u00f3 de l&#8217;aprenentatge de l&#8217;angl\u00e8s en contextos pluriling\u00fces. Donem el tret de sortida amb la participaci\u00f3 de la Dra. Maria Andri\u00e0 (UB i LED), la Dra. Cristina Escobar Urmeneta (LED) i la Sra. Montserrat Montagut (Cap del Servei de Lleng\u00fces Estrangeres i d&#8217;Origen. Departament Educaci\u00f3 i Formaci\u00f3 Professional)<\/p>\n<p>&nbsp;<\/p>\n<p>&nbsp;<\/p>\n<p>&nbsp;<\/p>\n<p>&nbsp;<\/p>\n<p>&nbsp;<\/p>\n","protected":false},"excerpt":{"rendered":"<p>Dem\u00e0, 5 d&#8217;octubre, iniciem el primer dels tres cursos d&#8217;especialitzaci\u00f3 que conformen el programa formatiu &#8220;Teacher Development for CLIL&#038;FLE&#8221;.&hellip;  <a href=\"https:\/\/projectes.xtec.cat\/gep\/portada\/%f0%9f%93%a2-inici-de-la-formacio-td4clilfle\/\" title=\"Read \ud83d\udce2 Inici del programa formatiu TD4CLIL&#038;FLE\">Llegeix m\u00e9s\u00bb<\/a><\/p>\n","protected":false},"author":42,"featured_media":11667,"comment_status":"open","ping_status":"closed","sticky":false,"template":"","format":"standard","meta":{"_bbp_topic_count":0,"_bbp_reply_count":0,"_bbp_total_topic_count":0,"_bbp_total_reply_count":0,"_bbp_voice_count":0,"_bbp_anonymous_reply_count":0,"_bbp_topic_count_hidden":0,"_bbp_reply_count_hidden":0,"_bbp_forum_subforum_count":0,"footnotes":""},"categories":[154,29],"tags":[515],"class_list":["post-11665","post","type-post","status-publish","format-standard","has-post-thumbnail","hentry","category-formacio","category-portada","tag-formacio"],"post_mailing_queue_ids":[],"_links":{"self":[{"href":"https:\/\/projectes.xtec.cat\/gep\/wp-json\/wp\/v2\/posts\/11665","targetHints":{"allow":["GET"]}}],"collection":[{"href":"https:\/\/projectes.xtec.cat\/gep\/wp-json\/wp\/v2\/posts"}],"about":[{"href":"https:\/\/projectes.xtec.cat\/gep\/wp-json\/wp\/v2\/types\/post"}],"author":[{"embeddable":true,"href":"https:\/\/projectes.xtec.cat\/gep\/wp-json\/wp\/v2\/users\/42"}],"replies":[{"embeddable":true,"href":"https:\/\/projectes.xtec.cat\/gep\/wp-json\/wp\/v2\/comments?post=11665"}],"version-history":[{"count":2,"href":"https:\/\/projectes.xtec.cat\/gep\/wp-json\/wp\/v2\/posts\/11665\/revisions"}],"predecessor-version":[{"id":11669,"href":"https:\/\/projectes.xtec.cat\/gep\/wp-json\/wp\/v2\/posts\/11665\/revisions\/11669"}],"wp:featuredmedia":[{"embeddable":true,"href":"https:\/\/projectes.xtec.cat\/gep\/wp-json\/wp\/v2\/media\/11667"}],"wp:attachment":[{"href":"https:\/\/projectes.xtec.cat\/gep\/wp-json\/wp\/v2\/media?parent=11665"}],"wp:term":[{"taxonomy":"category","embeddable":true,"href":"https:\/\/projectes.xtec.cat\/gep\/wp-json\/wp\/v2\/categories?post=11665"},{"taxonomy":"post_tag","embeddable":true,"href":"https:\/\/projectes.xtec.cat\/gep\/wp-json\/wp\/v2\/tags?post=11665"}],"curies":[{"name":"wp","href":"https:\/\/api.w.org\/{rel}","templated":true}]}}