{"id":11699,"date":"2024-11-05T20:26:47","date_gmt":"2024-11-05T19:26:47","guid":{"rendered":"https:\/\/projectes.xtec.cat\/gep\/?p=11699"},"modified":"2025-01-07T12:41:47","modified_gmt":"2025-01-07T11:41:47","slug":"webinar-3-%f0%9f%8f%ab-family-volunteering-in-the-english-and-clil-classroom-by-montse-sabater","status":"publish","type":"post","link":"https:\/\/projectes.xtec.cat\/gep\/portada\/webinar-3-%f0%9f%8f%ab-family-volunteering-in-the-english-and-clil-classroom-by-montse-sabater\/","title":{"rendered":"Webinar #3 \ud83c\udfeb Family volunteering in the English and CLIL classroom by Montse Sabater"},"content":{"rendered":"<p>Dijous <strong>7 de novembre<\/strong> de 2024 a les <strong>18.00 h<\/strong> ens retrobem en el tercer webinar del II Cicle de Webinars \u201cNous Horitzons a l\u2019aula\u201d amb la participaci\u00f3 de la Montse Sabater, docent de l&#8217;<a href=\"https:\/\/agora.xtec.cat\/ceipferreries\/\">ESC Ferreries<\/a>. La Montse Sabater ens compartir\u00e0 l&#8217;experi\u00e8ncia viscuda per l&#8217;alumnat i les fam\u00edlies de l&#8217;escola a l&#8217;aula d&#8217;angl\u00e8s i a l&#8217;aula AICLE on han compartit aprenentatges i viv\u00e8ncies i han transformat l&#8217;espai educatiu en un espai col\u00b7laboratiu, motivador i proper.<\/p>\n<p><a href=\"https:\/\/projectes.xtec.cat\/gep\/wp-content\/uploads\/usu682\/2024\/11\/W3-Nous-Horitzons-a-lAula-2024-25.jpg\"><img loading=\"lazy\" decoding=\"async\" class=\"alignnone size-large wp-image-11700\" src=\"https:\/\/projectes.xtec.cat\/gep\/wp-content\/uploads\/usu682\/2024\/11\/W3-Nous-Horitzons-a-lAula-2024-25-1024x724.jpg\" alt=\"\" width=\"1024\" height=\"724\" srcset=\"https:\/\/projectes.xtec.cat\/gep\/wp-content\/uploads\/usu682\/2024\/11\/W3-Nous-Horitzons-a-lAula-2024-25-1024x724.jpg 1024w, https:\/\/projectes.xtec.cat\/gep\/wp-content\/uploads\/usu682\/2024\/11\/W3-Nous-Horitzons-a-lAula-2024-25-300x212.jpg 300w, https:\/\/projectes.xtec.cat\/gep\/wp-content\/uploads\/usu682\/2024\/11\/W3-Nous-Horitzons-a-lAula-2024-25-768x543.jpg 768w, https:\/\/projectes.xtec.cat\/gep\/wp-content\/uploads\/usu682\/2024\/11\/W3-Nous-Horitzons-a-lAula-2024-25-1536x1086.jpg 1536w, https:\/\/projectes.xtec.cat\/gep\/wp-content\/uploads\/usu682\/2024\/11\/W3-Nous-Horitzons-a-lAula-2024-25-2048x1448.jpg 2048w\" sizes=\"auto, (max-width: 1024px) 100vw, 1024px\" \/><\/a><\/p>\n<p>Si no heu rebut el correu del Servei de Lleng\u00fces Estrangeres amb l\u2019enlla\u00e7 per a la sessi\u00f3, si us plau, contacteu amb nosaltres a l\u2019adre\u00e7a\u00a0<a href=\"mailto:formacio.sle@xtec.cat\">formacio.sle@xtec.cat<\/a>.<\/p>\n<p>Subscriviu-vos a la\u00a0<strong>portada del NODES GEP<\/strong>\u00a0i seguiu-nos a\u00a0<strong>Twitter\u00a0<\/strong><a href=\"https:\/\/twitter.com\/InnovacioSLEO\">@innovacioSLEO<\/a>\u00a0i\u00a0<a href=\"https:\/\/twitter.com\/fle_sleo\">@fle_sleo<\/a>\u00a0per estar al dia de les \u00faltimes novetats!<\/p>\n<h6>Us hi esperem!<\/h6>\n<p>&nbsp;<\/p>\n","protected":false},"excerpt":{"rendered":"<p>Dijous 7 de novembre de 2024 a les 18.00 h ens retrobem en el tercer webinar del II Cicle de Webinars \u201cNous Horitzons a l\u2019aula\u201d amb la participaci\u00f3 de la Montse Sabater, docent de l&#8217;ESC Ferreries. La Montse Sabater ens compartir\u00e0 l&#8217;experi\u00e8ncia viscuda per l&#8217;alumnat i les fam\u00edlies de l&#8217;escola a l&#8217;aula d&#8217;angl\u00e8s i a l&#8217;aula AICLE on han compartit aprenentatges i viv\u00e8ncies i han transformat l&#8217;espai educatiu en un espai col\u00b7laboratiu, motivador i proper.&hellip;  <a href=\"https:\/\/projectes.xtec.cat\/gep\/portada\/webinar-3-%f0%9f%8f%ab-family-volunteering-in-the-english-and-clil-classroom-by-montse-sabater\/\" title=\"Read Webinar #3 \ud83c\udfeb Family volunteering in the English and CLIL classroom by Montse Sabater\">Llegeix m\u00e9s\u00bb<\/a><\/p>\n","protected":false},"author":42,"featured_media":11700,"comment_status":"open","ping_status":"closed","sticky":false,"template":"","format":"standard","meta":{"_bbp_topic_count":0,"_bbp_reply_count":0,"_bbp_total_topic_count":0,"_bbp_total_reply_count":0,"_bbp_voice_count":0,"_bbp_anonymous_reply_count":0,"_bbp_topic_count_hidden":0,"_bbp_reply_count_hidden":0,"_bbp_forum_subforum_count":0,"footnotes":""},"categories":[545,29],"tags":[503],"class_list":["post-11699","post","type-post","status-publish","format-standard","has-post-thumbnail","hentry","category-nous-horitzons-a-laula","category-portada","tag-webinars"],"post_mailing_queue_ids":[],"_links":{"self":[{"href":"https:\/\/projectes.xtec.cat\/gep\/wp-json\/wp\/v2\/posts\/11699","targetHints":{"allow":["GET"]}}],"collection":[{"href":"https:\/\/projectes.xtec.cat\/gep\/wp-json\/wp\/v2\/posts"}],"about":[{"href":"https:\/\/projectes.xtec.cat\/gep\/wp-json\/wp\/v2\/types\/post"}],"author":[{"embeddable":true,"href":"https:\/\/projectes.xtec.cat\/gep\/wp-json\/wp\/v2\/users\/42"}],"replies":[{"embeddable":true,"href":"https:\/\/projectes.xtec.cat\/gep\/wp-json\/wp\/v2\/comments?post=11699"}],"version-history":[{"count":1,"href":"https:\/\/projectes.xtec.cat\/gep\/wp-json\/wp\/v2\/posts\/11699\/revisions"}],"predecessor-version":[{"id":11701,"href":"https:\/\/projectes.xtec.cat\/gep\/wp-json\/wp\/v2\/posts\/11699\/revisions\/11701"}],"wp:featuredmedia":[{"embeddable":true,"href":"https:\/\/projectes.xtec.cat\/gep\/wp-json\/wp\/v2\/media\/11700"}],"wp:attachment":[{"href":"https:\/\/projectes.xtec.cat\/gep\/wp-json\/wp\/v2\/media?parent=11699"}],"wp:term":[{"taxonomy":"category","embeddable":true,"href":"https:\/\/projectes.xtec.cat\/gep\/wp-json\/wp\/v2\/categories?post=11699"},{"taxonomy":"post_tag","embeddable":true,"href":"https:\/\/projectes.xtec.cat\/gep\/wp-json\/wp\/v2\/tags?post=11699"}],"curies":[{"name":"wp","href":"https:\/\/api.w.org\/{rel}","templated":true}]}}