{"id":8334,"date":"2019-10-03T14:57:58","date_gmt":"2019-10-03T12:57:58","guid":{"rendered":"https:\/\/projectes.xtec.cat\/gep\/?p=8334"},"modified":"2022-11-28T14:25:23","modified_gmt":"2022-11-28T13:25:23","slug":"jornada-gep-1-26-de-setembre","status":"publish","type":"post","link":"https:\/\/projectes.xtec.cat\/gep\/gep1\/jornada-gep-1-26-de-setembre\/","title":{"rendered":"Trodaba Pedag\u00f2gica GEP 2019"},"content":{"rendered":"<p>El passat <strong>26 de setembre<\/strong> vam realitzar amb molt d&#8217;\u00e8xit la <strong>Jornada GEP de primer any<\/strong>. Tots els centres de primer any van poder gaudir d&#8217;un mat\u00ed de confer\u00e8ncies on vam poder obtenir m\u00e9s informaci\u00f3 del programa GEP, enfocament CLIL i treball per projectes.<\/p>\n\r\n\t<div class=\"slideshow_container slideshow_container_style-light\" style=\"height: 300px; \" data-slideshow-id=\"8326\" data-style-name=\"style-light\" data-style-version=\"2.3.1\" >\r\n\r\n\t\t\t\t\t<div class=\"slideshow_loading_icon\"><\/div>\r\n\t\t\r\n\t\t<div class=\"slideshow_content\" style=\"display: none;\">\r\n\r\n\t\t\t<div class=\"slideshow_view\">\r\n\t\t\t\t<div class=\"slideshow_slide slideshow_slide_image\">\r\n\t\t\t\t\t\t\t\t\t\t\t<img src=\"https:\/\/projectes.xtec.cat\/gep\/wp-content\/uploads\/usu682\/2019\/10\/IMG_20190927_105551-e1666380666448.jpg\" alt=\"IMG_20190927_105551\" width=\"356\" height=\"200\" \/>\r\n\t\t\t\t\t\t\t\t\t\t<div class=\"slideshow_description_box slideshow_transparent\">\r\n\t\t\t\t\t\t<div class=\"slideshow_title\">IMG_20190927_105551<\/div>\t\t\t\t\t\t\t\t\t\t\t<\/div>\r\n\t\t\t\t<\/div>\r\n\r\n\t\t\t\t\t\t<div style=\"clear: both;\"><\/div><\/div><div class=\"slideshow_view\">\r\n\t\t\t\t<div class=\"slideshow_slide slideshow_slide_image\">\r\n\t\t\t\t\t\t\t\t\t\t\t<img src=\"https:\/\/projectes.xtec.cat\/gep\/wp-content\/uploads\/usu682\/2019\/10\/IMG-20190927-WA0002.jpg\" alt=\"IMG-20190927-WA0002\" width=\"1328\" height=\"747\" \/>\r\n\t\t\t\t\t\t\t\t\t\t<div class=\"slideshow_description_box slideshow_transparent\">\r\n\t\t\t\t\t\t<div class=\"slideshow_title\">IMG-20190927-WA0002<\/div>\t\t\t\t\t\t\t\t\t\t\t<\/div>\r\n\t\t\t\t<\/div>\r\n\r\n\t\t\t\t\t\t<div style=\"clear: both;\"><\/div><\/div><div class=\"slideshow_view\">\r\n\t\t\t\t<div class=\"slideshow_slide slideshow_slide_image\">\r\n\t\t\t\t\t\t\t\t\t\t\t<img src=\"https:\/\/projectes.xtec.cat\/gep\/wp-content\/uploads\/usu682\/2019\/10\/image.png\" alt=\"image\" width=\"800\" height=\"437\" \/>\r\n\t\t\t\t\t\t\t\t\t\t<div class=\"slideshow_description_box slideshow_transparent\">\r\n\t\t\t\t\t\t<div class=\"slideshow_title\">image<\/div>\t\t\t\t\t\t\t\t\t\t\t<\/div>\r\n\t\t\t\t<\/div>\r\n\r\n\t\t\t\t\t\t<div style=\"clear: both;\"><\/div><\/div>\r\n\t\t<\/div>\r\n\r\n\t\t<div class=\"slideshow_controlPanel slideshow_transparent\" style=\"display: none;\"><ul><li class=\"slideshow_togglePlay\" data-play-text=\"Visualitza\" data-pause-text=\"Pausa\"><\/li><\/ul><\/div>\r\n\r\n\t\t<div class=\"slideshow_button slideshow_previous slideshow_transparent\" role=\"button\" data-previous-text=\"Anterior\" style=\"display: none;\"><\/div>\r\n\t\t<div class=\"slideshow_button slideshow_next slideshow_transparent\" role=\"button\" data-next-text=\"Seg\u00fcent\" style=\"display: none;\"><\/div>\r\n\r\n\t\t<div class=\"slideshow_pagination\" style=\"display: none;\" data-go-to-text=\"V\u00e9s a la diapositiva\"><div class=\"slideshow_pagination_center\"><\/div><\/div>\r\n\r\n\t\t<!-- WordPress Slideshow Version 2.3.1 -->\r\n\r\n\t\t\t<\/div>\r\n\r\n\n<p>La <strong>Dra. Cristina Escobar<\/strong> directora del M\u00e0ster CLIL de la UAB, ens parlar del <strong>CLIL com un repte a l&#8217;aula<\/strong>! Si vols tornar a veure la seva presentaci\u00f3 sense perdre cap detall pots tornar-la a visualitzar clicant: <a href=\"https:\/\/drive.google.com\/open?id=1AoGQdWIhZoduemlPTQJ7xFqvwpYMQydZ\"><img loading=\"lazy\" decoding=\"async\" class=\"alignnone wp-image-8417\" src=\"https:\/\/projectes.xtec.cat\/gep\/wp-content\/uploads\/usu682\/2019\/10\/10999623141543984324-128.png\" alt=\"\" width=\"35\" height=\"35\" \/> \u00a0 <\/a><\/p>\n<p><span style=\"font-family: inherit; font-size: 1em;\">A m\u00e9s a m\u00e9s, vam poder escoltar les <strong>experi\u00e8ncies de centres GEP<\/strong> de diferents anys. I agra\u00efm la participaci\u00f3 dels seg\u00fcents centres: Institut Pla de les Moreres (Vilanova del Cam\u00ed), Escola Villa-rom\u00e0 (Palam\u00f2s) i el Institut Rafael Campalans (Angl\u00e8s).<\/span><\/p>\n<p>Si voleu tornar escoltar les viv\u00e8ncies d&#8217;aquests centres nom\u00e9s cal que cliqueu sobre el centre que m\u00e9s us interessi:<\/p>\n<p><strong>Experi\u00e8ncia GEP <\/strong><strong>1:\u00a0 Institut Pla de les Moreres de Vilanova del Cam\u00ed\u00a0 \u00a0<\/strong><\/p>\n<p><a href=\"https:\/\/drive.google.com\/open?id=1lzCPVlHEarLWDrUabUHu7aD9svNJQeSi\"><img loading=\"lazy\" decoding=\"async\" class=\"alignleft\" src=\"https:\/\/i1.wp.com\/institutpladelesmoreres.cat\/wp-content\/uploads\/2018\/11\/cropped-logopetit-3.png?fit=512%2C512&amp;ssl=1\" alt=\"Resultado de imagen de institut pla de les moreres\" width=\"81\" height=\"81\" \/><\/a><\/p>\n<p>&nbsp;<\/p>\n<p>&nbsp;<\/p>\n<p>&nbsp;<\/p>\n<p style=\"text-align: left;\"><strong style=\"font-family: inherit; font-size: 1em;\">Experi\u00e8ncia GEP 2<\/strong><strong style=\"font-family: inherit; font-size: 1em;\">:\u00a0 Escola Vila-rom\u00e0 de Palam\u00f2s<\/strong><\/p>\n<p style=\"text-align: left;\"><strong style=\"font-family: inherit; font-size: 1em;\"><a href=\"https:\/\/drive.google.com\/open?id=1XEE2hxPtmJ-B097M77H-bhXgj4GONOUs\"><img loading=\"lazy\" decoding=\"async\" class=\"\" src=\"http:\/\/agora.xtec.cat\/ceipvila-roma\/wp-content\/uploads\/usu826\/2017\/02\/anagrama-3.jpg\" alt=\"Resultado de imagen de escola vila roma palamos\" width=\"81\" height=\"98\" \/><\/a>\u00a0<\/strong><\/p>\n<p style=\"text-align: left;\"><strong style=\"font-family: inherit; font-size: 1em;\">Experi\u00e8ncia GEP 3<\/strong><strong style=\"font-family: inherit; font-size: 1em;\">:\u00a0 Institut Rafael Campalans d&#8217;Angl\u00e8s<\/strong><\/p>\n<p><a href=\"https:\/\/drive.google.com\/open?id=1PQtxXhahj53twkLsASNXlTZaWbajJ7zR\"><img loading=\"lazy\" decoding=\"async\" class=\"alignleft\" src=\"https:\/\/agora.xtec.cat\/iesrafaelcampalans\/wp-content\/uploads\/usu1643\/2017\/09\/logo_ribet_trans.png\" alt=\"Resultado de imagen de institut rafael campalans angles\" width=\"99\" height=\"72\" \/><\/a><\/p>\n<p>&nbsp;<\/p>\n<p>&nbsp;<\/p>\n<p>&nbsp;<\/p>\n<p>I finalment&#8230;. Us desitgem un bon inici de projecte!<\/p>\n<p>&nbsp;<\/p>\n","protected":false},"excerpt":{"rendered":"<p>El passat 26 de setembre vam realitzar amb molt d&#8217;\u00e8xit la Jornada GEP de primer any.&hellip;  <a href=\"https:\/\/projectes.xtec.cat\/gep\/gep1\/jornada-gep-1-26-de-setembre\/\" title=\"Read Trodaba Pedag\u00f2gica GEP 2019\">Llegeix m\u00e9s\u00bb<\/a><\/p>\n","protected":false},"author":5,"featured_media":8327,"comment_status":"closed","ping_status":"closed","sticky":false,"template":"","format":"standard","meta":{"_bbp_topic_count":0,"_bbp_reply_count":0,"_bbp_total_topic_count":0,"_bbp_total_reply_count":0,"_bbp_voice_count":0,"_bbp_anonymous_reply_count":0,"_bbp_topic_count_hidden":0,"_bbp_reply_count_hidden":0,"_bbp_forum_subforum_count":0,"footnotes":""},"categories":[286,508],"tags":[288],"class_list":["post-8334","post","type-post","status-publish","format-standard","has-post-thumbnail","hentry","category-gep1","category-jornades-gep","tag-gep"],"post_mailing_queue_ids":[],"_links":{"self":[{"href":"https:\/\/projectes.xtec.cat\/gep\/wp-json\/wp\/v2\/posts\/8334","targetHints":{"allow":["GET"]}}],"collection":[{"href":"https:\/\/projectes.xtec.cat\/gep\/wp-json\/wp\/v2\/posts"}],"about":[{"href":"https:\/\/projectes.xtec.cat\/gep\/wp-json\/wp\/v2\/types\/post"}],"author":[{"embeddable":true,"href":"https:\/\/projectes.xtec.cat\/gep\/wp-json\/wp\/v2\/users\/5"}],"replies":[{"embeddable":true,"href":"https:\/\/projectes.xtec.cat\/gep\/wp-json\/wp\/v2\/comments?post=8334"}],"version-history":[{"count":4,"href":"https:\/\/projectes.xtec.cat\/gep\/wp-json\/wp\/v2\/posts\/8334\/revisions"}],"predecessor-version":[{"id":10516,"href":"https:\/\/projectes.xtec.cat\/gep\/wp-json\/wp\/v2\/posts\/8334\/revisions\/10516"}],"wp:featuredmedia":[{"embeddable":true,"href":"https:\/\/projectes.xtec.cat\/gep\/wp-json\/wp\/v2\/media\/8327"}],"wp:attachment":[{"href":"https:\/\/projectes.xtec.cat\/gep\/wp-json\/wp\/v2\/media?parent=8334"}],"wp:term":[{"taxonomy":"category","embeddable":true,"href":"https:\/\/projectes.xtec.cat\/gep\/wp-json\/wp\/v2\/categories?post=8334"},{"taxonomy":"post_tag","embeddable":true,"href":"https:\/\/projectes.xtec.cat\/gep\/wp-json\/wp\/v2\/tags?post=8334"}],"curies":[{"name":"wp","href":"https:\/\/api.w.org\/{rel}","templated":true}]}}