{"id":8523,"date":"2020-01-09T08:51:40","date_gmt":"2020-01-09T07:51:40","guid":{"rendered":"https:\/\/projectes.xtec.cat\/gep\/?p=8523"},"modified":"2020-01-09T08:51:40","modified_gmt":"2020-01-09T07:51:40","slug":"on-neix-el-clil","status":"publish","type":"post","link":"https:\/\/projectes.xtec.cat\/gep\/gep1\/clil\/on-neix-el-clil\/","title":{"rendered":"On neix el CLIL?"},"content":{"rendered":"<p>L\u2019enfocament <strong>CLIL <\/strong>va n\u00e9ixer cap al principis de 1990 a Europa. Un dels autors capdavanters d\u2019aquest enfocament \u00e9s en <strong>David Marsh<\/strong>. T\u00e9 especialment inter\u00e8s en l\u2019imapcte de les lleng\u00fces en la ment i el cervell i l\u2019educaci\u00f3 biling\u00fce.<\/p>\n<p>Us deixem una entrevista per reflexionar sobre les preguntes que proposa.<\/p>\n<p><iframe loading=\"lazy\" src=\"\/\/www.youtube.com\/embed\/-Czdg8-6mJA\" width=\"560\" height=\"315\" frameborder=\"0\" allowfullscreen=\"allowfullscreen\" data-mce-fragment=\"1\"><\/iframe><\/p>\n","protected":false},"excerpt":{"rendered":"<p>L\u2019enfocament CLIL va n\u00e9ixer cap al principis de 1990 a Europa. Un dels autors capdavanters d\u2019aquest enfocament \u00e9s en David Marsh. T\u00e9 especialment inter\u00e8s en l\u2019imapcte de les lleng\u00fces en la ment i el cervell i l\u2019educaci\u00f3 biling\u00fce.<br \/>\nUs deixem una entrevista per reflexionar sobre les&hellip;  <a href=\"https:\/\/projectes.xtec.cat\/gep\/gep1\/clil\/on-neix-el-clil\/\" title=\"Read On neix el CLIL?\">Llegeix m\u00e9s\u00bb<\/a><\/p>\n","protected":false},"author":5,"featured_media":8569,"comment_status":"open","ping_status":"closed","sticky":false,"template":"","format":"standard","meta":{"_bbp_topic_count":0,"_bbp_reply_count":0,"_bbp_total_topic_count":0,"_bbp_total_reply_count":0,"_bbp_voice_count":0,"_bbp_anonymous_reply_count":0,"_bbp_topic_count_hidden":0,"_bbp_reply_count_hidden":0,"_bbp_forum_subforum_count":0,"footnotes":""},"categories":[289],"tags":[],"class_list":["post-8523","post","type-post","status-publish","format-standard","has-post-thumbnail","hentry","category-clil"],"post_mailing_queue_ids":[],"_links":{"self":[{"href":"https:\/\/projectes.xtec.cat\/gep\/wp-json\/wp\/v2\/posts\/8523","targetHints":{"allow":["GET"]}}],"collection":[{"href":"https:\/\/projectes.xtec.cat\/gep\/wp-json\/wp\/v2\/posts"}],"about":[{"href":"https:\/\/projectes.xtec.cat\/gep\/wp-json\/wp\/v2\/types\/post"}],"author":[{"embeddable":true,"href":"https:\/\/projectes.xtec.cat\/gep\/wp-json\/wp\/v2\/users\/5"}],"replies":[{"embeddable":true,"href":"https:\/\/projectes.xtec.cat\/gep\/wp-json\/wp\/v2\/comments?post=8523"}],"version-history":[{"count":1,"href":"https:\/\/projectes.xtec.cat\/gep\/wp-json\/wp\/v2\/posts\/8523\/revisions"}],"predecessor-version":[{"id":8524,"href":"https:\/\/projectes.xtec.cat\/gep\/wp-json\/wp\/v2\/posts\/8523\/revisions\/8524"}],"wp:featuredmedia":[{"embeddable":true,"href":"https:\/\/projectes.xtec.cat\/gep\/wp-json\/wp\/v2\/media\/8569"}],"wp:attachment":[{"href":"https:\/\/projectes.xtec.cat\/gep\/wp-json\/wp\/v2\/media?parent=8523"}],"wp:term":[{"taxonomy":"category","embeddable":true,"href":"https:\/\/projectes.xtec.cat\/gep\/wp-json\/wp\/v2\/categories?post=8523"},{"taxonomy":"post_tag","embeddable":true,"href":"https:\/\/projectes.xtec.cat\/gep\/wp-json\/wp\/v2\/tags?post=8523"}],"curies":[{"name":"wp","href":"https:\/\/api.w.org\/{rel}","templated":true}]}}