{"id":9782,"date":"2021-02-09T16:21:54","date_gmt":"2021-02-09T15:21:54","guid":{"rendered":"https:\/\/projectes.xtec.cat\/gep\/?p=9782"},"modified":"2023-11-07T13:12:25","modified_gmt":"2023-11-07T12:12:25","slug":"nous-horitzons-en-lensenyament-i-laprenentatge-de-les-llengues","status":"publish","type":"post","link":"https:\/\/projectes.xtec.cat\/gep\/general\/nous-horitzons-en-lensenyament-i-laprenentatge-de-les-llengues\/","title":{"rendered":"Nous horitzons en l&#8217;ensenyament i l&#8217;aprenentatge de les lleng\u00fces II i I"},"content":{"rendered":"<h3><strong>II Cicle de webinars<\/strong><\/h3>\n<p>&nbsp;<\/p>\n<table style=\"height: 4812px; border-color: #0dbab7; border-style: double; width: 52.4072%;\">\n<tbody>\n<tr style=\"height: 172px;\">\n<td style=\"width: 100%; height: 172px;\">\n<h3><strong>Webinar 10<\/strong><\/h3>\n<h5><i><span style=\"font-weight: 400;\">Tratamiento integrado de lenguas: la experiencia de las Ikastolas<\/span><\/i><\/h5>\n<h5>A c\u00e0rrec de: Inma Mu\u00f1oa<\/h5>\n<h3><strong><iframe loading=\"lazy\" title=\"YouTube video player\" src=\"https:\/\/www.youtube.com\/embed\/3LWWfM1QMmg\" width=\"560\" height=\"315\" frameborder=\"0\" allowfullscreen=\"allowfullscreen\"><\/iframe>\u00a0<\/strong><\/h3>\n<\/td>\n<\/tr>\n<tr style=\"background-color: #0dbab7;\">\n<td style=\"width: 100%; height: 33px;\"><\/td>\n<\/tr>\n<tr style=\"height: 497px;\">\n<td style=\"width: 100%; height: 497px;\">\n<h3><strong>Webinar 9<\/strong><\/h3>\n<h5><i><span style=\"font-weight: 400;\">Using picturebooks in English as a springboard for cross-curricular learning<\/span><\/i><\/h5>\n<h5>A c\u00e0rrec de: Gail Ellis<\/h5>\n<h3><strong><iframe loading=\"lazy\" title=\"YouTube video player\" src=\"https:\/\/www.youtube.com\/embed\/LaG3aJyOKMA\" width=\"560\" height=\"315\" frameborder=\"0\" allowfullscreen=\"allowfullscreen\"><\/iframe>\u00a0<\/strong><\/h3>\n<\/td>\n<\/tr>\n<tr style=\"background-color: #0dbab7;\">\n<td style=\"width: 100%; height: 33px;\"><\/td>\n<\/tr>\n<tr style=\"height: 519px;\">\n<td style=\"width: 100%; height: 519px;\">\n<h3><strong>Webinar 8<\/strong><\/h3>\n<h5><i><span style=\"font-weight: 400;\">Tareas de habla exploratoria para trabajar las habilidades de pensamiento y expresi\u00f3n oral a trav\u00e9s del m\u00e9todo Thinking Together<\/span><\/i><\/h5>\n<h5>A c\u00e0rrec de: Lorena L\u00f3pez<\/h5>\n<h3><strong>\u00a0<iframe loading=\"lazy\" title=\"YouTube video player\" src=\"https:\/\/www.youtube.com\/embed\/1eI-vsKbzzo\" width=\"560\" height=\"315\" frameborder=\"0\" allowfullscreen=\"allowfullscreen\"><\/iframe><\/strong><\/h3>\n<\/td>\n<\/tr>\n<tr style=\"background-color: #0dbab7;\">\n<td style=\"width: 100%; height: 33px;\"><\/td>\n<\/tr>\n<tr style=\"height: 489px;\">\n<td style=\"width: 100%; height: 489px;\">\n<h3><strong>Webinar 7<\/strong><\/h3>\n<h5><i><span style=\"font-weight: 400;\">Proyecto Ling\u00fc\u00edstico de Centro: Justificaci\u00f3n, evidencias y propuestas para una aventura\u00a0<\/span><\/i><i><span style=\"font-weight: 400;\">colectiva a favor de la competencia comunicativa<\/span><\/i><\/h5>\n<h5>A c\u00e0rrec de: Dr. Fernando Trujillo<\/h5>\n<p><iframe loading=\"lazy\" title=\"YouTube video player\" src=\"https:\/\/www.youtube.com\/embed\/-9pBvSuNd2Q\" width=\"560\" height=\"315\" frameborder=\"0\" allowfullscreen=\"allowfullscreen\"><\/iframe><\/td>\n<\/tr>\n<tr style=\"background-color: #0dbab7;\">\n<td style=\"width: 100%; height: 33px;\"><\/td>\n<\/tr>\n<tr style=\"height: 464px;\">\n<td style=\"width: 100%; height: 464px;\">\n<h3><strong>Webinar 6<\/strong><\/h3>\n<h5><i><span style=\"font-weight: 400;\">Donant color des de la mirada inclusiva i el marc DUA<\/span><\/i><\/h5>\n<h5>A c\u00e0rrec de: Prudens Mart\u00ednez i Merc\u00e8 Pena<\/h5>\n<h3><strong><iframe loading=\"lazy\" title=\"YouTube video player\" src=\"https:\/\/www.youtube.com\/embed\/w3xtk5q_fak\" width=\"560\" height=\"315\" frameborder=\"0\" allowfullscreen=\"allowfullscreen\"><\/iframe><\/strong><\/h3>\n<\/td>\n<\/tr>\n<tr style=\"background-color: #0dbab7;\">\n<td style=\"width: 100%; height: 33px;\"><\/td>\n<\/tr>\n<tr style=\"height: 457px;\">\n<td style=\"width: 100%; height: 457px;\">\n<h3><strong>Webinar 5<\/strong><\/h3>\n<h5><i><span style=\"font-weight: 400;\">L\u2019ensenyament basat en tasques i cursos de formaci\u00f3 professional<\/span><\/i><\/h5>\n<h5>A c\u00e0rrec de: Dra. Marilisa Birello<\/h5>\n<h5><iframe loading=\"lazy\" title=\"YouTube video player\" src=\"https:\/\/www.youtube.com\/embed\/RAgameBuKxk\" width=\"560\" height=\"315\" frameborder=\"0\" allowfullscreen=\"allowfullscreen\"><\/iframe><\/h5>\n<\/td>\n<\/tr>\n<tr style=\"background-color: #0dbab7;\">\n<td style=\"width: 100%; height: 33px;\"><strong>\u00a0<\/strong><\/td>\n<\/tr>\n<tr style=\"height: 467px;\">\n<td style=\"width: 100%; height: 467px;\">\n<h3><strong>Webinar 4<\/strong><\/h3>\n<h5><i><span style=\"font-weight: 400;\">La ci\u00e8ncia de l&#8217;aprenentatge i l&#8217;ensenyament de la lectura<\/span><\/i><\/h5>\n<h5>A c\u00e0rrec de: H\u00e9ctor Ruiz<\/h5>\n<p><iframe loading=\"lazy\" title=\"YouTube video player\" src=\"https:\/\/www.youtube.com\/embed\/bseEFscT8bI\" width=\"560\" height=\"315\" frameborder=\"0\" allowfullscreen=\"allowfullscreen\"><\/iframe><\/td>\n<\/tr>\n<tr style=\"background-color: #0dbab7;\">\n<td style=\"width: 100%; height: 33px;\"><\/td>\n<\/tr>\n<tr style=\"height: 464px;\">\n<td style=\"width: 100%; height: 464px;\">\n<h3><strong>Webinar 3<\/strong><\/h3>\n<h5><i><span style=\"font-weight: 400;\">Developing Classroom Interactional Competence<\/span><\/i><\/h5>\n<h5>A c\u00e0rrec de: Dr Steve Walsh<\/h5>\n<h3><iframe loading=\"lazy\" title=\"YouTube video player\" src=\"https:\/\/www.youtube.com\/embed\/9kBZnppKhxs\" width=\"560\" height=\"315\" frameborder=\"0\" allowfullscreen=\"allowfullscreen\"><\/iframe><\/h3>\n<\/td>\n<\/tr>\n<tr style=\"background-color: #0dbab7;\">\n<td style=\"width: 100%; height: 33px;\"><strong>\u00a0<\/strong><\/td>\n<\/tr>\n<tr style=\"height: 486px;\">\n<td style=\"width: 100%; height: 486px;\">\n<h3><strong>Webinar 2<\/strong><\/h3>\n<h5><i><span style=\"font-weight: 400;\">Every language teacher a CLIL teacher? Integrating content and language in practice<\/span><\/i><\/h5>\n<h5>A c\u00e0rrec de: Dr Rick de Graaff<\/h5>\n<h3><iframe loading=\"lazy\" title=\"YouTube video player\" src=\"https:\/\/www.youtube.com\/embed\/ZtFRM1CWIu8\" width=\"560\" height=\"315\" frameborder=\"0\" allowfullscreen=\"allowfullscreen\"><\/iframe><\/h3>\n<\/td>\n<\/tr>\n<tr style=\"background-color: #0dbab7;\">\n<td style=\"width: 100%; height: 33px;\"><strong>\u00a0<\/strong><\/td>\n<\/tr>\n<tr style=\"height: 466px;\">\n<td style=\"width: 100%; height: 466px;\">\n<h3><strong>Webinar 1<\/strong><\/h3>\n<h5><em><span style=\"font-weight: 400;\">Cerbantes &amp; Sexpil, or: How to (almost) Save the Universe through CLIL<\/span><\/em><\/h5>\n<h5>A c\u00e0rrec de: Dr David Owen<\/h5>\n<p><iframe loading=\"lazy\" src=\"\/\/www.youtube.com\/embed\/QiuyzTnwwDs\" width=\"560\" height=\"314\" allowfullscreen=\"allowfullscreen\"><\/iframe><\/td>\n<\/tr>\n<\/tbody>\n<\/table>\n<h3><\/h3>\n<h3><strong>I Cicle de webinars<\/strong><\/h3>\n<p>&nbsp;<\/p>\n<table style=\"height: 4251px; width: 52.4741%; border-color: #8f148f; border-style: double;\">\n<tbody>\n<tr style=\"height: 463px;\">\n<td style=\"width: 100%; height: 463px;\">\n<h3><strong>Webinar 10<\/strong><\/h3>\n<h5><i><span style=\"font-weight: 400;\">Ayons la langue bien pendue! L&#8217;interaction en cours de FLE<\/span><\/i><\/h5>\n<h5><span style=\"font-weight: 400;\">A c\u00e0rrec de: Sandrine Doucinet i Al\u00edcia Lores<\/span><\/h5>\n<h3><strong><iframe loading=\"lazy\" src=\"https:\/\/www.youtube.com\/embed\/dRBJptzTr2I\" width=\"560\" height=\"315\" frameborder=\"0\"><\/iframe>\u00a0<\/strong><\/h3>\n<\/td>\n<\/tr>\n<tr style=\"background-color: #a10e94;\">\n<td style=\"width: 100%; height: 33px;\"><strong>\u00a0<\/strong><\/td>\n<\/tr>\n<tr style=\"height: 485px;\">\n<td style=\"width: 100%; height: 485px;\">\n<h3><strong>Webinar 9<\/strong><\/h3>\n<h5><i><span style=\"font-weight: 400;\">La transfer\u00e8ncia ling\u00fc\u00edstica i el transllenguatge: qu\u00e8 s\u00f3n i com ens poden ajudar a potenciar l&#8217;educaci\u00f3 pluriling\u00fce a l&#8217;aula<\/span><\/i><\/h5>\n<h5><span style=\"font-weight: 400;\">A c\u00e0rrec de: Dra. <\/span><span style=\"font-weight: 400;\">Natalia Evnistkaya<\/span><\/h5>\n<h3><strong><iframe loading=\"lazy\" src=\"https:\/\/www.youtube.com\/embed\/hx4uYmFVvGY\" width=\"560\" height=\"315\" frameborder=\"0\"><\/iframe>\u00a0<\/strong><\/h3>\n<\/td>\n<\/tr>\n<tr style=\"background-color: #a10e94;\">\n<td style=\"width: 100%; height: 33px;\"><strong>\u00a0<\/strong><\/td>\n<\/tr>\n<tr style=\"height: 467px;\">\n<td style=\"width: 100%; height: 467px;\">\n<h3><strong>Webinar 8<\/strong><\/h3>\n<h5><i><span style=\"font-weight: 400;\">Aprenentatge de lleng\u00fces estrangeres, una mirada des de la neuroci\u00e8ncia<\/span><\/i><\/h5>\n<h5><span style=\"font-weight: 400;\">A c\u00e0rrec de: Dra. Anna Carballo<\/span><\/h5>\n<p><iframe loading=\"lazy\" src=\"https:\/\/www.youtube.com\/embed\/qU7ZTESnjQI\" width=\"560\" height=\"315\" frameborder=\"0\"><\/iframe><\/td>\n<\/tr>\n<tr style=\"background-color: #a10e94;\">\n<td style=\"width: 100%; height: 33px;\"><strong>\u00a0<\/strong><\/td>\n<\/tr>\n<tr style=\"height: 467px;\">\n<td style=\"width: 100%; height: 467px;\">\n<h3><strong>Webinar 7<\/strong><\/h3>\n<h5><i><span style=\"font-weight: 400;\">Treballar la llengua i la literatura des de la mirada adolescent<\/span><\/i><\/h5>\n<h5><span style=\"font-weight: 400;\">A c\u00e0rrec de: Cristian Oliv\u00e9<\/span><\/h5>\n<p><strong><iframe loading=\"lazy\" src=\"https:\/\/www.youtube.com\/embed\/bE10QWD1-V0\" width=\"560\" height=\"315\" frameborder=\"0\"><\/iframe>\u00a0<\/strong><\/td>\n<\/tr>\n<tr style=\"background-color: #a10e94;\">\n<td style=\"width: 100%; height: 33px;\"><strong>\u00a0<\/strong><\/td>\n<\/tr>\n<tr style=\"height: 489px;\">\n<td style=\"width: 100%; height: 489px;\">\n<h3><strong>Webinar 6<\/strong><\/h3>\n<h5><i><span style=\"font-weight: 400;\">Criteris per al disseny d&#8217;activitats de llengua i literatura en cada fase de la seq\u00fc\u00e8ncia did\u00e0ctica<\/span><\/i><\/h5>\n<h5><span style=\"font-weight: 400;\">A c\u00e0rrec de: Joan Marc Ramos<\/span><\/h5>\n<p><iframe loading=\"lazy\" src=\"https:\/\/www.youtube.com\/embed\/ORJETOaeFU4\" width=\"560\" height=\"315\" frameborder=\"0\"><\/iframe><\/td>\n<\/tr>\n<tr style=\"background-color: #a10e94;\">\n<td style=\"width: 100%; height: 33px;\"><strong>\u00a0<\/strong><\/td>\n<\/tr>\n<tr style=\"height: 467px;\">\n<td style=\"width: 100%; height: 467px;\">\n<h3><strong>Webinar 5<\/strong><\/h3>\n<h5><i><span style=\"font-weight: 400;\">Aprendre a aprendre. Com apr\u00e8n el cervell?<\/span><\/i><\/h5>\n<h5><span style=\"font-weight: 400;\"> A c\u00e0rrec de: H\u00e9ctor Ruiz<\/span><\/h5>\n<p><iframe loading=\"lazy\" src=\"https:\/\/www.youtube.com\/embed\/3_OoQ4Yk6l8\" width=\"560\" height=\"315\" frameborder=\"0\"><\/iframe><\/td>\n<\/tr>\n<tr style=\"background-color: #a10e94;\">\n<td style=\"width: 100%; height: 31px;\"><strong>\u00a0<\/strong><\/td>\n<\/tr>\n<tr style=\"height: 76px;\">\n<td style=\"width: 100%; height: 76px;\">\n<h3><strong>Webinar 4<\/strong><\/h3>\n<h5><i><span style=\"font-weight: 400;\">Com ensenyar els g\u00e8neres textuals escolars de manera competencial des de l&#8217;\u00e0rea de lleng\u00fces<\/span><\/i><\/h5>\n<h5><span style=\"font-weight: 400;\"> A c\u00e0rrec de: Dra. Natalia Evnistkaya<\/span><\/h5>\n<p><strong><iframe loading=\"lazy\" src=\"https:\/\/www.youtube.com\/embed\/FRvDzXVDFYM\" width=\"560\" height=\"315\" frameborder=\"0\"><\/iframe>\u00a0<\/strong><\/td>\n<\/tr>\n<tr style=\"background-color: #a10e94;\">\n<td style=\"width: 100%; height: 10px;\"><strong>\u00a0<\/strong><\/td>\n<\/tr>\n<tr style=\"height: 99px;\">\n<td style=\"width: 100%; height: 121px;\">\n<h3><strong>Webinar 3<\/strong><\/h3>\n<h5><i><span style=\"font-weight: 400;\">Plurilliteracies teaching for deeper learning\u00a0<\/span><\/i><\/h5>\n<h5><span style=\"font-weight: 400;\"> A c\u00e0rrec de: Dr Oliver Meyer<\/span><\/h5>\n<p><strong><iframe loading=\"lazy\" src=\"https:\/\/www.youtube.com\/embed\/opmCrvpw44U\" width=\"560\" height=\"315\" frameborder=\"0\"><\/iframe>\u00a0<\/strong><\/td>\n<\/tr>\n<tr style=\"background-color: #a10e94;\">\n<td style=\"width: 100%; height: 31px;\"><strong>\u00a0<\/strong><\/td>\n<\/tr>\n<tr style=\"height: 474px;\">\n<td style=\"width: 100%; height: 474px;\">\n<h3><strong>Webinar 2<\/strong><\/h3>\n<h5><i><span style=\"font-weight: 400;\">How to differentiate in a CLIL lesson<\/span><\/i><\/h5>\n<h5><span style=\"font-weight: 400;\"> A c\u00e0rrec de: Patrick de Boer<\/span><\/h5>\n<p><strong>\u00a0<iframe loading=\"lazy\" src=\"https:\/\/www.youtube.com\/embed\/1eOL_pWwUIQ\" width=\"560\" height=\"315\" frameborder=\"0\"><\/iframe><\/strong><\/td>\n<\/tr>\n<tr style=\"background-color: #a10e94;\">\n<td style=\"width: 100%; height: 31px;\"><strong>\u00a0<\/strong><\/td>\n<\/tr>\n<tr style=\"height: 474px;\">\n<td style=\"width: 100%; height: 474px;\">\n<h3><strong>Webinar 1<\/strong><\/h3>\n<h5><i><span style=\"font-weight: 400;\">Interculturalitat en temps de pand\u00e8mia: prevenir el racisme, enfortir la conviv\u00e8ncia<\/span><\/i><\/h5>\n<h5><span style=\"font-weight: 400;\"> A c\u00e0rrec de: Miquel \u00c0ngel Essomba<\/span><\/h5>\n<p><iframe loading=\"lazy\" src=\"https:\/\/www.youtube.com\/embed\/4abQaXW51dA\" width=\"560\" height=\"315\" frameborder=\"0\"><\/iframe><\/td>\n<\/tr>\n<\/tbody>\n<\/table>\n<p>&nbsp;<\/p>\n","protected":false},"excerpt":{"rendered":"<p>II Cicle de webinars<br \/>\n&nbsp;<\/p>\n<p>Webinar 10<br \/>\nTratamiento integrado de lenguas: la experiencia de las Ikastolas<br \/>\nA c\u00e0rrec de: Inma Mu\u00f1oa<br \/>\n\u00a0<\/p>\n<p>Webinar 9<br \/>\nUsing picturebooks in English as a springboard for cross-curricular learning<br \/>\nA c\u00e0rrec de: Gail Ellis<br \/>\n\u00a0<\/p>\n<p>Webinar 8<br \/>\nTareas de habla exploratoria para trabajar las habilidades de pensamiento y expresi\u00f3n oral a&hellip;  <a href=\"https:\/\/projectes.xtec.cat\/gep\/general\/nous-horitzons-en-lensenyament-i-laprenentatge-de-les-llengues\/\" title=\"Read Nous horitzons en l&#8217;ensenyament i l&#8217;aprenentatge de les lleng\u00fces II i I\">Llegeix m\u00e9s\u00bb<\/a><\/p>\n","protected":false},"author":1,"featured_media":9783,"comment_status":"open","ping_status":"closed","sticky":false,"template":"","format":"standard","meta":{"_bbp_topic_count":0,"_bbp_reply_count":0,"_bbp_total_topic_count":0,"_bbp_total_reply_count":0,"_bbp_voice_count":0,"_bbp_anonymous_reply_count":0,"_bbp_topic_count_hidden":0,"_bbp_reply_count_hidden":0,"_bbp_forum_subforum_count":0,"footnotes":""},"categories":[1],"tags":[],"class_list":["post-9782","post","type-post","status-publish","format-standard","has-post-thumbnail","hentry","category-general"],"post_mailing_queue_ids":[],"_links":{"self":[{"href":"https:\/\/projectes.xtec.cat\/gep\/wp-json\/wp\/v2\/posts\/9782","targetHints":{"allow":["GET"]}}],"collection":[{"href":"https:\/\/projectes.xtec.cat\/gep\/wp-json\/wp\/v2\/posts"}],"about":[{"href":"https:\/\/projectes.xtec.cat\/gep\/wp-json\/wp\/v2\/types\/post"}],"author":[{"embeddable":true,"href":"https:\/\/projectes.xtec.cat\/gep\/wp-json\/wp\/v2\/users\/1"}],"replies":[{"embeddable":true,"href":"https:\/\/projectes.xtec.cat\/gep\/wp-json\/wp\/v2\/comments?post=9782"}],"version-history":[{"count":6,"href":"https:\/\/projectes.xtec.cat\/gep\/wp-json\/wp\/v2\/posts\/9782\/revisions"}],"predecessor-version":[{"id":11424,"href":"https:\/\/projectes.xtec.cat\/gep\/wp-json\/wp\/v2\/posts\/9782\/revisions\/11424"}],"wp:featuredmedia":[{"embeddable":true,"href":"https:\/\/projectes.xtec.cat\/gep\/wp-json\/wp\/v2\/media\/9783"}],"wp:attachment":[{"href":"https:\/\/projectes.xtec.cat\/gep\/wp-json\/wp\/v2\/media?parent=9782"}],"wp:term":[{"taxonomy":"category","embeddable":true,"href":"https:\/\/projectes.xtec.cat\/gep\/wp-json\/wp\/v2\/categories?post=9782"},{"taxonomy":"post_tag","embeddable":true,"href":"https:\/\/projectes.xtec.cat\/gep\/wp-json\/wp\/v2\/tags?post=9782"}],"curies":[{"name":"wp","href":"https:\/\/api.w.org\/{rel}","templated":true}]}}