{"id":10702,"date":"2021-12-01T10:08:51","date_gmt":"2021-12-01T09:08:51","guid":{"rendered":"https:\/\/projectes.xtec.cat\/impulsfp\/?p=10702"},"modified":"2021-12-02T17:11:20","modified_gmt":"2021-12-02T16:11:20","slug":"omron-i-el-departament-deducacio","status":"publish","type":"post","link":"https:\/\/projectes.xtec.cat\/impulsfp\/general\/omron-i-el-departament-deducacio\/","title":{"rendered":"OMRON i el Departament d&#8217;Educaci\u00f3"},"content":{"rendered":"<p>&nbsp;<\/p>\n<p><a href=\"https:\/\/projectes.xtec.cat\/impulsfp\/wp-content\/uploads\/usu2078\/2021\/12\/educacio.png\"><img loading=\"lazy\" decoding=\"async\" class=\"wp-image-10703 alignleft\" src=\"https:\/\/projectes.xtec.cat\/impulsfp\/wp-content\/uploads\/usu2078\/2021\/12\/educacio.png\" alt=\"\" width=\"232\" height=\"39\" srcset=\"https:\/\/projectes.xtec.cat\/impulsfp\/wp-content\/uploads\/usu2078\/2021\/12\/educacio.png 548w, https:\/\/projectes.xtec.cat\/impulsfp\/wp-content\/uploads\/usu2078\/2021\/12\/educacio-300x50.png 300w\" sizes=\"auto, (max-width: 232px) 100vw, 232px\" \/><\/a><a href=\"https:\/\/projectes.xtec.cat\/impulsfp\/wp-content\/uploads\/usu2078\/2021\/12\/omrom.png\"><img loading=\"lazy\" decoding=\"async\" class=\"wp-image-10704 alignleft\" src=\"https:\/\/projectes.xtec.cat\/impulsfp\/wp-content\/uploads\/usu2078\/2021\/12\/omrom.png\" alt=\"\" width=\"160\" height=\"31\" srcset=\"https:\/\/projectes.xtec.cat\/impulsfp\/wp-content\/uploads\/usu2078\/2021\/12\/omrom.png 511w, https:\/\/projectes.xtec.cat\/impulsfp\/wp-content\/uploads\/usu2078\/2021\/12\/omrom-300x58.png 300w\" sizes=\"auto, (max-width: 160px) 100vw, 160px\" \/><\/a><\/p>\n<p>&nbsp;<\/p>\n<p>L&#8217;objecte del conveni \u00e9s promoure la qualificaci\u00f3 professional en els \u00e0mbits<br \/>\nrelacionats amb les noves tecnologies aplicades a l\u2019automatitzaci\u00f3 industrial i la<br \/>\nelectr\u00f2nica, i que compr\u00e8n els diferents cicles formatius de grau mitj\u00e0 i de grau<br \/>\nsuperior, de les fam\u00edlies professionals d\u2019Instal\u00b7laci\u00f3 i Manteniment, d\u2019Electricitat i<br \/>\nElectr\u00f2nica , i de Fabricaci\u00f3 Mec\u00e0nica.<br \/>\nEmpresa multinacional, puntera en tecnologies, especialitzats en automatitzaci\u00f3<br \/>\nindustrial i components electr\u00f2nics, ofereixen principalment: transfer\u00e8ncia de<br \/>\nconeixement, participaci\u00f3 dels seus experts en xerrades, pon\u00e8ncies, orientaci\u00f3<br \/>\ncurricular, material did\u00e0ctic i pr\u00e9stec d&#8217;aparells per poder impartir formaci\u00f3, aix\u00ed com<br \/>\ntamb\u00e9 s\u00f3n patrocinadors del catskills, de l&#8217;skill: Industry 4.0<br \/>\n(https:\/\/projectes.xtec.cat\/catskills\/portada\/nou-skill-industry-4-0-exhibicio-a-spainski<br \/>\nlls-desde-catalunya\/)<br \/>\nTots els instituts de titularitat del Departament d&#8217;Educaci\u00f3 que imparteixin el cicles<br \/>\nde les fam\u00edlies: d\u2019instal\u00b7laci\u00f3 i manteniment, d\u2019electricitat i electr\u00f2nica i de Fabricaci\u00f3<br \/>\nMec\u00e0nica, es beneficiaran del conveni.<br \/>\nPer part de la Direcci\u00f3 General de Formaci\u00f3 Professional hi assistiran el el<br \/>\nsubdirector general de programes i projectes, el Sr. Jos\u00e9 Antonio Andr\u00e9s Villena,<br \/>\nque obrir\u00e0 l\u2019acte, el responsable de la unitat de formaci\u00f3 del professorat d\u2019FP, el Sr.<\/p>\n<p>Vicen\u00e7 Guerrero i la Sra. Maria Pascual t\u00e8cnica responsable de les relacions<br \/>\ninstitucionals i internacionals de la Direcci\u00f3 general de formaci\u00f3 professional.<br \/>\nP\u00e0gina web<\/p>\n<p>https:\/\/omron.showpad.com\/share\/9qLSsovW9K1OG2eVAVnz9\/0.<\/p>\n","protected":false},"excerpt":{"rendered":"<p>&nbsp; &nbsp; L&#8217;objecte del conveni \u00e9s promoure la qualificaci\u00f3 professional en els \u00e0mbits relacionats amb les noves tecnologies aplicades a l\u2019automatitzaci\u00f3 industrial i la electr\u00f2nica, i que compr\u00e8n els diferents cicles formatius de grau mitj\u00e0 i de grau superior, de les fam\u00edlies professionals d\u2019Instal\u00b7laci\u00f3 i Manteniment, d\u2019Electricitat i Electr\u00f2nica , i de Fabricaci\u00f3 Mec\u00e0nica. Empresa [&hellip;]<\/p>\n","protected":false},"author":1,"featured_media":10705,"comment_status":"closed","ping_status":"closed","sticky":false,"template":"","format":"standard","meta":{"site-sidebar-layout":"default","site-content-layout":"","ast-site-content-layout":"","site-content-style":"default","site-sidebar-style":"default","ast-global-header-display":"","ast-banner-title-visibility":"","ast-main-header-display":"","ast-hfb-above-header-display":"","ast-hfb-below-header-display":"","ast-hfb-mobile-header-display":"","site-post-title":"","ast-breadcrumbs-content":"","ast-featured-img":"","footer-sml-layout":"","theme-transparent-header-meta":"","adv-header-id-meta":"","stick-header-meta":"","header-above-stick-meta":"","header-main-stick-meta":"","header-below-stick-meta":"","astra-migrate-meta-layouts":"default","ast-page-background-enabled":"default","ast-page-background-meta":{"desktop":{"background-color":"var(--ast-global-color-4)","background-image":"","background-repeat":"repeat","background-position":"center center","background-size":"auto","background-attachment":"scroll","background-type":"","background-media":"","overlay-type":"","overlay-color":"","overlay-opacity":"","overlay-gradient":""},"tablet":{"background-color":"","background-image":"","background-repeat":"repeat","background-position":"center center","background-size":"auto","background-attachment":"scroll","background-type":"","background-media":"","overlay-type":"","overlay-color":"","overlay-opacity":"","overlay-gradient":""},"mobile":{"background-color":"","background-image":"","background-repeat":"repeat","background-position":"center center","background-size":"auto","background-attachment":"scroll","background-type":"","background-media":"","overlay-type":"","overlay-color":"","overlay-opacity":"","overlay-gradient":""}},"ast-content-background-meta":{"desktop":{"background-color":"var(--ast-global-color-5)","background-image":"","background-repeat":"repeat","background-position":"center center","background-size":"auto","background-attachment":"scroll","background-type":"","background-media":"","overlay-type":"","overlay-color":"","overlay-opacity":"","overlay-gradient":""},"tablet":{"background-color":"var(--ast-global-color-5)","background-image":"","background-repeat":"repeat","background-position":"center center","background-size":"auto","background-attachment":"scroll","background-type":"","background-media":"","overlay-type":"","overlay-color":"","overlay-opacity":"","overlay-gradient":""},"mobile":{"background-color":"var(--ast-global-color-5)","background-image":"","background-repeat":"repeat","background-position":"center center","background-size":"auto","background-attachment":"scroll","background-type":"","background-media":"","overlay-type":"","overlay-color":"","overlay-opacity":"","overlay-gradient":""}},"footnotes":""},"categories":[1],"tags":[],"class_list":["post-10702","post","type-post","status-publish","format-standard","has-post-thumbnail","hentry","category-general"],"post_mailing_queue_ids":[],"_links":{"self":[{"href":"https:\/\/projectes.xtec.cat\/impulsfp\/wp-json\/wp\/v2\/posts\/10702","targetHints":{"allow":["GET"]}}],"collection":[{"href":"https:\/\/projectes.xtec.cat\/impulsfp\/wp-json\/wp\/v2\/posts"}],"about":[{"href":"https:\/\/projectes.xtec.cat\/impulsfp\/wp-json\/wp\/v2\/types\/post"}],"author":[{"embeddable":true,"href":"https:\/\/projectes.xtec.cat\/impulsfp\/wp-json\/wp\/v2\/users\/1"}],"replies":[{"embeddable":true,"href":"https:\/\/projectes.xtec.cat\/impulsfp\/wp-json\/wp\/v2\/comments?post=10702"}],"version-history":[{"count":2,"href":"https:\/\/projectes.xtec.cat\/impulsfp\/wp-json\/wp\/v2\/posts\/10702\/revisions"}],"predecessor-version":[{"id":10715,"href":"https:\/\/projectes.xtec.cat\/impulsfp\/wp-json\/wp\/v2\/posts\/10702\/revisions\/10715"}],"wp:featuredmedia":[{"embeddable":true,"href":"https:\/\/projectes.xtec.cat\/impulsfp\/wp-json\/wp\/v2\/media\/10705"}],"wp:attachment":[{"href":"https:\/\/projectes.xtec.cat\/impulsfp\/wp-json\/wp\/v2\/media?parent=10702"}],"wp:term":[{"taxonomy":"category","embeddable":true,"href":"https:\/\/projectes.xtec.cat\/impulsfp\/wp-json\/wp\/v2\/categories?post=10702"},{"taxonomy":"post_tag","embeddable":true,"href":"https:\/\/projectes.xtec.cat\/impulsfp\/wp-json\/wp\/v2\/tags?post=10702"}],"curies":[{"name":"wp","href":"https:\/\/api.w.org\/{rel}","templated":true}]}}