{"id":10707,"date":"2021-12-01T13:25:43","date_gmt":"2021-12-01T12:25:43","guid":{"rendered":"https:\/\/projectes.xtec.cat\/impulsfp\/?p=10707"},"modified":"2021-12-01T13:43:01","modified_gmt":"2021-12-01T12:43:01","slug":"quan-lfp-aixeca-la-veu-segona-fase-del-speak-talent-lultima-paraula","status":"publish","type":"post","link":"https:\/\/projectes.xtec.cat\/impulsfp\/general\/quan-lfp-aixeca-la-veu-segona-fase-del-speak-talent-lultima-paraula\/","title":{"rendered":"Quan l&#8217;FP aixeca la veu: Segona Fase del &#8220;Speech Talent&#8221; L&#8217;\u00faltima paraula"},"content":{"rendered":"<p><span style=\"font-size: 18pt;\">Deu Equips d&#8217;FP competeixen per arribar\u00a0 a la final del concurs d&#8217;orat\u00f2ria L&#8217;ultima paraula organitzat per la Subdirecci\u00f3 de Programes i Projectes.<\/span><\/p>\n<p>&nbsp;<\/p>\n<p><a href=\"https:\/\/projectes.xtec.cat\/impulsfp\/wp-content\/uploads\/usu2078\/2021\/12\/Captura-1.png\"><img loading=\"lazy\" decoding=\"async\" class=\"size-full wp-image-10708 aligncenter\" src=\"https:\/\/projectes.xtec.cat\/impulsfp\/wp-content\/uploads\/usu2078\/2021\/12\/Captura-1.png\" alt=\"\" width=\"686\" height=\"371\" srcset=\"https:\/\/projectes.xtec.cat\/impulsfp\/wp-content\/uploads\/usu2078\/2021\/12\/Captura-1.png 686w, https:\/\/projectes.xtec.cat\/impulsfp\/wp-content\/uploads\/usu2078\/2021\/12\/Captura-1-300x162.png 300w\" sizes=\"auto, (max-width: 686px) 100vw, 686px\" \/><\/a><\/p>\n<p><span style=\"font-weight: 400;\">El dia 30 de novembre 30 estudiants d\u2019FP distribu\u00efts en equips de 3 participar en la semifinal del <a href=\"https:\/\/www.mostraimpulsfp.cat\/ultimaparaula\/\">concurs d\u2019orat\u00f2ria de l\u2019FP L\u2019\u00faltima paraula.<\/a> Un concurs que t\u00e9 com a objectiu posar en valor la competencia comunicativa entre els estudiants d\u2019ensenyaments professionals al voltant de dos eixos principals: el treball en equip i la presentaci\u00f3 de projectes.<\/span><\/p>\n<p><span style=\"font-weight: 400;\">El Subdirector J. A. Andr\u00e9s va obrir l\u2019acte encoratjant als estudiants a millorar la seva compet\u00e8ncia comunicativa com a idea clau en el seu \u00e8xit professional. Vam comptar amb la pres\u00e8ncia en remot de l\u2019escriptor M\u00e0rius Serra qui va fer la pon\u00e8ncia inaugural de l\u2019acte.<\/span><\/p>\n<p><span style=\"font-weight: 400;\">En un marc \u00fanic, l\u2019auditori del Citilab de Cornell\u00e0, els equips de 10 centres: l\u2019Institut Jaume Huguet de Valls,\u00a0 el Centre Jesu\u00eftes de Bellvitge, l\u2019Institut Francesc Vidal i Barraquer de Tarragona, l\u2019Institut Sant Feliu de Gu\u00edxols, el Centre Prat Educaci\u00f3 de Barcelona, l\u2019Institut Poblenou de Barcelona, l\u2019Institut Montserrat Roig de Terrassa, l\u2019Institut FP de Sant Cugat, l\u2019Institut Llu\u00efsa Cura de Barcelona i l\u2019Institut Salvador Segu\u00ed de Barcelona van mostrar la seva capacitat comunicativa posant-la a prova davant un jurat de 3 t\u00e8cnics de la Subdirecci\u00f3 de Programes i Projectes.<\/span><\/p>\n<p><a href=\"https:\/\/projectes.xtec.cat\/impulsfp\/wp-content\/uploads\/usu2078\/2021\/12\/Captura-2.png\"><img loading=\"lazy\" decoding=\"async\" class=\"size-full wp-image-10709 aligncenter\" src=\"https:\/\/projectes.xtec.cat\/impulsfp\/wp-content\/uploads\/usu2078\/2021\/12\/Captura-2.png\" alt=\"\" width=\"680\" height=\"505\" srcset=\"https:\/\/projectes.xtec.cat\/impulsfp\/wp-content\/uploads\/usu2078\/2021\/12\/Captura-2.png 680w, https:\/\/projectes.xtec.cat\/impulsfp\/wp-content\/uploads\/usu2078\/2021\/12\/Captura-2-300x223.png 300w, https:\/\/projectes.xtec.cat\/impulsfp\/wp-content\/uploads\/usu2078\/2021\/12\/Captura-2-200x150.png 200w\" sizes=\"auto, (max-width: 680px) 100vw, 680px\" \/><\/a><\/p>\n<p><span style=\"font-weight: 400;\">L\u2019acte va esdevenir una aut\u00e8ntica festa de la comunicaci\u00f3 al que van assistir unes 150 persones entre estudiants d\u2019FP docents i acompanyants dels estudiants participants<\/span><\/p>\n<p><span style=\"font-weight: 400;\">Finalment 7 equips van superar la fase i participaran a la gran final que tindr\u00e0 lloc el dia 21 de desembre en el marc del MakerFest, una hackathon on el nucli central gira entorn al prototipatge d\u2019idees. Ells tindran la missi\u00f3 de elaborar la presentaci\u00f3 dels projectes i solucions que es generin al llarg de la jornada.\u00a0\u00a0<\/span><\/p>\n<p><span style=\"font-weight: 400;\">El set equips finalistes s\u00f3n:<\/span><\/p>\n<ol>\n<li style=\"font-weight: 400;\" aria-level=\"1\"><span style=\"font-weight: 400;\">Institut Jaume Huguet Valls<\/span><\/li>\n<li style=\"font-weight: 400;\" aria-level=\"1\"><span style=\"font-weight: 400;\">Centre Jesu\u00eftes Bellvitge<\/span><\/li>\n<li style=\"font-weight: 400;\" aria-level=\"1\"><span style=\"font-weight: 400;\">Institut Francesc Vidal i Barraquer<\/span><\/li>\n<li style=\"font-weight: 400;\" aria-level=\"1\"><span style=\"font-weight: 400;\">Institut Sant Feliu de Gu\u00edxols<\/span><\/li>\n<li style=\"font-weight: 400;\" aria-level=\"1\"><span style=\"font-weight: 400;\">Centre Prat Educaci\u00f3<\/span><\/li>\n<li style=\"font-weight: 400;\" aria-level=\"1\"><span style=\"font-weight: 400;\">Institut\u00a0 Poblenou<\/span><\/li>\n<li style=\"font-weight: 400;\" aria-level=\"1\"><span style=\"font-weight: 400;\">Institut Montserrat Roig<\/span><\/li>\n<li style=\"font-weight: 400;\" aria-level=\"1\"><span style=\"font-weight: 400;\">Institut FP de Sant Cugat<\/span><\/li>\n<li style=\"font-weight: 400;\" aria-level=\"1\"><span style=\"font-weight: 400;\">Institut Llu\u00efsa Cura<\/span><\/li>\n<li style=\"font-weight: 400;\" aria-level=\"1\"><span style=\"font-weight: 400;\">Institut Salvador Segu\u00ed<\/span><\/li>\n<\/ol>\n<p>M\u00e9s informaci\u00f3, la retransmissi\u00f3 i la galeria completa de fotografies la trobareu a <a href=\"https:\/\/www.mostraimpulsfp.cat\/ultimaparaula\/\">la web de l&#8217;esdeveniment L&#8217;ultima paraula.<\/a><\/p>\n<p><span style=\"font-weight: 400;\">Josep Moratal Mi\u00f1ana<\/span><\/p>\n<p><span style=\"font-weight: 400;\">Responsable de la unitat d\u2019ImpusFP<\/span><\/p>\n","protected":false},"excerpt":{"rendered":"<p>Deu Equips d&#8217;FP competeixen per arribar\u00a0 a la final del concurs d&#8217;orat\u00f2ria L&#8217;ultima paraula organitzat per la Subdirecci\u00f3 de Programes i Projectes. &nbsp; El dia 30 de novembre 30 estudiants d\u2019FP distribu\u00efts en equips de 3 participar en la semifinal del concurs d\u2019orat\u00f2ria de l\u2019FP L\u2019\u00faltima paraula. Un concurs que t\u00e9 com a objectiu posar [&hellip;]<\/p>\n","protected":false},"author":1,"featured_media":10708,"comment_status":"closed","ping_status":"closed","sticky":false,"template":"","format":"standard","meta":{"site-sidebar-layout":"default","site-content-layout":"","ast-site-content-layout":"","site-content-style":"default","site-sidebar-style":"default","ast-global-header-display":"","ast-banner-title-visibility":"","ast-main-header-display":"","ast-hfb-above-header-display":"","ast-hfb-below-header-display":"","ast-hfb-mobile-header-display":"","site-post-title":"","ast-breadcrumbs-content":"","ast-featured-img":"","footer-sml-layout":"","theme-transparent-header-meta":"","adv-header-id-meta":"","stick-header-meta":"","header-above-stick-meta":"","header-main-stick-meta":"","header-below-stick-meta":"","astra-migrate-meta-layouts":"default","ast-page-background-enabled":"default","ast-page-background-meta":{"desktop":{"background-color":"var(--ast-global-color-4)","background-image":"","background-repeat":"repeat","background-position":"center center","background-size":"auto","background-attachment":"scroll","background-type":"","background-media":"","overlay-type":"","overlay-color":"","overlay-opacity":"","overlay-gradient":""},"tablet":{"background-color":"","background-image":"","background-repeat":"repeat","background-position":"center center","background-size":"auto","background-attachment":"scroll","background-type":"","background-media":"","overlay-type":"","overlay-color":"","overlay-opacity":"","overlay-gradient":""},"mobile":{"background-color":"","background-image":"","background-repeat":"repeat","background-position":"center center","background-size":"auto","background-attachment":"scroll","background-type":"","background-media":"","overlay-type":"","overlay-color":"","overlay-opacity":"","overlay-gradient":""}},"ast-content-background-meta":{"desktop":{"background-color":"var(--ast-global-color-5)","background-image":"","background-repeat":"repeat","background-position":"center center","background-size":"auto","background-attachment":"scroll","background-type":"","background-media":"","overlay-type":"","overlay-color":"","overlay-opacity":"","overlay-gradient":""},"tablet":{"background-color":"var(--ast-global-color-5)","background-image":"","background-repeat":"repeat","background-position":"center center","background-size":"auto","background-attachment":"scroll","background-type":"","background-media":"","overlay-type":"","overlay-color":"","overlay-opacity":"","overlay-gradient":""},"mobile":{"background-color":"var(--ast-global-color-5)","background-image":"","background-repeat":"repeat","background-position":"center center","background-size":"auto","background-attachment":"scroll","background-type":"","background-media":"","overlay-type":"","overlay-color":"","overlay-opacity":"","overlay-gradient":""}},"footnotes":""},"categories":[1],"tags":[],"class_list":["post-10707","post","type-post","status-publish","format-standard","has-post-thumbnail","hentry","category-general"],"post_mailing_queue_ids":[],"_links":{"self":[{"href":"https:\/\/projectes.xtec.cat\/impulsfp\/wp-json\/wp\/v2\/posts\/10707","targetHints":{"allow":["GET"]}}],"collection":[{"href":"https:\/\/projectes.xtec.cat\/impulsfp\/wp-json\/wp\/v2\/posts"}],"about":[{"href":"https:\/\/projectes.xtec.cat\/impulsfp\/wp-json\/wp\/v2\/types\/post"}],"author":[{"embeddable":true,"href":"https:\/\/projectes.xtec.cat\/impulsfp\/wp-json\/wp\/v2\/users\/1"}],"replies":[{"embeddable":true,"href":"https:\/\/projectes.xtec.cat\/impulsfp\/wp-json\/wp\/v2\/comments?post=10707"}],"version-history":[{"count":3,"href":"https:\/\/projectes.xtec.cat\/impulsfp\/wp-json\/wp\/v2\/posts\/10707\/revisions"}],"predecessor-version":[{"id":10712,"href":"https:\/\/projectes.xtec.cat\/impulsfp\/wp-json\/wp\/v2\/posts\/10707\/revisions\/10712"}],"wp:featuredmedia":[{"embeddable":true,"href":"https:\/\/projectes.xtec.cat\/impulsfp\/wp-json\/wp\/v2\/media\/10708"}],"wp:attachment":[{"href":"https:\/\/projectes.xtec.cat\/impulsfp\/wp-json\/wp\/v2\/media?parent=10707"}],"wp:term":[{"taxonomy":"category","embeddable":true,"href":"https:\/\/projectes.xtec.cat\/impulsfp\/wp-json\/wp\/v2\/categories?post=10707"},{"taxonomy":"post_tag","embeddable":true,"href":"https:\/\/projectes.xtec.cat\/impulsfp\/wp-json\/wp\/v2\/tags?post=10707"}],"curies":[{"name":"wp","href":"https:\/\/api.w.org\/{rel}","templated":true}]}}