{"id":12904,"date":"2023-10-16T14:21:23","date_gmt":"2023-10-16T12:21:23","guid":{"rendered":"https:\/\/projectes.xtec.cat\/impulsfp\/?p=12904"},"modified":"2023-10-17T11:04:35","modified_gmt":"2023-10-17T09:04:35","slug":"mes-cues-i-public-en-les-carpes-de-maquillatge-i-el-tallers-duts-a-terme-per-centres-de-formacio-professional-en-el-darrer-cap-de-setmana-del-festival-de-cinema-fabtastic-de-sitges","status":"publish","type":"post","link":"https:\/\/projectes.xtec.cat\/impulsfp\/general\/mes-cues-i-public-en-les-carpes-de-maquillatge-i-el-tallers-duts-a-terme-per-centres-de-formacio-professional-en-el-darrer-cap-de-setmana-del-festival-de-cinema-fabtastic-de-sitges\/","title":{"rendered":"M\u00e9s cues i p\u00fablic en les carpes de maquillatge i el tallers duts a terme per centres de Formaci\u00f3 professional en el darrer cap de setmana del Festival de cinema fabt\u00e0stic de Sitges"},"content":{"rendered":"<p>De nou els tallers liderats per centres d&#8217;FP han estat un \u00e8xit rotund de p\u00fablic en l&#8217;\u00faltim cap de setmana del Festival de cinema fant\u00e0stic de Sitges, llargues cues a les carpes de maquillatge i els tallers infantils plens.\u00a0Aquesta col\u00b7laboraci\u00f3 sembla ser un veritable guany-guany tant per als alumnes com per al p\u00fablic assistent.<\/p>\n<p>L&#8217;alta demanda i les llargues cues als tallers de maquillatge i als tallers infantils indiquen que els assistents valoren les habilitats i la formaci\u00f3 que els alumnes d&#8217;FP ofereixen. Aquesta oportunitat d&#8217;interactuar dels alumnes i professors d&#8217;FP, els ofereix una visi\u00f3 pr\u00e0ctica del que poden esperar en la seva futura carrera professional una vegada finalitzin els seus estudis.<\/p>\n<p>La introducci\u00f3 de les m\u00e0quines de v\u00eddeojoc com a novetat ha estat encertada, ja que ha atret un p\u00fablic de totes les edats i ha proporcionat una experi\u00e8ncia m\u00e9s \u00e0mplia als assistents, mostrant les diverses facetes de l&#8217;educaci\u00f3 en Formaci\u00f3 Professional.<\/p>\n<p>Aquesta col\u00b7laboraci\u00f3 refor\u00e7a la idea que l&#8217;educaci\u00f3 i la cultura poden complementar-se i beneficiar-se m\u00fatuament. Tamb\u00e9 posa de manifest la import\u00e0ncia dels programes d&#8217;FP com a recursos valuosos per a la societat i la ind\u00fastria del cinema. \u00c9s encoratjador veure que aquesta col\u00b7laboraci\u00f3 est\u00e0 tenint \u00e8xit i s&#8217;espera que continu\u00ef sent una associaci\u00f3 fruct\u00edfera en els pr\u00f2xims anys.<\/p>\n","protected":false},"excerpt":{"rendered":"<p>De nou els tallers liderats per centres d&#8217;FP han estat un \u00e8xit rotund de p\u00fablic en l&#8217;\u00faltim cap de setmana del Festival de cinema fant\u00e0stic de Sitges, llargues cues a les carpes de maquillatge i els tallers infantils plens.\u00a0Aquesta col\u00b7laboraci\u00f3 sembla ser un veritable guany-guany tant per als alumnes com per al p\u00fablic assistent. L&#8217;alta [&hellip;]<\/p>\n","protected":false},"author":1,"featured_media":12907,"comment_status":"closed","ping_status":"closed","sticky":false,"template":"","format":"standard","meta":{"site-sidebar-layout":"default","site-content-layout":"","ast-site-content-layout":"","site-content-style":"default","site-sidebar-style":"default","ast-global-header-display":"","ast-banner-title-visibility":"","ast-main-header-display":"","ast-hfb-above-header-display":"","ast-hfb-below-header-display":"","ast-hfb-mobile-header-display":"","site-post-title":"","ast-breadcrumbs-content":"","ast-featured-img":"","footer-sml-layout":"","theme-transparent-header-meta":"","adv-header-id-meta":"","stick-header-meta":"","header-above-stick-meta":"","header-main-stick-meta":"","header-below-stick-meta":"","astra-migrate-meta-layouts":"default","ast-page-background-enabled":"default","ast-page-background-meta":{"desktop":{"background-color":"var(--ast-global-color-4)","background-image":"","background-repeat":"repeat","background-position":"center center","background-size":"auto","background-attachment":"scroll","background-type":"","background-media":"","overlay-type":"","overlay-color":"","overlay-opacity":"","overlay-gradient":""},"tablet":{"background-color":"","background-image":"","background-repeat":"repeat","background-position":"center center","background-size":"auto","background-attachment":"scroll","background-type":"","background-media":"","overlay-type":"","overlay-color":"","overlay-opacity":"","overlay-gradient":""},"mobile":{"background-color":"","background-image":"","background-repeat":"repeat","background-position":"center center","background-size":"auto","background-attachment":"scroll","background-type":"","background-media":"","overlay-type":"","overlay-color":"","overlay-opacity":"","overlay-gradient":""}},"ast-content-background-meta":{"desktop":{"background-color":"var(--ast-global-color-5)","background-image":"","background-repeat":"repeat","background-position":"center center","background-size":"auto","background-attachment":"scroll","background-type":"","background-media":"","overlay-type":"","overlay-color":"","overlay-opacity":"","overlay-gradient":""},"tablet":{"background-color":"var(--ast-global-color-5)","background-image":"","background-repeat":"repeat","background-position":"center center","background-size":"auto","background-attachment":"scroll","background-type":"","background-media":"","overlay-type":"","overlay-color":"","overlay-opacity":"","overlay-gradient":""},"mobile":{"background-color":"var(--ast-global-color-5)","background-image":"","background-repeat":"repeat","background-position":"center center","background-size":"auto","background-attachment":"scroll","background-type":"","background-media":"","overlay-type":"","overlay-color":"","overlay-opacity":"","overlay-gradient":""}},"footnotes":""},"categories":[366,1,29],"tags":[],"class_list":["post-12904","post","type-post","status-publish","format-standard","has-post-thumbnail","hentry","category-catskills","category-general","category-portada"],"post_mailing_queue_ids":[],"_links":{"self":[{"href":"https:\/\/projectes.xtec.cat\/impulsfp\/wp-json\/wp\/v2\/posts\/12904","targetHints":{"allow":["GET"]}}],"collection":[{"href":"https:\/\/projectes.xtec.cat\/impulsfp\/wp-json\/wp\/v2\/posts"}],"about":[{"href":"https:\/\/projectes.xtec.cat\/impulsfp\/wp-json\/wp\/v2\/types\/post"}],"author":[{"embeddable":true,"href":"https:\/\/projectes.xtec.cat\/impulsfp\/wp-json\/wp\/v2\/users\/1"}],"replies":[{"embeddable":true,"href":"https:\/\/projectes.xtec.cat\/impulsfp\/wp-json\/wp\/v2\/comments?post=12904"}],"version-history":[{"count":1,"href":"https:\/\/projectes.xtec.cat\/impulsfp\/wp-json\/wp\/v2\/posts\/12904\/revisions"}],"predecessor-version":[{"id":12908,"href":"https:\/\/projectes.xtec.cat\/impulsfp\/wp-json\/wp\/v2\/posts\/12904\/revisions\/12908"}],"wp:featuredmedia":[{"embeddable":true,"href":"https:\/\/projectes.xtec.cat\/impulsfp\/wp-json\/wp\/v2\/media\/12907"}],"wp:attachment":[{"href":"https:\/\/projectes.xtec.cat\/impulsfp\/wp-json\/wp\/v2\/media?parent=12904"}],"wp:term":[{"taxonomy":"category","embeddable":true,"href":"https:\/\/projectes.xtec.cat\/impulsfp\/wp-json\/wp\/v2\/categories?post=12904"},{"taxonomy":"post_tag","embeddable":true,"href":"https:\/\/projectes.xtec.cat\/impulsfp\/wp-json\/wp\/v2\/tags?post=12904"}],"curies":[{"name":"wp","href":"https:\/\/api.w.org\/{rel}","templated":true}]}}