{"id":9846,"date":"2020-05-24T09:49:54","date_gmt":"2020-05-24T07:49:54","guid":{"rendered":"https:\/\/projectes.xtec.cat\/impulsfp\/?p=9846"},"modified":"2020-05-24T09:49:54","modified_gmt":"2020-05-24T07:49:54","slug":"jornada-de-portes-obertes-programa-qualitat-i-millora-continua","status":"publish","type":"post","link":"https:\/\/projectes.xtec.cat\/impulsfp\/general\/jornada-de-portes-obertes-programa-qualitat-i-millora-continua\/","title":{"rendered":"Jornada de portes obertes programa qualitat i millora continua"},"content":{"rendered":"<p><a href=\"https:\/\/projectes.xtec.cat\/impulsfp\/wp-content\/uploads\/usu2078\/2020\/05\/Captura-de-pantalla-2020-05-24-a-las-9.48.49.png\"><img loading=\"lazy\" decoding=\"async\" class=\"alignnone  wp-image-9847\" src=\"https:\/\/projectes.xtec.cat\/impulsfp\/wp-content\/uploads\/usu2078\/2020\/05\/Captura-de-pantalla-2020-05-24-a-las-9.48.49-1024x420.png\" alt=\"\" width=\"528\" height=\"216\" srcset=\"https:\/\/projectes.xtec.cat\/impulsfp\/wp-content\/uploads\/usu2078\/2020\/05\/Captura-de-pantalla-2020-05-24-a-las-9.48.49-1024x420.png 1024w, https:\/\/projectes.xtec.cat\/impulsfp\/wp-content\/uploads\/usu2078\/2020\/05\/Captura-de-pantalla-2020-05-24-a-las-9.48.49-300x123.png 300w, https:\/\/projectes.xtec.cat\/impulsfp\/wp-content\/uploads\/usu2078\/2020\/05\/Captura-de-pantalla-2020-05-24-a-las-9.48.49-768x315.png 768w\" sizes=\"auto, (max-width: 528px) 100vw, 528px\" \/><\/a><\/p>\n<p><strong>ADRE\u00c7ADA A PROFESSORAT, CENTRES EDUCATIUS I D\u2019ALTRES ORGANITZACIONS<\/strong><\/p>\n<p><strong>Curs 2019-20<\/strong><\/p>\n<p>28 de maig de 2020<\/p>\n<p><strong>Xarxa de centres E5 del PQiMC<\/strong><\/p>\n<p>La Jornada de Portes Obertes t\u00e9 el doble objectiu de, per una banda, mostrar\u00a0<strong>les avantatges d\u2019implementar models internacionals de sistemes de gesti\u00f3 de les organitzacions<\/strong>, i d\u2019altra banda oferir als centres educatius que ho desitgin, i tamb\u00e9 a les empreses i institucions del territori,\u00a0<strong>suport, orientaci\u00f3 i formaci\u00f3 per acompanyar-los en la millora de la gesti\u00f3 de les seves organitzacions<\/strong>.<\/p>\n<p>Els motius que poden conduir a una organitzaci\u00f3 a implementar una estrat\u00e8gia de desenvolupar un model de sistema de gesti\u00f3 de qualitat, tals com\u00a0<strong>la norma ISO 9001 o el model d\u2019excel\u00b7l\u00e8ncia e2cat<\/strong>, poden ser diversos. Per exemple l\u2019inter\u00e8s en millorar l\u2019efic\u00e0cia i efici\u00e8ncia dels seus processos, augmentar la satisfacci\u00f3 dels seus grups d\u2019inter\u00e8s, o b\u00e9 demostrar a tercers que l\u2019organitzaci\u00f3 compta amb un sistema de gesti\u00f3 que li proporciona una base s\u00f2lida per acomplir amb els compromisos, encetar nous projectes i mantenir un desenvolupament sostenible. Tot l\u2019anterior acreditat per una organitzaci\u00f3 certificadora independent.<\/p>\n<p><strong>PROGRAMA DE LA JORNADA<\/strong><\/p>\n<p><strong>10:00 h Presentaci\u00f3 de la Jornada<\/strong><\/p>\n<p><strong>10:15 h<\/strong>\u00a0<strong>Presentaci\u00f3 del sistema de gesti\u00f3 de la qualitat<\/strong><\/p>\n<p><strong>10:45\u00a0h Les normes de gesti\u00f3 de refer\u00e8ncia al centre i bones pr\u00e0ctiques del sistema de gesti\u00f3<\/strong><\/p>\n<p><strong>11:15 h Descans<\/strong><\/p>\n<p><strong>11.30 h Exemples de bones pr\u00e0ctiques del centre<\/strong><\/p>\n<p><strong>12:30 h Els reptes de futur del centre<\/strong><\/p>\n<p><strong>12.45\u00a0h Precs i preguntes<\/strong><\/p>\n<p><strong>13:00\u00a0h Final de la jornada<\/strong><\/p>\n<p><strong>Nota<\/strong>: consulteu el programa espec\u00edfic per a cada centre<\/p>\n<p><a href=\"https:\/\/projectes.xtec.cat\/qualitatfp\/wp-content\/uploads\/usu772\/2020\/05\/Cartell_Gesti%C3%B3_qualitat_2020.pdf\">Cartell de la III Jornada de Portes Obertes de la Qualitat<\/a><\/p>\n<p><strong>CENTRES PARTICIPANTS A LA JORNADA DE PORTES OBERTES<\/strong><\/p>\n<p>Els centres que ofereixen aquest servei s\u00f3n alguns dels Instituts del Projecte de Qualitat i Millora Cont\u00ednua que m\u00e9s han avan\u00e7at en el desenvolupament de sistemes de gesti\u00f3 de la qualitat.<\/p>\n<p><strong>LLISTAT DE CENTRES QUE REALITZEN LA III JORNADA DE PORTES OBERTES DE LA QUALITAT<\/strong><\/p>\n<p><a href=\"https:\/\/www.google.com\/url?q=https%3A%2F%2Fsites.google.com%2Fxtec.cat%2Fpqimc-portesobertes%2Fcentres%2Finstitut-baix-camp%3Fauthuser%3D0&amp;sa=D&amp;sntz=1&amp;usg=AFQjCNG34N8WJMiAFgK5BPMGSHGHei-AEA\">Institut Baix Camp de Reus<\/a><\/p>\n<p><a href=\"https:\/\/www.google.com\/url?q=https%3A%2F%2Fsites.google.com%2Fxtec.cat%2Fpqimc-portesobertes%2Fcentres%2Finstitut-bernat-el-ferrer%3Fauthuser%3D0&amp;sa=D&amp;sntz=1&amp;usg=AFQjCNFSl5U-YEF3nbW1M-CXp1riz58i9A\">Institut Bernat el Ferrer de Molins de Rei<\/a><\/p>\n<p><a href=\"https:\/\/www.google.com\/url?q=https%3A%2F%2Fsites.google.com%2Fxtec.cat%2Fpqimc-portesobertes%2Fcentres%2Finstitut-bonanova%3Fauthuser%3D0&amp;sa=D&amp;sntz=1&amp;usg=AFQjCNGLLkpRqebv8p8ju2QVeQT11MMQtg\">Institut Bonanova de Barcelona<\/a><\/p>\n<p><a href=\"https:\/\/www.google.com\/url?q=https%3A%2F%2Fsites.google.com%2Fxtec.cat%2Fpqimc-portesobertes%2Fcentres%2Fins-cal%25C3%25ADpolis-ins-pere-martell%3Fauthuser%3D0&amp;sa=D&amp;sntz=1&amp;usg=AFQjCNHsXbAILNYufFgfCQx10gs5coFCIg\">Institut Cal\u00b7l\u00edpolis \/ Institut Pere Martell de Tarragona<\/a><\/p>\n<p><a href=\"https:\/\/www.google.com\/url?q=https%3A%2F%2Fsites.google.com%2Fxtec.cat%2Fpqimc-portesobertes%2Fcentres%2Finstitut-carles-vallbona%3Fauthuser%3D0&amp;sa=D&amp;sntz=1&amp;usg=AFQjCNEjEYFIDx1w8qFZh4FRQnoaDDCBAw\">Institut Carles Vallbona de Granollers<\/a><\/p>\n<p><a href=\"https:\/\/www.google.com\/url?q=https%3A%2F%2Fsites.google.com%2Fxtec.cat%2Fpqimc-portesobertes%2Fcentres%2Finstitut-comte-de-rius%3Fauthuser%3D0&amp;sa=D&amp;sntz=1&amp;usg=AFQjCNG7uxSc3lO2EU-1oeUdeaLGVcUKtw\">Institut Comte de Rius de Tarragona<\/a><\/p>\n<p><a href=\"https:\/\/www.google.com\/url?q=https%3A%2F%2Fsites.google.com%2Fxtec.cat%2Fpqimc-portesobertes%2Fcentres%2Finstitut-esteve-terradas-i-illa%3Fauthuser%3D0&amp;sa=D&amp;sntz=1&amp;usg=AFQjCNFPQnT5PnWdHYBm97ngTm7Ektw4fw\">Institut Esteve Terradas i Illa de Cornell\u00e0 de Llobregat<\/a><\/p>\n<p><a href=\"https:\/\/www.google.com\/url?q=https%3A%2F%2Fsites.google.com%2Fxtec.cat%2Fpqimc-portesobertes%2Fcentres%2Finstitut-nicolau-cop%25C3%25A8rnic%3Fauthuser%3D0&amp;sa=D&amp;sntz=1&amp;usg=AFQjCNG65BEWXc24dPW2EEZrxag7c928nQ\">Institut Nicolau Cop\u00e8rnic de Terrassa<\/a><\/p>\n<p><a href=\"https:\/\/www.google.com\/url?q=https%3A%2F%2Fsites.google.com%2Fxtec.cat%2Fpqimc-portesobertes%2Fcentres%2Finstitut-pous-i-argila%3Fauthuser%3D0&amp;sa=D&amp;sntz=1&amp;usg=AFQjCNFhiTGKJq-xYtC15hJV4nyHWIvZ1g\">Institut Pous i Argila de Manlleu<\/a><\/p>\n","protected":false},"excerpt":{"rendered":"<p>ADRE\u00c7ADA A PROFESSORAT, CENTRES EDUCATIUS I D\u2019ALTRES ORGANITZACIONS Curs 2019-20 28 de maig de 2020 Xarxa de centres E5 del PQiMC La Jornada de Portes Obertes t\u00e9 el doble objectiu de, per una banda, mostrar\u00a0les avantatges d\u2019implementar models internacionals de sistemes de gesti\u00f3 de les organitzacions, i d\u2019altra banda oferir als centres educatius que ho [&hellip;]<\/p>\n","protected":false},"author":1,"featured_media":9847,"comment_status":"closed","ping_status":"closed","sticky":false,"template":"","format":"standard","meta":{"site-sidebar-layout":"default","site-content-layout":"","ast-site-content-layout":"","site-content-style":"default","site-sidebar-style":"default","ast-global-header-display":"","ast-banner-title-visibility":"","ast-main-header-display":"","ast-hfb-above-header-display":"","ast-hfb-below-header-display":"","ast-hfb-mobile-header-display":"","site-post-title":"","ast-breadcrumbs-content":"","ast-featured-img":"","footer-sml-layout":"","theme-transparent-header-meta":"","adv-header-id-meta":"","stick-header-meta":"","header-above-stick-meta":"","header-main-stick-meta":"","header-below-stick-meta":"","astra-migrate-meta-layouts":"default","ast-page-background-enabled":"default","ast-page-background-meta":{"desktop":{"background-color":"var(--ast-global-color-4)","background-image":"","background-repeat":"repeat","background-position":"center center","background-size":"auto","background-attachment":"scroll","background-type":"","background-media":"","overlay-type":"","overlay-color":"","overlay-opacity":"","overlay-gradient":""},"tablet":{"background-color":"","background-image":"","background-repeat":"repeat","background-position":"center center","background-size":"auto","background-attachment":"scroll","background-type":"","background-media":"","overlay-type":"","overlay-color":"","overlay-opacity":"","overlay-gradient":""},"mobile":{"background-color":"","background-image":"","background-repeat":"repeat","background-position":"center center","background-size":"auto","background-attachment":"scroll","background-type":"","background-media":"","overlay-type":"","overlay-color":"","overlay-opacity":"","overlay-gradient":""}},"ast-content-background-meta":{"desktop":{"background-color":"var(--ast-global-color-5)","background-image":"","background-repeat":"repeat","background-position":"center center","background-size":"auto","background-attachment":"scroll","background-type":"","background-media":"","overlay-type":"","overlay-color":"","overlay-opacity":"","overlay-gradient":""},"tablet":{"background-color":"var(--ast-global-color-5)","background-image":"","background-repeat":"repeat","background-position":"center center","background-size":"auto","background-attachment":"scroll","background-type":"","background-media":"","overlay-type":"","overlay-color":"","overlay-opacity":"","overlay-gradient":""},"mobile":{"background-color":"var(--ast-global-color-5)","background-image":"","background-repeat":"repeat","background-position":"center center","background-size":"auto","background-attachment":"scroll","background-type":"","background-media":"","overlay-type":"","overlay-color":"","overlay-opacity":"","overlay-gradient":""}},"footnotes":""},"categories":[1],"tags":[],"class_list":["post-9846","post","type-post","status-publish","format-standard","has-post-thumbnail","hentry","category-general"],"post_mailing_queue_ids":[],"_links":{"self":[{"href":"https:\/\/projectes.xtec.cat\/impulsfp\/wp-json\/wp\/v2\/posts\/9846","targetHints":{"allow":["GET"]}}],"collection":[{"href":"https:\/\/projectes.xtec.cat\/impulsfp\/wp-json\/wp\/v2\/posts"}],"about":[{"href":"https:\/\/projectes.xtec.cat\/impulsfp\/wp-json\/wp\/v2\/types\/post"}],"author":[{"embeddable":true,"href":"https:\/\/projectes.xtec.cat\/impulsfp\/wp-json\/wp\/v2\/users\/1"}],"replies":[{"embeddable":true,"href":"https:\/\/projectes.xtec.cat\/impulsfp\/wp-json\/wp\/v2\/comments?post=9846"}],"version-history":[{"count":1,"href":"https:\/\/projectes.xtec.cat\/impulsfp\/wp-json\/wp\/v2\/posts\/9846\/revisions"}],"predecessor-version":[{"id":9848,"href":"https:\/\/projectes.xtec.cat\/impulsfp\/wp-json\/wp\/v2\/posts\/9846\/revisions\/9848"}],"wp:featuredmedia":[{"embeddable":true,"href":"https:\/\/projectes.xtec.cat\/impulsfp\/wp-json\/wp\/v2\/media\/9847"}],"wp:attachment":[{"href":"https:\/\/projectes.xtec.cat\/impulsfp\/wp-json\/wp\/v2\/media?parent=9846"}],"wp:term":[{"taxonomy":"category","embeddable":true,"href":"https:\/\/projectes.xtec.cat\/impulsfp\/wp-json\/wp\/v2\/categories?post=9846"},{"taxonomy":"post_tag","embeddable":true,"href":"https:\/\/projectes.xtec.cat\/impulsfp\/wp-json\/wp\/v2\/tags?post=9846"}],"curies":[{"name":"wp","href":"https:\/\/api.w.org\/{rel}","templated":true}]}}