{"id":9999,"date":"2020-07-12T01:52:25","date_gmt":"2020-07-11T23:52:25","guid":{"rendered":"https:\/\/projectes.xtec.cat\/impulsfp\/?p=9999"},"modified":"2020-09-08T14:25:17","modified_gmt":"2020-09-08T12:25:17","slug":"vull-obrir-portes-vull-dibuixar-lhoritzo","status":"publish","type":"post","link":"https:\/\/projectes.xtec.cat\/impulsfp\/general\/vull-obrir-portes-vull-dibuixar-lhoritzo\/","title":{"rendered":"Vull obrir portes, vull dibuixar l&#8217;horitz\u00f3"},"content":{"rendered":"<p><em>En 3ro de la ESO me dijeron que ni me planteara hacer bachiller&#8230;.<\/em><\/p>\n<p><a href=\"https:\/\/projectes.xtec.cat\/impulsfp\/wp-content\/uploads\/usu2078\/2020\/07\/Ea3iS9eWsAERNpe.jpeg\"><img loading=\"lazy\" decoding=\"async\" class=\"wp-image-10000 aligncenter\" src=\"https:\/\/projectes.xtec.cat\/impulsfp\/wp-content\/uploads\/usu2078\/2020\/07\/Ea3iS9eWsAERNpe-768x1024.jpeg\" alt=\"\" width=\"425\" height=\"567\" srcset=\"https:\/\/projectes.xtec.cat\/impulsfp\/wp-content\/uploads\/usu2078\/2020\/07\/Ea3iS9eWsAERNpe-768x1024.jpeg 768w, https:\/\/projectes.xtec.cat\/impulsfp\/wp-content\/uploads\/usu2078\/2020\/07\/Ea3iS9eWsAERNpe-225x300.jpeg 225w, https:\/\/projectes.xtec.cat\/impulsfp\/wp-content\/uploads\/usu2078\/2020\/07\/Ea3iS9eWsAERNpe.jpeg 1536w\" sizes=\"auto, (max-width: 425px) 100vw, 425px\" \/><\/a><\/p>\n<p style=\"text-align: justify;\">Fa uns dies em va arribar un tweet amb una foto on un noi mostrava orgull\u00f3s el seu t\u00edtol de batxillerat sota una frase que, en resum, venia a dir que el centre educatiu el va prejutjar i el va considerar incapa\u00e7 de donar m\u00e9s de s\u00ed.\u00a0\u00d2bviament,\u00a0no conec tota la hist\u00f2ria, i segurament el centre i concretament l&#8217;equip docent del curs, veient el rendiment de l&#8217;alumne en aquella \u00e8poca,\u00a0degu\u00e9\u00a0veure-hi poques possibilitats. Per tant, no podem jutjar amb una foto i un titular all\u00f2 que va passar.<\/p>\n<p>Aix\u00ed i tot,\u00a0la hist\u00f2ria em va colpir\u00a0perqu\u00e8\u00a0no \u00e9s la primera vegada que escolto una &#8220;m\u00fasica&#8221; similar i he conegut\u00a0algun\u00a0cas\u00a0de prop\u00a0on s\u00e9\u00a0que un docent amb poca\u00a0m\u00e0\u00a0esquerra, i segurament amb poc encert, va prejutjar a un estudiant, augurant-li un futur desastr\u00f3s. Actualment, aquest estudiant\u00a0 \u00e9s un adult amb titulaci\u00f3 universit\u00e0ria, algun m\u00e0ster, i ocupa un c\u00e0rrec en una instituci\u00f3 educativa de prestigi.<\/p>\n<p>Tamb\u00e9, no fa molt, quan des de la unitat d&#8217;ImpulsFP\u00a0vam decidir organitzar la\u00a0<span class=\"hiddenGrammarError\">1\u00aa<\/span>\u00a0mostra\u00a0online\u00a0perqu\u00e8\u00a0vam veure que el nostre deure era donar servei als docents i a l&#8217;alumnat. Ja llavors vam escoltar alguna veu cr\u00edtica que ens deia que, amb la que estava\u00a0caient, qu\u00e8\u00a0f\u00e8iem\u00a0organitzant esdeveniments si amb prou\u00a0feines\u00a0en els centres podien fer les classes\u00a0online\u00a0i els docents anaven &#8220;perseguint alumnes&#8221; per no perdre&#8217;ls\u00a0en un\u00a0moment\u00a0tan delicat.<\/p>\n<p>Aquests dos fets\u00a0em van fer reflexionar en quina hauria de ser la missi\u00f3 d&#8217;un docent i, per extensi\u00f3, la missi\u00f3 de la unitat d&#8217;ImpulsFP. I no vull parlar de la missi\u00f3 que\u00a0trobar\u00edem\u00a0en el dossier o pla de treball si no en aquella que va a l&#8217;arrel, a l&#8217;\u00e0nima. Vaig recordar el dia que vaig decidir esdevindre docent. Qu\u00e8 era all\u00f2 que va despertar en mi i que va encendre una flama que,\u00a0a dia d&#8217;avui,\u00a0es mant\u00e9 encesa. La missi\u00f3 d&#8217;un docent \u00e9s obrir portes, mai tancar-les. \u00c9s veure en aquell noi o noia que s&#8217;arrepenja al pupitre i que sembla distret\/a\u00a0el futur en maj\u00fascules. Saber que all\u00e0, en algun rac\u00f3 del seu interior,\u00a0romanen\u00a0unes\u00a0potencialitats\u00a0que, en molts casos, ell o ella desconeix. I per tant, necessita\u00a0la\u00a0meva ajuda per descobrir-les. En el cas de l&#8217;FP, on molts cops ens trobem un alumnat amb una autoestima sota m\u00ednims, encara es fa m\u00e9s palesa aquesta necessitat\u00a0que\u00a0alg\u00fa els obri\u00a0portes.<\/p>\n<p>La unitat d&#8217;ImpulsFP\u00a0neix amb aquesta vocaci\u00f3. \u00c9s una unitat que entre altres coses t\u00e9 la missi\u00f3 d&#8217;ajudar als centres i als docents a impulsar l&#8217;FP. A accelerar el canvi,\u00a0per a que\u00a0els nostres estudiants trobin les oportunitats que necessiten per esdevindre el futur, que tots volem i necessitem. Aquesta vocaci\u00f3 de servei\u00a0\u00e9s\u00a0el cor que batega en totes les accions que proposem als centres. Sentim com a propis cadascun dels estudiants que passen per les aules i volem posar el nostre granet de sorra per fer m\u00e9s f\u00e0cil aquesta tasca tan important com apassionat que\u00a0\u00e9s crear\u00a0un model educatiu que o<span class=\"hiddenSpellError\">bri<\/span>\u00a0portes, que dibuixi un horitz\u00f3 esperan\u00e7ador.<\/p>\n<p>Ara, a punt d&#8217;arribar a la segona quinzena de juliol, encara ens trobem treballant intensament per ajustar programes, calendaris i activitats pel curs 2020-21. Ho fem amb la il\u00b7lusi\u00f3 i l&#8217;esperan\u00e7a de poder ajudar i fer costat als centres d&#8217;FP que necessiten sentir-nos\u00a0a prop\u00a0m\u00e9s que mai.<\/p>\n<p>Bon estiu i bon descans!!<\/p>\n<p>Josep\u00a0<span class=\"hiddenSpellError\">Moratal<\/span><\/p>\n<p>Coordinaci\u00f3\u00a0<span class=\"hiddenSpellError\">impulsFP<\/span><\/p>\n","protected":false},"excerpt":{"rendered":"<p>En 3ro de la ESO me dijeron que ni me planteara hacer bachiller&#8230;. Fa uns dies em va arribar un tweet amb una foto on un noi mostrava orgull\u00f3s el seu t\u00edtol de batxillerat sota una frase que, en resum, venia a dir que el centre educatiu el va prejutjar i el va considerar incapa\u00e7 [&hellip;]<\/p>\n","protected":false},"author":1,"featured_media":10000,"comment_status":"closed","ping_status":"closed","sticky":false,"template":"","format":"standard","meta":{"site-sidebar-layout":"default","site-content-layout":"","ast-site-content-layout":"","site-content-style":"default","site-sidebar-style":"default","ast-global-header-display":"","ast-banner-title-visibility":"","ast-main-header-display":"","ast-hfb-above-header-display":"","ast-hfb-below-header-display":"","ast-hfb-mobile-header-display":"","site-post-title":"","ast-breadcrumbs-content":"","ast-featured-img":"","footer-sml-layout":"","theme-transparent-header-meta":"","adv-header-id-meta":"","stick-header-meta":"","header-above-stick-meta":"","header-main-stick-meta":"","header-below-stick-meta":"","astra-migrate-meta-layouts":"default","ast-page-background-enabled":"default","ast-page-background-meta":{"desktop":{"background-color":"var(--ast-global-color-4)","background-image":"","background-repeat":"repeat","background-position":"center center","background-size":"auto","background-attachment":"scroll","background-type":"","background-media":"","overlay-type":"","overlay-color":"","overlay-opacity":"","overlay-gradient":""},"tablet":{"background-color":"","background-image":"","background-repeat":"repeat","background-position":"center center","background-size":"auto","background-attachment":"scroll","background-type":"","background-media":"","overlay-type":"","overlay-color":"","overlay-opacity":"","overlay-gradient":""},"mobile":{"background-color":"","background-image":"","background-repeat":"repeat","background-position":"center center","background-size":"auto","background-attachment":"scroll","background-type":"","background-media":"","overlay-type":"","overlay-color":"","overlay-opacity":"","overlay-gradient":""}},"ast-content-background-meta":{"desktop":{"background-color":"var(--ast-global-color-5)","background-image":"","background-repeat":"repeat","background-position":"center center","background-size":"auto","background-attachment":"scroll","background-type":"","background-media":"","overlay-type":"","overlay-color":"","overlay-opacity":"","overlay-gradient":""},"tablet":{"background-color":"var(--ast-global-color-5)","background-image":"","background-repeat":"repeat","background-position":"center center","background-size":"auto","background-attachment":"scroll","background-type":"","background-media":"","overlay-type":"","overlay-color":"","overlay-opacity":"","overlay-gradient":""},"mobile":{"background-color":"var(--ast-global-color-5)","background-image":"","background-repeat":"repeat","background-position":"center center","background-size":"auto","background-attachment":"scroll","background-type":"","background-media":"","overlay-type":"","overlay-color":"","overlay-opacity":"","overlay-gradient":""}},"footnotes":""},"categories":[1],"tags":[],"class_list":["post-9999","post","type-post","status-publish","format-standard","has-post-thumbnail","hentry","category-general"],"post_mailing_queue_ids":[],"_links":{"self":[{"href":"https:\/\/projectes.xtec.cat\/impulsfp\/wp-json\/wp\/v2\/posts\/9999","targetHints":{"allow":["GET"]}}],"collection":[{"href":"https:\/\/projectes.xtec.cat\/impulsfp\/wp-json\/wp\/v2\/posts"}],"about":[{"href":"https:\/\/projectes.xtec.cat\/impulsfp\/wp-json\/wp\/v2\/types\/post"}],"author":[{"embeddable":true,"href":"https:\/\/projectes.xtec.cat\/impulsfp\/wp-json\/wp\/v2\/users\/1"}],"replies":[{"embeddable":true,"href":"https:\/\/projectes.xtec.cat\/impulsfp\/wp-json\/wp\/v2\/comments?post=9999"}],"version-history":[{"count":4,"href":"https:\/\/projectes.xtec.cat\/impulsfp\/wp-json\/wp\/v2\/posts\/9999\/revisions"}],"predecessor-version":[{"id":10016,"href":"https:\/\/projectes.xtec.cat\/impulsfp\/wp-json\/wp\/v2\/posts\/9999\/revisions\/10016"}],"wp:featuredmedia":[{"embeddable":true,"href":"https:\/\/projectes.xtec.cat\/impulsfp\/wp-json\/wp\/v2\/media\/10000"}],"wp:attachment":[{"href":"https:\/\/projectes.xtec.cat\/impulsfp\/wp-json\/wp\/v2\/media?parent=9999"}],"wp:term":[{"taxonomy":"category","embeddable":true,"href":"https:\/\/projectes.xtec.cat\/impulsfp\/wp-json\/wp\/v2\/categories?post=9999"},{"taxonomy":"post_tag","embeddable":true,"href":"https:\/\/projectes.xtec.cat\/impulsfp\/wp-json\/wp\/v2\/tags?post=9999"}],"curies":[{"name":"wp","href":"https:\/\/api.w.org\/{rel}","templated":true}]}}